{"id":4552,"date":"2021-05-21T10:13:00","date_gmt":"2021-05-21T10:13:00","guid":{"rendered":"https:\/\/kaniel-agency.com\/?p=4552"},"modified":"2022-03-01T10:13:09","modified_gmt":"2022-03-01T10:13:09","slug":"the-best-design-et-decoration-dinterieur","status":"publish","type":"post","link":"https:\/\/kaniel-agency.com\/fr\/the-best-design-et-decoration-dinterieur\/","title":{"rendered":"&lsquo;The best of the best&rsquo; en design et d\u00e9coration d\u2019int\u00e9rieur"},"content":{"rendered":"\n\n<div class=\"kk-star-ratings kksr-auto kksr-align-left kksr-valign-top\"\n    data-payload='{&quot;align&quot;:&quot;left&quot;,&quot;id&quot;:&quot;4552&quot;,&quot;slug&quot;:&quot;default&quot;,&quot;valign&quot;:&quot;top&quot;,&quot;ignore&quot;:&quot;&quot;,&quot;reference&quot;:&quot;auto&quot;,&quot;class&quot;:&quot;&quot;,&quot;count&quot;:&quot;0&quot;,&quot;legendonly&quot;:&quot;&quot;,&quot;readonly&quot;:&quot;&quot;,&quot;score&quot;:&quot;0&quot;,&quot;starsonly&quot;:&quot;&quot;,&quot;best&quot;:&quot;5&quot;,&quot;gap&quot;:&quot;4&quot;,&quot;greet&quot;:&quot;Rate this post&quot;,&quot;legend&quot;:&quot;0\\\/5 - (0 vote)&quot;,&quot;size&quot;:&quot;20&quot;,&quot;title&quot;:&quot;\\u0026#039;The best of the best\\u0026#039; en design et d\u00e9coration d\u2019int\u00e9rieur&quot;,&quot;width&quot;:&quot;0&quot;,&quot;_legend&quot;:&quot;{score}\\\/{best} - ({count} {votes})&quot;,&quot;font_factor&quot;:&quot;1.25&quot;}'>\n            \n<div class=\"kksr-stars\">\n    \n<div class=\"kksr-stars-inactive\">\n            <div class=\"kksr-star\" data-star=\"1\" style=\"padding-right: 4px\">\n            \n\n<div class=\"kksr-icon\" style=\"width: 20px; height: 20px;\"><\/div>\n        <\/div>\n            <div class=\"kksr-star\" data-star=\"2\" style=\"padding-right: 4px\">\n            \n\n<div class=\"kksr-icon\" style=\"width: 20px; height: 20px;\"><\/div>\n        <\/div>\n            <div class=\"kksr-star\" data-star=\"3\" style=\"padding-right: 4px\">\n            \n\n<div class=\"kksr-icon\" style=\"width: 20px; height: 20px;\"><\/div>\n        <\/div>\n            <div class=\"kksr-star\" data-star=\"4\" style=\"padding-right: 4px\">\n            \n\n<div class=\"kksr-icon\" style=\"width: 20px; height: 20px;\"><\/div>\n        <\/div>\n            <div class=\"kksr-star\" data-star=\"5\" style=\"padding-right: 4px\">\n            \n\n<div class=\"kksr-icon\" style=\"width: 20px; height: 20px;\"><\/div>\n        <\/div>\n    <\/div>\n    \n<div class=\"kksr-stars-active\" style=\"width: 0px;\">\n            <div class=\"kksr-star\" style=\"padding-right: 4px\">\n            \n\n<div class=\"kksr-icon\" style=\"width: 20px; height: 20px;\"><\/div>\n        <\/div>\n            <div class=\"kksr-star\" style=\"padding-right: 4px\">\n            \n\n<div class=\"kksr-icon\" style=\"width: 20px; height: 20px;\"><\/div>\n        <\/div>\n            <div class=\"kksr-star\" style=\"padding-right: 4px\">\n            \n\n<div class=\"kksr-icon\" style=\"width: 20px; height: 20px;\"><\/div>\n        <\/div>\n            <div class=\"kksr-star\" style=\"padding-right: 4px\">\n            \n\n<div class=\"kksr-icon\" style=\"width: 20px; height: 20px;\"><\/div>\n        <\/div>\n            <div class=\"kksr-star\" style=\"padding-right: 4px\">\n            \n\n<div class=\"kksr-icon\" style=\"width: 20px; height: 20px;\"><\/div>\n        <\/div>\n    <\/div>\n<\/div>\n                \n\n<div class=\"kksr-legend\" style=\"font-size: 16px;\">\n            <span class=\"kksr-muted\">Rate this post<\/span>\n    <\/div>\n    <\/div>\n\n<p class=\"wp-block-paragraph\">Ce mois de mai, nous voulons vous surprendre. Nous allons le faire en vous pr\u00e9sentant <strong>les r\u00e9f\u00e9rences \u00ab\u00a0the best of the best&rsquo; dans le design et la d\u00e9coration d\u2019int\u00e9rieur<\/strong> que nous vous proposons dans <a href=\"\/fr\/catalogue-decoration-meubles\/\" target=\"_blank\" rel=\"noreferrer noopener\">nos catalogues <\/a>&nbsp;de marques europ\u00e9ennes de d\u00e9coration d\u2019int\u00e9rieur. Car chez Kaniel agency <strong>nous croyons au style et au bon go\u00fbt<\/strong> ; sans eux, il est presque impossible de cr\u00e9er des espaces de r\u00eave authentiques admir\u00e9s par tous.&nbsp;<\/p>\n\n\n\n<p class=\"wp-block-paragraph\">Comme disait Yves Saint Laurent, cr\u00e9ateur de mode et homme d&rsquo;affaires, \u00ab\u00a0les tendances disparaissent, le style est \u00e9ternel\u00a0\u00bb. Il est donc crucial de savoir quelle pi\u00e8ce choisir, quelle couleur, quelle forme et o\u00f9 la placer <strong>pour atteindre avec succ\u00e8s la composition<\/strong> du design d\u2019int\u00e9rieur.<\/p>\n\n\n\n<p class=\"wp-block-paragraph\">Chez <a href=\"\/fr\/\">Kaniel Agency<\/a>, nous avons dress\u00e9 une liste de <strong>nos produits stars<\/strong> de certaines de nos marques dont nous sommes les repr\u00e9sentants. Nous vous aidons \u00e0 cr\u00e9er des environnements uniques et beaux pour donner forme \u00e0 vos projets.<\/p>\n\n\n\n<h2 class=\"wp-block-heading\">Quelques id\u00e9es et les top du design par Kaniel Agency<\/h2>\n\n\n\n<h3 class=\"wp-block-heading\">ROOT ROUND NAT de Dareels<\/h3>\n\n\n\n<p class=\"wp-block-paragraph\">Cette <strong>table aux racines naturelles en bois de teck et de fer<\/strong> est une r\u00e9ussite pour ceux qui cherchent \u00e0 concevoir un espace unique \u00e0 caract\u00e8re intemporelle. Cet environnement que nous pr\u00e9sentons est compos\u00e9 d\u2019autres tables&nbsp;: BANJAR 40 BLACK, KALAK 50 BLACK et KALAK 60 BLACK. Elles sont faites \u00e0 la main \u00e0 partir <strong>de teck naturel recycl\u00e9<\/strong>, dont les imperfections parviennent \u00e0 leur apporter une personnalit\u00e9 propre.<\/p>\n\n\n\n<p class=\"wp-block-paragraph\">Articles parfaits pour ceux qui aiment le <strong>style rustique ou raw<\/strong> dans leurs s\u00e9jours.<\/p>\n\n\n\n<figure class=\"wp-block-gallery aligncenter has-nested-images columns-4 is-cropped wp-block-gallery-2 is-layout-flex wp-block-gallery-is-layout-flex\">\n<figure class=\"wp-block-image size-large\"><img fetchpriority=\"high\" decoding=\"async\" width=\"800\" height=\"522\" data-id=\"4523\" src=\"https:\/\/kaniel-agency.com\/wp-content\/uploads\/2021\/05\/dareels-1.jpg\" alt=\"\" class=\"wp-image-4523\" srcset=\"https:\/\/kaniel-agency.com\/wp-content\/uploads\/2021\/05\/dareels-1.jpg 800w, https:\/\/kaniel-agency.com\/wp-content\/uploads\/2021\/05\/dareels-1-300x196.jpg 300w, https:\/\/kaniel-agency.com\/wp-content\/uploads\/2021\/05\/dareels-1-768x501.jpg 768w\" sizes=\"(max-width: 800px) 100vw, 800px\" \/><\/figure>\n\n\n\n<figure class=\"wp-block-image size-large\"><img decoding=\"async\" width=\"800\" height=\"534\" data-id=\"4525\" src=\"https:\/\/kaniel-agency.com\/wp-content\/uploads\/2021\/05\/dareels-1.png\" alt=\"\" class=\"wp-image-4525\" srcset=\"https:\/\/kaniel-agency.com\/wp-content\/uploads\/2021\/05\/dareels-1.png 800w, https:\/\/kaniel-agency.com\/wp-content\/uploads\/2021\/05\/dareels-1-300x200.png 300w, https:\/\/kaniel-agency.com\/wp-content\/uploads\/2021\/05\/dareels-1-768x513.png 768w\" sizes=\"(max-width: 800px) 100vw, 800px\" \/><\/figure>\n\n\n\n<figure class=\"wp-block-image size-large\"><img decoding=\"async\" width=\"800\" height=\"534\" data-id=\"4527\" src=\"https:\/\/kaniel-agency.com\/wp-content\/uploads\/2021\/05\/dareels-2.png\" alt=\"\" class=\"wp-image-4527\" srcset=\"https:\/\/kaniel-agency.com\/wp-content\/uploads\/2021\/05\/dareels-2.png 800w, https:\/\/kaniel-agency.com\/wp-content\/uploads\/2021\/05\/dareels-2-300x200.png 300w, https:\/\/kaniel-agency.com\/wp-content\/uploads\/2021\/05\/dareels-2-768x513.png 768w\" sizes=\"(max-width: 800px) 100vw, 800px\" \/><\/figure>\n\n\n\n<figure class=\"wp-block-image size-large\"><img loading=\"lazy\" decoding=\"async\" width=\"800\" height=\"534\" data-id=\"4529\" src=\"https:\/\/kaniel-agency.com\/wp-content\/uploads\/2021\/05\/dareels-3.png\" alt=\"\" class=\"wp-image-4529\" srcset=\"https:\/\/kaniel-agency.com\/wp-content\/uploads\/2021\/05\/dareels-3.png 800w, https:\/\/kaniel-agency.com\/wp-content\/uploads\/2021\/05\/dareels-3-300x200.png 300w, https:\/\/kaniel-agency.com\/wp-content\/uploads\/2021\/05\/dareels-3-768x513.png 768w\" sizes=\"(max-width: 800px) 100vw, 800px\" \/><\/figure>\n<\/figure>\n\n\n\n<div class=\"wp-block-image\"><figure class=\"aligncenter size-large\"><img loading=\"lazy\" decoding=\"async\" width=\"800\" height=\"542\" src=\"https:\/\/kaniel-agency.com\/wp-content\/uploads\/2021\/05\/dareels-kaniel-agency-1.jpg\" alt=\"the-best-design-et-decoration-dinterieur\" class=\"wp-image-4533\" srcset=\"https:\/\/kaniel-agency.com\/wp-content\/uploads\/2021\/05\/dareels-kaniel-agency-1.jpg 800w, https:\/\/kaniel-agency.com\/wp-content\/uploads\/2021\/05\/dareels-kaniel-agency-1-300x203.jpg 300w, https:\/\/kaniel-agency.com\/wp-content\/uploads\/2021\/05\/dareels-kaniel-agency-1-768x520.jpg 768w\" sizes=\"(max-width: 800px) 100vw, 800px\" \/><\/figure><\/div>\n\n\n\n<h3 class=\"wp-block-heading\">Tapis KABILE de Ma Salgueiro<\/h3>\n\n\n\n<p class=\"wp-block-paragraph\"><strong>Les tapis<\/strong> sont des <strong>pi\u00e8ces fondamentales dans la d\u00e9coration<\/strong> de n\u2019importe quel espace. Ils pr\u00e9sentent de grands avantages, le principal \u00e9tant qu&rsquo;ils apportent de la chaleur \u00e0 l&rsquo;environnement. Leur choix ne doit pas \u00eatre laiss\u00e9 au hasard, car il aura une <strong>incidence sur<\/strong> <strong>l&rsquo;aspect g\u00e9n\u00e9ral de la pi\u00e8ce<\/strong>. C&rsquo;est pourquoi il faut tenir compte \u00e0 la fois de sa texture, de sa forme et de sa tonalit\u00e9 lorsqu&rsquo;on opte pour un type de tapis ou autre.<\/p>\n\n\n\n<p class=\"wp-block-paragraph\">Chez Kaniel Agency, nous comptons avec <a href=\"\/wp-content\/uploads\/2020\/04\/catalogo_2021_FINAL.pdf\" target=\"_blank\" rel=\"noreferrer noopener\">Ma Salgueiro<\/a>, une entreprise portugaise sp\u00e9cialis\u00e9e dans les tapis, une r\u00e9f\u00e9rence au niveau europ\u00e9en et dont nous sommes les repr\u00e9sentants aux \u00eeles Canaries.<\/p>\n\n\n\n<p class=\"wp-block-paragraph\">A cette occasion, nous voulons pr\u00e9senter le mod\u00e8le KABILE, id\u00e9al pour cr\u00e9er un <strong>design moderne et d\u00b4 avant-garde avec des teintes industrielles.<\/strong><\/p>\n\n\n\n<figure class=\"wp-block-gallery aligncenter has-nested-images columns-2 is-cropped wp-block-gallery-3 is-layout-flex wp-block-gallery-is-layout-flex\">\n<figure class=\"wp-block-image size-large\"><img loading=\"lazy\" decoding=\"async\" width=\"800\" height=\"533\" data-id=\"4537\" src=\"https:\/\/kaniel-agency.com\/wp-content\/uploads\/2021\/05\/kabile_detalhe_dobras-1.jpg\" alt=\"\" class=\"wp-image-4537\" srcset=\"https:\/\/kaniel-agency.com\/wp-content\/uploads\/2021\/05\/kabile_detalhe_dobras-1.jpg 800w, https:\/\/kaniel-agency.com\/wp-content\/uploads\/2021\/05\/kabile_detalhe_dobras-1-300x200.jpg 300w, https:\/\/kaniel-agency.com\/wp-content\/uploads\/2021\/05\/kabile_detalhe_dobras-1-768x512.jpg 768w\" sizes=\"(max-width: 800px) 100vw, 800px\" \/><\/figure>\n\n\n\n<figure class=\"wp-block-image size-large\"><img loading=\"lazy\" decoding=\"async\" width=\"800\" height=\"533\" data-id=\"4535\" src=\"https:\/\/kaniel-agency.com\/wp-content\/uploads\/2021\/05\/kabile_detalhe_conjunto-1.jpg\" alt=\"\" class=\"wp-image-4535\" srcset=\"https:\/\/kaniel-agency.com\/wp-content\/uploads\/2021\/05\/kabile_detalhe_conjunto-1.jpg 800w, https:\/\/kaniel-agency.com\/wp-content\/uploads\/2021\/05\/kabile_detalhe_conjunto-1-300x200.jpg 300w, https:\/\/kaniel-agency.com\/wp-content\/uploads\/2021\/05\/kabile_detalhe_conjunto-1-768x512.jpg 768w\" sizes=\"(max-width: 800px) 100vw, 800px\" \/><\/figure>\n\n\n\n<figure class=\"wp-block-image size-large\"><img loading=\"lazy\" decoding=\"async\" width=\"800\" height=\"927\" data-id=\"4539\" src=\"https:\/\/kaniel-agency.com\/wp-content\/uploads\/2021\/05\/kaniel-kabile-ma-salgueiro.jpg\" alt=\"\" class=\"wp-image-4539\" srcset=\"https:\/\/kaniel-agency.com\/wp-content\/uploads\/2021\/05\/kaniel-kabile-ma-salgueiro.jpg 800w, https:\/\/kaniel-agency.com\/wp-content\/uploads\/2021\/05\/kaniel-kabile-ma-salgueiro-259x300.jpg 259w, https:\/\/kaniel-agency.com\/wp-content\/uploads\/2021\/05\/kaniel-kabile-ma-salgueiro-768x890.jpg 768w\" sizes=\"(max-width: 800px) 100vw, 800px\" \/><\/figure>\n<\/figure>\n\n\n\n<h3 class=\"wp-block-heading\">Sof\u00e1 LAGOON de Incitta<\/h3>\n\n\n\n<p class=\"wp-block-paragraph\">Il est in\u00e9vitable de penser que notre mode de vie \u00e9volue au fil du temps et aujourd&rsquo;hui, apr\u00e8s une pand\u00e9mie, nous cherchons tous \u00e0 passer du temps \u00e0 l&rsquo;ext\u00e9rieur. C&rsquo;est pourquoi il <strong>est important de prendre soin de ces espaces et de concevoir des environnements de luxe et<\/strong> <strong>glamour<\/strong> o\u00f9 il est agr\u00e9able de passer du temps en famille et entre amis.<\/p>\n\n\n\n<p class=\"wp-block-paragraph\">Le jardin ou la terrasse doit \u00eatre compris comme une <strong>belle extension de toute maison ou<\/strong> <strong>\u00e9tablissement<\/strong>, il est donc important de l&rsquo;adapter \u00e0 un m\u00eame style dans la tendance. Dans ce sens, nous voulons profiter de l&rsquo;occasion pour vous pr\u00e9senter le canap\u00e9 LAGOON de <a href=\"\/wp-content\/uploads\/2020\/03\/CATALOGUE_2020_INCITTA_Outdoor_Furniture.pdf\" target=\"_blank\" rel=\"noreferrer noopener\">Incitta<\/a>.<\/p>\n\n\n\n<p class=\"wp-block-paragraph\">En noir et blanc, cette pi\u00e8ce d&rsquo;ext\u00e9rieur est parfaite pour cr\u00e9er <strong>des environnements attrayants et confortables.<\/strong><\/p>\n\n\n\n<div class=\"wp-block-image\"><figure class=\"aligncenter size-large\"><img loading=\"lazy\" decoding=\"async\" width=\"800\" height=\"525\" src=\"https:\/\/kaniel-agency.com\/wp-content\/uploads\/2021\/05\/incitta_sofa_Lagoon_arriere.jpg\" alt=\"design-et-decoration-dinterieur\" class=\"wp-image-4542\" srcset=\"https:\/\/kaniel-agency.com\/wp-content\/uploads\/2021\/05\/incitta_sofa_Lagoon_arriere.jpg 800w, https:\/\/kaniel-agency.com\/wp-content\/uploads\/2021\/05\/incitta_sofa_Lagoon_arriere-300x197.jpg 300w, https:\/\/kaniel-agency.com\/wp-content\/uploads\/2021\/05\/incitta_sofa_Lagoon_arriere-768x504.jpg 768w\" sizes=\"(max-width: 800px) 100vw, 800px\" \/><\/figure><\/div>\n\n\n\n<h3 class=\"wp-block-heading\">Sof\u00e1 R\u00cdO de TapiDisseny<\/h3>\n\n\n\n<p class=\"wp-block-paragraph\">Et si l&rsquo;ext\u00e9rieur est important, l&rsquo;int\u00e9rieur l&rsquo;est tout autant. Sous toutes ses formes.<\/p>\n\n\n\n<p class=\"wp-block-paragraph\">Qualit\u00e9, beaut\u00e9, artisanat, confort&#8230; voil\u00e0 ce qui d\u00e9finit les meubles de TapiDisseny et la raison pour laquelle de nombreux professionnels de la d\u00e9coration d&rsquo;int\u00e9rieur choisissent cette marque espagnole pour am\u00e9nager le <em>living<\/em> avec style.<\/p>\n\n\n\n<p class=\"wp-block-paragraph\">Des mod\u00e8les avec une <strong>ligne classique et vintage<\/strong>, des <strong>designs modernes<\/strong> avec une influence italienne ou un style plus <strong>contemporain.<\/strong> Trouvez celui qui s&rsquo;adapte le mieux \u00e0 votre projet de d\u00e9co, m\u00eame si \u00e0 cette occasion nous souhaitons vous pr\u00e9senter le canap\u00e9 R\u00cdO, qui se distingue par son expansion et son dynamisme sensible.<\/p>\n\n\n\n<p class=\"wp-block-paragraph\">Un v\u00e9ritable <em>must-have<\/em> id\u00e9al \u00e0 int\u00e9grer dans tout environnement.<\/p>\n\n\n\n<div class=\"wp-block-image\"><figure class=\"aligncenter size-large\"><img loading=\"lazy\" decoding=\"async\" width=\"800\" height=\"553\" src=\"https:\/\/kaniel-agency.com\/wp-content\/uploads\/2021\/05\/RIO-COMPOSICION-1.jpg\" alt=\"the-best-design-et-decoration-dinterieur\" class=\"wp-image-4544\" srcset=\"https:\/\/kaniel-agency.com\/wp-content\/uploads\/2021\/05\/RIO-COMPOSICION-1.jpg 800w, https:\/\/kaniel-agency.com\/wp-content\/uploads\/2021\/05\/RIO-COMPOSICION-1-300x207.jpg 300w, https:\/\/kaniel-agency.com\/wp-content\/uploads\/2021\/05\/RIO-COMPOSICION-1-768x531.jpg 768w\" sizes=\"(max-width: 800px) 100vw, 800px\" \/><\/figure><\/div>\n\n\n\n<h3 class=\"wp-block-heading\">Couettes MANOIR de Vent du Sud&nbsp;<\/h3>\n\n\n\n<p class=\"wp-block-paragraph\">Et m\u00eame si cela semble sans importance, le linge de maison est essentiel pour finir de donner vie \u00e0 l&rsquo;image d&rsquo;une maison. Pour cette raison, il est primordial de miser sur les <strong>meilleures mati\u00e8res et finitions du march\u00e9<\/strong>, comme le <strong>coton<\/strong>, dont sont faites ces couettes MANOIR de <a href=\"\/wp-content\/uploads\/2020\/03\/Coleccion_VentDuSud_2021_primavera_verano.pdf\" target=\"_blank\" rel=\"noreferrer noopener\">Vent du Sud<\/a>.<\/p>\n\n\n\n<p class=\"wp-block-paragraph\">Des <strong>mod\u00e8les<\/strong> les plus <strong>minimalistes et actuels<\/strong> \u00e0 ceux qui ont une l\u00e9g\u00e8re touche <strong>vintage<\/strong>, la collection de textiles pour la chambre \u00e0 coucher de cette marque rend chaque pi\u00e8ce unique et s\u00e9duisante.<br><br>Vous choisissez la <strong>couleur<\/strong> qui qui se marie le mieux dans pi\u00e8ce.<\/p>\n\n\n\n<figure class=\"wp-block-gallery aligncenter has-nested-images columns-default is-cropped wp-block-gallery-4 is-layout-flex wp-block-gallery-is-layout-flex\">\n<figure class=\"wp-block-image size-large\"><img loading=\"lazy\" decoding=\"async\" width=\"800\" height=\"533\" data-id=\"4548\" src=\"https:\/\/kaniel-agency.com\/wp-content\/uploads\/2021\/05\/Manoir_ambiance_2.jpg\" alt=\"\" class=\"wp-image-4548\" srcset=\"https:\/\/kaniel-agency.com\/wp-content\/uploads\/2021\/05\/Manoir_ambiance_2.jpg 800w, https:\/\/kaniel-agency.com\/wp-content\/uploads\/2021\/05\/Manoir_ambiance_2-300x200.jpg 300w, https:\/\/kaniel-agency.com\/wp-content\/uploads\/2021\/05\/Manoir_ambiance_2-768x512.jpg 768w\" sizes=\"(max-width: 800px) 100vw, 800px\" \/><\/figure>\n\n\n\n<figure class=\"wp-block-image size-large\"><img loading=\"lazy\" decoding=\"async\" width=\"800\" height=\"533\" data-id=\"4546\" src=\"https:\/\/kaniel-agency.com\/wp-content\/uploads\/2021\/05\/Manoir_ambiance_1.jpg\" alt=\"\" class=\"wp-image-4546\" srcset=\"https:\/\/kaniel-agency.com\/wp-content\/uploads\/2021\/05\/Manoir_ambiance_1.jpg 800w, https:\/\/kaniel-agency.com\/wp-content\/uploads\/2021\/05\/Manoir_ambiance_1-300x200.jpg 300w, https:\/\/kaniel-agency.com\/wp-content\/uploads\/2021\/05\/Manoir_ambiance_1-768x512.jpg 768w\" sizes=\"(max-width: 800px) 100vw, 800px\" \/><\/figure>\n<\/figure>\n\n\n\n<p class=\"wp-block-paragraph\">Maintenant que vous avez une petite id\u00e9e des \u2018<strong>the best of the best&rsquo;<\/strong> <strong>dans le design et la<\/strong> <strong>d\u00e9coration d\u2019int\u00e9rieur de chez Kaniel Agency<\/strong>, il est temps de vous mettre au travail et d\u00b4am\u00e9nager avec style. <a href=\"\/fr\/contactez-nous\/\" target=\"_blank\" rel=\"noreferrer noopener\">Demandez-nous <\/a>quelles sont toutes vos possibilit\u00e9s et quels sont vos articles pr\u00e9f\u00e9r\u00e9s parmi les marques que nous repr\u00e9sentons en Espagne et en France.<\/p>\n","protected":false},"excerpt":{"rendered":"<p>Ce mois de mai, nous voulons vous surprendre. Nous allons le faire en vous pr\u00e9sentant les r\u00e9f\u00e9rences \u00ab\u00a0the best of the best&rsquo; dans le design et la d\u00e9coration d\u2019int\u00e9rieur que nous vous proposons dans nos catalogues &nbsp;de marques europ\u00e9ennes de d\u00e9coration d\u2019int\u00e9rieur. Car chez Kaniel agency nous croyons au style et au bon go\u00fbt ; [&hellip;]<\/p>\n","protected":false},"author":4,"featured_media":4544,"comment_status":"open","ping_status":"open","sticky":false,"template":"","format":"standard","meta":{"_acf_changed":false,"_ayudawp_aiss_exclude":false,"_ayudawp_aiss_exclude_summary":false,"_ayudawp_aiss_summary":"","_ayudawp_aiss_summary_provider":"","_ayudawp_aiss_summary_hash":"","footnotes":""},"categories":[26,27],"tags":[74,75,68],"class_list":["post-4552","post","type-post","status-publish","format-standard","has-post-thumbnail","hentry","category-espagne","category-france","tag-conseils-de-decoration","tag-decoration-interieure","tag-marques"],"acf":[],"yoast_head":"<!-- This site is optimized with the Yoast SEO plugin v28.3 - https:\/\/yoast.com\/product\/yoast-seo-wordpress\/ -->\n<title>&#039;The best of the best&#039; en design et d\u00e9coration d\u2019int\u00e9rieur &#8226; Kaniel Agency<\/title>\n<meta name=\"description\" content=\"D\u00e9couvrez &quot;the besto of the best&quot; en design et d\u00e9coration d&#039;int\u00e9rieur que nous avons dans nos catalogues de marques europ\u00e9ennes.\" \/>\n<meta name=\"robots\" content=\"index, follow, max-snippet:-1, max-image-preview:large, max-video-preview:-1\" \/>\n<link rel=\"canonical\" href=\"https:\/\/kaniel-agency.com\/fr\/the-best-design-et-decoration-dinterieur\/\" \/>\n<meta property=\"og:locale\" content=\"fr_FR\" \/>\n<meta property=\"og:type\" content=\"article\" \/>\n<meta property=\"og:title\" content=\"&#039;The best of the best&#039; en design et d\u00e9coration d\u2019int\u00e9rieur &#8226; Kaniel Agency\" \/>\n<meta property=\"og:description\" content=\"D\u00e9couvrez &quot;the besto of the best&quot; en design et d\u00e9coration d&#039;int\u00e9rieur que nous avons dans nos catalogues de marques europ\u00e9ennes.\" \/>\n<meta property=\"og:url\" content=\"https:\/\/kaniel-agency.com\/fr\/the-best-design-et-decoration-dinterieur\/\" \/>\n<meta property=\"og:site_name\" content=\"Kaniel Agency\" \/>\n<meta property=\"article:publisher\" content=\"https:\/\/www.facebook.com\/kanielagency\/\" \/>\n<meta property=\"article:published_time\" content=\"2021-05-21T10:13:00+00:00\" \/>\n<meta property=\"article:modified_time\" content=\"2022-03-01T10:13:09+00:00\" \/>\n<meta property=\"og:image\" content=\"https:\/\/kaniel-agency.com\/wp-content\/uploads\/2021\/05\/RIO-COMPOSICION-1.jpg\" \/>\n\t<meta property=\"og:image:width\" content=\"800\" \/>\n\t<meta property=\"og:image:height\" content=\"553\" \/>\n\t<meta property=\"og:image:type\" content=\"image\/jpeg\" \/>\n<meta name=\"author\" content=\"Elie\" \/>\n<meta name=\"twitter:card\" content=\"summary_large_image\" \/>\n<meta name=\"twitter:creator\" content=\"@kanielagency\" \/>\n<meta name=\"twitter:site\" content=\"@kanielagency\" \/>\n<meta name=\"twitter:label1\" content=\"\u00c9crit par\" \/>\n\t<meta name=\"twitter:data1\" content=\"Elie\" \/>\n\t<meta name=\"twitter:label2\" content=\"Dur\u00e9e de lecture estim\u00e9e\" \/>\n\t<meta name=\"twitter:data2\" content=\"6 minutes\" \/>\n<script type=\"application\/ld+json\" class=\"yoast-schema-graph\">{\"@context\":\"https:\\\/\\\/schema.org\",\"@graph\":[{\"@type\":\"Article\",\"@id\":\"https:\\\/\\\/kaniel-agency.com\\\/fr\\\/the-best-design-et-decoration-dinterieur\\\/#article\",\"isPartOf\":{\"@id\":\"https:\\\/\\\/kaniel-agency.com\\\/fr\\\/the-best-design-et-decoration-dinterieur\\\/\"},\"author\":{\"name\":\"Elie\",\"@id\":\"https:\\\/\\\/kaniel-agency.com\\\/fr\\\/#\\\/schema\\\/person\\\/5b7e56f899cf198ff9c70ae5a232e083\"},\"headline\":\"&lsquo;The best of the best&rsquo; en design et d\u00e9coration d\u2019int\u00e9rieur\",\"datePublished\":\"2021-05-21T10:13:00+00:00\",\"dateModified\":\"2022-03-01T10:13:09+00:00\",\"mainEntityOfPage\":{\"@id\":\"https:\\\/\\\/kaniel-agency.com\\\/fr\\\/the-best-design-et-decoration-dinterieur\\\/\"},\"wordCount\":886,\"commentCount\":0,\"publisher\":{\"@id\":\"https:\\\/\\\/kaniel-agency.com\\\/fr\\\/#organization\"},\"image\":{\"@id\":\"https:\\\/\\\/kaniel-agency.com\\\/fr\\\/the-best-design-et-decoration-dinterieur\\\/#primaryimage\"},\"thumbnailUrl\":\"https:\\\/\\\/kaniel-agency.com\\\/wp-content\\\/uploads\\\/2021\\\/05\\\/RIO-COMPOSICION-1.jpg\",\"keywords\":[\"conseils de d\u00e9coration\",\"d\u00e9coration int\u00e9rieure\",\"marques\"],\"articleSection\":[\"Espagne\",\"France\"],\"inLanguage\":\"fr-FR\",\"potentialAction\":[{\"@type\":\"CommentAction\",\"name\":\"Comment\",\"target\":[\"https:\\\/\\\/kaniel-agency.com\\\/fr\\\/the-best-design-et-decoration-dinterieur\\\/#respond\"]}]},{\"@type\":\"WebPage\",\"@id\":\"https:\\\/\\\/kaniel-agency.com\\\/fr\\\/the-best-design-et-decoration-dinterieur\\\/\",\"url\":\"https:\\\/\\\/kaniel-agency.com\\\/fr\\\/the-best-design-et-decoration-dinterieur\\\/\",\"name\":\"'The best of the best' en design et d\u00e9coration d\u2019int\u00e9rieur &#8226; Kaniel Agency\",\"isPartOf\":{\"@id\":\"https:\\\/\\\/kaniel-agency.com\\\/fr\\\/#website\"},\"primaryImageOfPage\":{\"@id\":\"https:\\\/\\\/kaniel-agency.com\\\/fr\\\/the-best-design-et-decoration-dinterieur\\\/#primaryimage\"},\"image\":{\"@id\":\"https:\\\/\\\/kaniel-agency.com\\\/fr\\\/the-best-design-et-decoration-dinterieur\\\/#primaryimage\"},\"thumbnailUrl\":\"https:\\\/\\\/kaniel-agency.com\\\/wp-content\\\/uploads\\\/2021\\\/05\\\/RIO-COMPOSICION-1.jpg\",\"datePublished\":\"2021-05-21T10:13:00+00:00\",\"dateModified\":\"2022-03-01T10:13:09+00:00\",\"description\":\"D\u00e9couvrez \\\"the besto of the best\\\" en design et d\u00e9coration d'int\u00e9rieur que nous avons dans nos catalogues de marques europ\u00e9ennes.\",\"breadcrumb\":{\"@id\":\"https:\\\/\\\/kaniel-agency.com\\\/fr\\\/the-best-design-et-decoration-dinterieur\\\/#breadcrumb\"},\"inLanguage\":\"fr-FR\",\"potentialAction\":[{\"@type\":\"ReadAction\",\"target\":[\"https:\\\/\\\/kaniel-agency.com\\\/fr\\\/the-best-design-et-decoration-dinterieur\\\/\"]}]},{\"@type\":\"ImageObject\",\"inLanguage\":\"fr-FR\",\"@id\":\"https:\\\/\\\/kaniel-agency.com\\\/fr\\\/the-best-design-et-decoration-dinterieur\\\/#primaryimage\",\"url\":\"https:\\\/\\\/kaniel-agency.com\\\/wp-content\\\/uploads\\\/2021\\\/05\\\/RIO-COMPOSICION-1.jpg\",\"contentUrl\":\"https:\\\/\\\/kaniel-agency.com\\\/wp-content\\\/uploads\\\/2021\\\/05\\\/RIO-COMPOSICION-1.jpg\",\"width\":800,\"height\":553,\"caption\":\"the-best-design-et-decoration-dinterieur\"},{\"@type\":\"BreadcrumbList\",\"@id\":\"https:\\\/\\\/kaniel-agency.com\\\/fr\\\/the-best-design-et-decoration-dinterieur\\\/#breadcrumb\",\"itemListElement\":[{\"@type\":\"ListItem\",\"position\":1,\"name\":\"Accueil\",\"item\":\"https:\\\/\\\/kaniel-agency.com\\\/fr\\\/\"},{\"@type\":\"ListItem\",\"position\":2,\"name\":\"Espagne\",\"item\":\"https:\\\/\\\/kaniel-agency.com\\\/fr\\\/category\\\/espagne\\\/\"},{\"@type\":\"ListItem\",\"position\":3,\"name\":\"&lsquo;The best of the best&rsquo; en design et d\u00e9coration d\u2019int\u00e9rieur\"}]},{\"@type\":\"WebSite\",\"@id\":\"https:\\\/\\\/kaniel-agency.com\\\/fr\\\/#website\",\"url\":\"https:\\\/\\\/kaniel-agency.com\\\/fr\\\/\",\"name\":\"Kaniel Agency\",\"description\":\"Interiorism &amp; life style agency\",\"publisher\":{\"@id\":\"https:\\\/\\\/kaniel-agency.com\\\/fr\\\/#organization\"},\"potentialAction\":[{\"@type\":\"SearchAction\",\"target\":{\"@type\":\"EntryPoint\",\"urlTemplate\":\"https:\\\/\\\/kaniel-agency.com\\\/fr\\\/?s={search_term_string}\"},\"query-input\":{\"@type\":\"PropertyValueSpecification\",\"valueRequired\":true,\"valueName\":\"search_term_string\"}}],\"inLanguage\":\"fr-FR\"},{\"@type\":\"Organization\",\"@id\":\"https:\\\/\\\/kaniel-agency.com\\\/fr\\\/#organization\",\"name\":\"Kaniel Comercial, SL\",\"url\":\"https:\\\/\\\/kaniel-agency.com\\\/fr\\\/\",\"logo\":{\"@type\":\"ImageObject\",\"inLanguage\":\"fr-FR\",\"@id\":\"https:\\\/\\\/kaniel-agency.com\\\/fr\\\/#\\\/schema\\\/logo\\\/image\\\/\",\"url\":\"https:\\\/\\\/kaniel-agency.com\\\/wp-content\\\/uploads\\\/2020\\\/01\\\/logo-negro.svg\",\"contentUrl\":\"https:\\\/\\\/kaniel-agency.com\\\/wp-content\\\/uploads\\\/2020\\\/01\\\/logo-negro.svg\",\"width\":1,\"height\":1,\"caption\":\"Kaniel Comercial, SL\"},\"image\":{\"@id\":\"https:\\\/\\\/kaniel-agency.com\\\/fr\\\/#\\\/schema\\\/logo\\\/image\\\/\"},\"sameAs\":[\"https:\\\/\\\/www.facebook.com\\\/kanielagency\\\/\",\"https:\\\/\\\/x.com\\\/kanielagency\",\"https:\\\/\\\/www.linkedin.com\\\/company\\\/kanielagency\\\/\",\"https:\\\/\\\/www.instagram.com\\\/kanielagency\\\/\"]},{\"@type\":\"Person\",\"@id\":\"https:\\\/\\\/kaniel-agency.com\\\/fr\\\/#\\\/schema\\\/person\\\/5b7e56f899cf198ff9c70ae5a232e083\",\"name\":\"Elie\",\"image\":{\"@type\":\"ImageObject\",\"inLanguage\":\"fr-FR\",\"@id\":\"https:\\\/\\\/secure.gravatar.com\\\/avatar\\\/f19539a3cf8e4322d7139f805a32a8d23be64fb0d51386b972bce4e52c50dd83?s=96&d=https%3A%2F%2Fkaniel-agency.com%2Fwp-content%2Fuploads%2F2022%2F11%2Felie-halioui-kaniel-agency-scaled.jpg&r=g\",\"url\":\"https:\\\/\\\/secure.gravatar.com\\\/avatar\\\/f19539a3cf8e4322d7139f805a32a8d23be64fb0d51386b972bce4e52c50dd83?s=96&d=https%3A%2F%2Fkaniel-agency.com%2Fwp-content%2Fuploads%2F2022%2F11%2Felie-halioui-kaniel-agency-scaled.jpg&r=g\",\"contentUrl\":\"https:\\\/\\\/secure.gravatar.com\\\/avatar\\\/f19539a3cf8e4322d7139f805a32a8d23be64fb0d51386b972bce4e52c50dd83?s=96&d=https%3A%2F%2Fkaniel-agency.com%2Fwp-content%2Fuploads%2F2022%2F11%2Felie-halioui-kaniel-agency-scaled.jpg&r=g\",\"caption\":\"Elie\"},\"description\":\"CEO de Kaniel Agency. Formado en gesti\u00f3n empresarial y marketing de la mano de ESIC y con gran experiencia comercial en el \u00e1mbito de las relaciones p\u00fablicas, viajes corporativos y organizaci\u00f3n de eventos. Apasionado de la decoraci\u00f3n y el interiorismo as\u00ed como del deporte, la cocina y los viajes. Su experiencia en el sector de la decoraci\u00f3n empieza hace m\u00e1s de 20 a\u00f1os como Director en Espa\u00f1a de la filial Silea, France Gift. Kaniel Agency opera desde 2015 donde disfruta cada d\u00eda desarrollando su profesi\u00f3n: \\\"Estar al mando de Kaniel Agency me permite ser independiente en mis decisiones profesionales, desarrollar las marcas y productos que me gustan, y ayudar a clientes, representantes y marcas a desarrollar sus objetivos. Al tratarse para mi de una de mis aficiones, disfruto cada d\u00eda haciendo lo que m\u00e1s me gusta.\\\"\",\"sameAs\":[\"https:\\\/\\\/instagram.com\\\/eliehaliouaatt\",\"https:\\\/\\\/www.linkedin.com\\\/in\\\/kanielagency\\\/\"],\"url\":\"https:\\\/\\\/kaniel-agency.com\\\/fr\\\/author\\\/elie\\\/\"}]}<\/script>\n<!-- \/ Yoast SEO plugin. -->","yoast_head_json":{"title":"'The best of the best' en design et d\u00e9coration d\u2019int\u00e9rieur &#8226; Kaniel Agency","description":"D\u00e9couvrez \"the besto of the best\" en design et d\u00e9coration d'int\u00e9rieur que nous avons dans nos catalogues de marques europ\u00e9ennes.","robots":{"index":"index","follow":"follow","max-snippet":"max-snippet:-1","max-image-preview":"max-image-preview:large","max-video-preview":"max-video-preview:-1"},"canonical":"https:\/\/kaniel-agency.com\/fr\/the-best-design-et-decoration-dinterieur\/","og_locale":"fr_FR","og_type":"article","og_title":"'The best of the best' en design et d\u00e9coration d\u2019int\u00e9rieur &#8226; Kaniel Agency","og_description":"D\u00e9couvrez \"the besto of the best\" en design et d\u00e9coration d'int\u00e9rieur que nous avons dans nos catalogues de marques europ\u00e9ennes.","og_url":"https:\/\/kaniel-agency.com\/fr\/the-best-design-et-decoration-dinterieur\/","og_site_name":"Kaniel Agency","article_publisher":"https:\/\/www.facebook.com\/kanielagency\/","article_published_time":"2021-05-21T10:13:00+00:00","article_modified_time":"2022-03-01T10:13:09+00:00","og_image":[{"width":800,"height":553,"url":"https:\/\/kaniel-agency.com\/wp-content\/uploads\/2021\/05\/RIO-COMPOSICION-1.jpg","type":"image\/jpeg"}],"author":"Elie","twitter_card":"summary_large_image","twitter_creator":"@kanielagency","twitter_site":"@kanielagency","twitter_misc":{"\u00c9crit par":"Elie","Dur\u00e9e de lecture estim\u00e9e":"6 minutes"},"schema":{"@context":"https:\/\/schema.org","@graph":[{"@type":"Article","@id":"https:\/\/kaniel-agency.com\/fr\/the-best-design-et-decoration-dinterieur\/#article","isPartOf":{"@id":"https:\/\/kaniel-agency.com\/fr\/the-best-design-et-decoration-dinterieur\/"},"author":{"name":"Elie","@id":"https:\/\/kaniel-agency.com\/fr\/#\/schema\/person\/5b7e56f899cf198ff9c70ae5a232e083"},"headline":"&lsquo;The best of the best&rsquo; en design et d\u00e9coration d\u2019int\u00e9rieur","datePublished":"2021-05-21T10:13:00+00:00","dateModified":"2022-03-01T10:13:09+00:00","mainEntityOfPage":{"@id":"https:\/\/kaniel-agency.com\/fr\/the-best-design-et-decoration-dinterieur\/"},"wordCount":886,"commentCount":0,"publisher":{"@id":"https:\/\/kaniel-agency.com\/fr\/#organization"},"image":{"@id":"https:\/\/kaniel-agency.com\/fr\/the-best-design-et-decoration-dinterieur\/#primaryimage"},"thumbnailUrl":"https:\/\/kaniel-agency.com\/wp-content\/uploads\/2021\/05\/RIO-COMPOSICION-1.jpg","keywords":["conseils de d\u00e9coration","d\u00e9coration int\u00e9rieure","marques"],"articleSection":["Espagne","France"],"inLanguage":"fr-FR","potentialAction":[{"@type":"CommentAction","name":"Comment","target":["https:\/\/kaniel-agency.com\/fr\/the-best-design-et-decoration-dinterieur\/#respond"]}]},{"@type":"WebPage","@id":"https:\/\/kaniel-agency.com\/fr\/the-best-design-et-decoration-dinterieur\/","url":"https:\/\/kaniel-agency.com\/fr\/the-best-design-et-decoration-dinterieur\/","name":"'The best of the best' en design et d\u00e9coration d\u2019int\u00e9rieur &#8226; Kaniel Agency","isPartOf":{"@id":"https:\/\/kaniel-agency.com\/fr\/#website"},"primaryImageOfPage":{"@id":"https:\/\/kaniel-agency.com\/fr\/the-best-design-et-decoration-dinterieur\/#primaryimage"},"image":{"@id":"https:\/\/kaniel-agency.com\/fr\/the-best-design-et-decoration-dinterieur\/#primaryimage"},"thumbnailUrl":"https:\/\/kaniel-agency.com\/wp-content\/uploads\/2021\/05\/RIO-COMPOSICION-1.jpg","datePublished":"2021-05-21T10:13:00+00:00","dateModified":"2022-03-01T10:13:09+00:00","description":"D\u00e9couvrez \"the besto of the best\" en design et d\u00e9coration d'int\u00e9rieur que nous avons dans nos catalogues de marques europ\u00e9ennes.","breadcrumb":{"@id":"https:\/\/kaniel-agency.com\/fr\/the-best-design-et-decoration-dinterieur\/#breadcrumb"},"inLanguage":"fr-FR","potentialAction":[{"@type":"ReadAction","target":["https:\/\/kaniel-agency.com\/fr\/the-best-design-et-decoration-dinterieur\/"]}]},{"@type":"ImageObject","inLanguage":"fr-FR","@id":"https:\/\/kaniel-agency.com\/fr\/the-best-design-et-decoration-dinterieur\/#primaryimage","url":"https:\/\/kaniel-agency.com\/wp-content\/uploads\/2021\/05\/RIO-COMPOSICION-1.jpg","contentUrl":"https:\/\/kaniel-agency.com\/wp-content\/uploads\/2021\/05\/RIO-COMPOSICION-1.jpg","width":800,"height":553,"caption":"the-best-design-et-decoration-dinterieur"},{"@type":"BreadcrumbList","@id":"https:\/\/kaniel-agency.com\/fr\/the-best-design-et-decoration-dinterieur\/#breadcrumb","itemListElement":[{"@type":"ListItem","position":1,"name":"Accueil","item":"https:\/\/kaniel-agency.com\/fr\/"},{"@type":"ListItem","position":2,"name":"Espagne","item":"https:\/\/kaniel-agency.com\/fr\/category\/espagne\/"},{"@type":"ListItem","position":3,"name":"&lsquo;The best of the best&rsquo; en design et d\u00e9coration d\u2019int\u00e9rieur"}]},{"@type":"WebSite","@id":"https:\/\/kaniel-agency.com\/fr\/#website","url":"https:\/\/kaniel-agency.com\/fr\/","name":"Kaniel Agency","description":"Interiorism &amp; life style agency","publisher":{"@id":"https:\/\/kaniel-agency.com\/fr\/#organization"},"potentialAction":[{"@type":"SearchAction","target":{"@type":"EntryPoint","urlTemplate":"https:\/\/kaniel-agency.com\/fr\/?s={search_term_string}"},"query-input":{"@type":"PropertyValueSpecification","valueRequired":true,"valueName":"search_term_string"}}],"inLanguage":"fr-FR"},{"@type":"Organization","@id":"https:\/\/kaniel-agency.com\/fr\/#organization","name":"Kaniel Comercial, SL","url":"https:\/\/kaniel-agency.com\/fr\/","logo":{"@type":"ImageObject","inLanguage":"fr-FR","@id":"https:\/\/kaniel-agency.com\/fr\/#\/schema\/logo\/image\/","url":"https:\/\/kaniel-agency.com\/wp-content\/uploads\/2020\/01\/logo-negro.svg","contentUrl":"https:\/\/kaniel-agency.com\/wp-content\/uploads\/2020\/01\/logo-negro.svg","width":1,"height":1,"caption":"Kaniel Comercial, SL"},"image":{"@id":"https:\/\/kaniel-agency.com\/fr\/#\/schema\/logo\/image\/"},"sameAs":["https:\/\/www.facebook.com\/kanielagency\/","https:\/\/x.com\/kanielagency","https:\/\/www.linkedin.com\/company\/kanielagency\/","https:\/\/www.instagram.com\/kanielagency\/"]},{"@type":"Person","@id":"https:\/\/kaniel-agency.com\/fr\/#\/schema\/person\/5b7e56f899cf198ff9c70ae5a232e083","name":"Elie","image":{"@type":"ImageObject","inLanguage":"fr-FR","@id":"https:\/\/secure.gravatar.com\/avatar\/f19539a3cf8e4322d7139f805a32a8d23be64fb0d51386b972bce4e52c50dd83?s=96&d=https%3A%2F%2Fkaniel-agency.com%2Fwp-content%2Fuploads%2F2022%2F11%2Felie-halioui-kaniel-agency-scaled.jpg&r=g","url":"https:\/\/secure.gravatar.com\/avatar\/f19539a3cf8e4322d7139f805a32a8d23be64fb0d51386b972bce4e52c50dd83?s=96&d=https%3A%2F%2Fkaniel-agency.com%2Fwp-content%2Fuploads%2F2022%2F11%2Felie-halioui-kaniel-agency-scaled.jpg&r=g","contentUrl":"https:\/\/secure.gravatar.com\/avatar\/f19539a3cf8e4322d7139f805a32a8d23be64fb0d51386b972bce4e52c50dd83?s=96&d=https%3A%2F%2Fkaniel-agency.com%2Fwp-content%2Fuploads%2F2022%2F11%2Felie-halioui-kaniel-agency-scaled.jpg&r=g","caption":"Elie"},"description":"CEO de Kaniel Agency. Formado en gesti\u00f3n empresarial y marketing de la mano de ESIC y con gran experiencia comercial en el \u00e1mbito de las relaciones p\u00fablicas, viajes corporativos y organizaci\u00f3n de eventos. Apasionado de la decoraci\u00f3n y el interiorismo as\u00ed como del deporte, la cocina y los viajes. Su experiencia en el sector de la decoraci\u00f3n empieza hace m\u00e1s de 20 a\u00f1os como Director en Espa\u00f1a de la filial Silea, France Gift. Kaniel Agency opera desde 2015 donde disfruta cada d\u00eda desarrollando su profesi\u00f3n: \"Estar al mando de Kaniel Agency me permite ser independiente en mis decisiones profesionales, desarrollar las marcas y productos que me gustan, y ayudar a clientes, representantes y marcas a desarrollar sus objetivos. Al tratarse para mi de una de mis aficiones, disfruto cada d\u00eda haciendo lo que m\u00e1s me gusta.\"","sameAs":["https:\/\/instagram.com\/eliehaliouaatt","https:\/\/www.linkedin.com\/in\/kanielagency\/"],"url":"https:\/\/kaniel-agency.com\/fr\/author\/elie\/"}]}},"_links":{"self":[{"href":"https:\/\/kaniel-agency.com\/fr\/wp-json\/wp\/v2\/posts\/4552","targetHints":{"allow":["GET"]}}],"collection":[{"href":"https:\/\/kaniel-agency.com\/fr\/wp-json\/wp\/v2\/posts"}],"about":[{"href":"https:\/\/kaniel-agency.com\/fr\/wp-json\/wp\/v2\/types\/post"}],"author":[{"embeddable":true,"href":"https:\/\/kaniel-agency.com\/fr\/wp-json\/wp\/v2\/users\/4"}],"replies":[{"embeddable":true,"href":"https:\/\/kaniel-agency.com\/fr\/wp-json\/wp\/v2\/comments?post=4552"}],"version-history":[{"count":0,"href":"https:\/\/kaniel-agency.com\/fr\/wp-json\/wp\/v2\/posts\/4552\/revisions"}],"wp:featuredmedia":[{"embeddable":true,"href":"https:\/\/kaniel-agency.com\/fr\/wp-json\/wp\/v2\/media\/4544"}],"wp:attachment":[{"href":"https:\/\/kaniel-agency.com\/fr\/wp-json\/wp\/v2\/media?parent=4552"}],"wp:term":[{"taxonomy":"category","embeddable":true,"href":"https:\/\/kaniel-agency.com\/fr\/wp-json\/wp\/v2\/categories?post=4552"},{"taxonomy":"post_tag","embeddable":true,"href":"https:\/\/kaniel-agency.com\/fr\/wp-json\/wp\/v2\/tags?post=4552"}],"curies":[{"name":"wp","href":"https:\/\/api.w.org\/{rel}","templated":true}]}}