{"id":2000,"date":"2020-03-03T07:09:00","date_gmt":"2020-03-03T07:09:00","guid":{"rendered":"http:\/\/kaniel.acceseo.com.es\/?p=2000"},"modified":"2022-05-19T11:23:36","modified_gmt":"2022-05-19T11:23:36","slug":"vp-design-dinterieur-la-subtilite-et-le-detail-dans-chaque-piece","status":"publish","type":"post","link":"https:\/\/kaniel-agency.com\/fr\/vp-design-dinterieur-la-subtilite-et-le-detail-dans-chaque-piece\/","title":{"rendered":"VP Interiorismo, la subtilit\u00e9 et le d\u00e9tail dans chaque pi\u00e8ce"},"content":{"rendered":"\n\n<div class=\"kk-star-ratings kksr-auto kksr-align-left kksr-valign-top\"\n    data-payload='{&quot;align&quot;:&quot;left&quot;,&quot;id&quot;:&quot;2000&quot;,&quot;slug&quot;:&quot;default&quot;,&quot;valign&quot;:&quot;top&quot;,&quot;ignore&quot;:&quot;&quot;,&quot;reference&quot;:&quot;auto&quot;,&quot;class&quot;:&quot;&quot;,&quot;count&quot;:&quot;0&quot;,&quot;legendonly&quot;:&quot;&quot;,&quot;readonly&quot;:&quot;&quot;,&quot;score&quot;:&quot;0&quot;,&quot;starsonly&quot;:&quot;&quot;,&quot;best&quot;:&quot;5&quot;,&quot;gap&quot;:&quot;4&quot;,&quot;greet&quot;:&quot;Rate this post&quot;,&quot;legend&quot;:&quot;0\\\/5 - (0 vote)&quot;,&quot;size&quot;:&quot;20&quot;,&quot;title&quot;:&quot;VP Interiorismo, la subtilit\u00e9 et le d\u00e9tail dans chaque pi\u00e8ce&quot;,&quot;width&quot;:&quot;0&quot;,&quot;_legend&quot;:&quot;{score}\\\/{best} - ({count} {votes})&quot;,&quot;font_factor&quot;:&quot;1.25&quot;}'>\n            \n<div class=\"kksr-stars\">\n    \n<div class=\"kksr-stars-inactive\">\n            <div class=\"kksr-star\" data-star=\"1\" style=\"padding-right: 4px\">\n            \n\n<div class=\"kksr-icon\" style=\"width: 20px; height: 20px;\"><\/div>\n        <\/div>\n            <div class=\"kksr-star\" data-star=\"2\" style=\"padding-right: 4px\">\n            \n\n<div class=\"kksr-icon\" style=\"width: 20px; height: 20px;\"><\/div>\n        <\/div>\n            <div class=\"kksr-star\" data-star=\"3\" style=\"padding-right: 4px\">\n            \n\n<div class=\"kksr-icon\" style=\"width: 20px; height: 20px;\"><\/div>\n        <\/div>\n            <div class=\"kksr-star\" data-star=\"4\" style=\"padding-right: 4px\">\n            \n\n<div class=\"kksr-icon\" style=\"width: 20px; height: 20px;\"><\/div>\n        <\/div>\n            <div class=\"kksr-star\" data-star=\"5\" style=\"padding-right: 4px\">\n            \n\n<div class=\"kksr-icon\" style=\"width: 20px; height: 20px;\"><\/div>\n        <\/div>\n    <\/div>\n    \n<div class=\"kksr-stars-active\" style=\"width: 0px;\">\n            <div class=\"kksr-star\" style=\"padding-right: 4px\">\n            \n\n<div class=\"kksr-icon\" style=\"width: 20px; height: 20px;\"><\/div>\n        <\/div>\n            <div class=\"kksr-star\" style=\"padding-right: 4px\">\n            \n\n<div class=\"kksr-icon\" style=\"width: 20px; height: 20px;\"><\/div>\n        <\/div>\n            <div class=\"kksr-star\" style=\"padding-right: 4px\">\n            \n\n<div class=\"kksr-icon\" style=\"width: 20px; height: 20px;\"><\/div>\n        <\/div>\n            <div class=\"kksr-star\" style=\"padding-right: 4px\">\n            \n\n<div class=\"kksr-icon\" style=\"width: 20px; height: 20px;\"><\/div>\n        <\/div>\n            <div class=\"kksr-star\" style=\"padding-right: 4px\">\n            \n\n<div class=\"kksr-icon\" style=\"width: 20px; height: 20px;\"><\/div>\n        <\/div>\n    <\/div>\n<\/div>\n                \n\n<div class=\"kksr-legend\" style=\"font-size: 16px;\">\n            <span class=\"kksr-muted\">Rate this post<\/span>\n    <\/div>\n    <\/div>\n\n<h2 class=\"has-text-color wp-block-heading\" style=\"color:#666666\"><strong>Le cabinet VP Interiorismo a un air contemporain, sans oublier son c\u00f4t\u00e9 plus artisanal. La marque, n\u00e9e \u00e0 Pereiro de Aguilar, Ourense, en Galice, remplit les foyers d&rsquo;\u00e9l\u00e9ments \u00ab\u00a0un peu hors du commun\u00a0\u00bb depuis 1981.<\/strong><\/h2>\n\n\n\n<p class=\"wp-block-paragraph\">\u00c0 Kaniel Agency nous sommes attach\u00e9s \u00e0 des marques qui font briller les maisons de lumi\u00e8re et de style. C&rsquo;est pourquoi nous vous encourageons \u00e0 d\u00e9couvrir tout ce que <a href=\"https:\/\/vpinteriorismo.com\/es\/\" target=\"_blank\" rel=\"noreferrer noopener\">VP Interiorismo<\/a> cr\u00e9e dans chaque collection. Vous trouverez des meubles qui s&rsquo;adaptent \u00e0 diff\u00e9rents styles, des fauteuils confortables aux finitions tr\u00e8s soign\u00e9es aux tables les plus contemporaines pour votre salon.<\/p>\n\n\n\n<h3 class=\"wp-block-heading\">&lsquo;Que votre maison respire&rsquo;<\/h3>\n\n\n\n<p class=\"wp-block-paragraph\">Comme se d\u00e9finit le VP Interiorismo : \u00ab\u00a0Nous sommes cet objet qui vous identifie, nous sommes cette couleur qui ne ressemble \u00e0 aucune autre, nous sommes le d\u00e9tail subtil de la table, du fauteuil, de la lampe&#8230; qui fait que votre maison respire son propre style\u00a0\u00bb.<\/p>\n","protected":false},"excerpt":{"rendered":"<p>Le cabinet VP Interiorismo a un air contemporain, sans oublier son c\u00f4t\u00e9 plus artisanal. La marque, n\u00e9e \u00e0 Pereiro de Aguilar, Ourense, en Galice, remplit les foyers d&rsquo;\u00e9l\u00e9ments \u00ab\u00a0un peu hors du commun\u00a0\u00bb depuis 1981. \u00c0 Kaniel Agency nous sommes attach\u00e9s \u00e0 des marques qui font briller les maisons de lumi\u00e8re et de style. C&rsquo;est [&hellip;]<\/p>\n","protected":false},"author":4,"featured_media":1993,"comment_status":"open","ping_status":"open","sticky":false,"template":"","format":"standard","meta":{"_acf_changed":false,"_ayudawp_aiss_exclude":false,"_ayudawp_aiss_exclude_summary":false,"_ayudawp_aiss_summary":"","_ayudawp_aiss_summary_provider":"","_ayudawp_aiss_summary_hash":"","footnotes":""},"categories":[26],"tags":[],"class_list":["post-2000","post","type-post","status-publish","format-standard","has-post-thumbnail","hentry","category-espagne"],"acf":[],"yoast_head":"<!-- This site is optimized with the Yoast SEO plugin v28.3 - https:\/\/yoast.com\/product\/yoast-seo-wordpress\/ -->\n<title>VP Interiorismo, la subtilit\u00e9 et le d\u00e9tail dans chaque pi\u00e8ce &#8226; Kaniel Agency<\/title>\n<meta name=\"description\" content=\"Le cabinet VP Interiorismo, n\u00e9e \u00e0 Pereiro de Aguilar, Ourense, en Galice, a un air contemporain, sans oublier son c\u00f4t\u00e9 plus artisanal.\" \/>\n<meta name=\"robots\" content=\"index, follow, max-snippet:-1, max-image-preview:large, max-video-preview:-1\" \/>\n<link rel=\"canonical\" href=\"https:\/\/kaniel-agency.com\/fr\/vp-design-dinterieur-la-subtilite-et-le-detail-dans-chaque-piece\/\" \/>\n<meta property=\"og:locale\" content=\"fr_FR\" \/>\n<meta property=\"og:type\" content=\"article\" \/>\n<meta property=\"og:title\" content=\"VP Interiorismo, la subtilit\u00e9 et le d\u00e9tail dans chaque pi\u00e8ce &#8226; Kaniel Agency\" \/>\n<meta property=\"og:description\" content=\"Le cabinet VP Interiorismo, n\u00e9e \u00e0 Pereiro de Aguilar, Ourense, en Galice, a un air contemporain, sans oublier son c\u00f4t\u00e9 plus artisanal.\" \/>\n<meta property=\"og:url\" content=\"https:\/\/kaniel-agency.com\/fr\/vp-design-dinterieur-la-subtilite-et-le-detail-dans-chaque-piece\/\" \/>\n<meta property=\"og:site_name\" content=\"Kaniel Agency\" \/>\n<meta property=\"article:publisher\" content=\"https:\/\/www.facebook.com\/kanielagency\/\" \/>\n<meta property=\"article:published_time\" content=\"2020-03-03T07:09:00+00:00\" \/>\n<meta property=\"article:modified_time\" content=\"2022-05-19T11:23:36+00:00\" \/>\n<meta property=\"og:image\" content=\"https:\/\/kaniel-agency.com\/wp-content\/uploads\/2020\/05\/cabecera3.png\" \/>\n\t<meta property=\"og:image:width\" content=\"886\" \/>\n\t<meta property=\"og:image:height\" content=\"591\" \/>\n\t<meta property=\"og:image:type\" content=\"image\/png\" \/>\n<meta name=\"author\" content=\"Elie\" \/>\n<meta name=\"twitter:card\" content=\"summary_large_image\" \/>\n<meta name=\"twitter:creator\" content=\"@kanielagency\" \/>\n<meta name=\"twitter:site\" content=\"@kanielagency\" \/>\n<meta name=\"twitter:label1\" content=\"\u00c9crit par\" \/>\n\t<meta name=\"twitter:data1\" content=\"Elie\" \/>\n\t<meta name=\"twitter:label2\" content=\"Dur\u00e9e de lecture estim\u00e9e\" \/>\n\t<meta name=\"twitter:data2\" content=\"1 minute\" \/>\n<script type=\"application\/ld+json\" class=\"yoast-schema-graph\">{\"@context\":\"https:\\\/\\\/schema.org\",\"@graph\":[{\"@type\":\"Article\",\"@id\":\"https:\\\/\\\/kaniel-agency.com\\\/fr\\\/vp-design-dinterieur-la-subtilite-et-le-detail-dans-chaque-piece\\\/#article\",\"isPartOf\":{\"@id\":\"https:\\\/\\\/kaniel-agency.com\\\/fr\\\/vp-design-dinterieur-la-subtilite-et-le-detail-dans-chaque-piece\\\/\"},\"author\":{\"name\":\"Elie\",\"@id\":\"https:\\\/\\\/kaniel-agency.com\\\/fr\\\/#\\\/schema\\\/person\\\/5b7e56f899cf198ff9c70ae5a232e083\"},\"headline\":\"VP Interiorismo, la subtilit\u00e9 et le d\u00e9tail dans chaque pi\u00e8ce\",\"datePublished\":\"2020-03-03T07:09:00+00:00\",\"dateModified\":\"2022-05-19T11:23:36+00:00\",\"mainEntityOfPage\":{\"@id\":\"https:\\\/\\\/kaniel-agency.com\\\/fr\\\/vp-design-dinterieur-la-subtilite-et-le-detail-dans-chaque-piece\\\/\"},\"wordCount\":163,\"commentCount\":0,\"publisher\":{\"@id\":\"https:\\\/\\\/kaniel-agency.com\\\/fr\\\/#organization\"},\"image\":{\"@id\":\"https:\\\/\\\/kaniel-agency.com\\\/fr\\\/vp-design-dinterieur-la-subtilite-et-le-detail-dans-chaque-piece\\\/#primaryimage\"},\"thumbnailUrl\":\"https:\\\/\\\/kaniel-agency.com\\\/wp-content\\\/uploads\\\/2020\\\/05\\\/cabecera3.png\",\"articleSection\":[\"Espagne\"],\"inLanguage\":\"fr-FR\",\"potentialAction\":[{\"@type\":\"CommentAction\",\"name\":\"Comment\",\"target\":[\"https:\\\/\\\/kaniel-agency.com\\\/fr\\\/vp-design-dinterieur-la-subtilite-et-le-detail-dans-chaque-piece\\\/#respond\"]}]},{\"@type\":\"WebPage\",\"@id\":\"https:\\\/\\\/kaniel-agency.com\\\/fr\\\/vp-design-dinterieur-la-subtilite-et-le-detail-dans-chaque-piece\\\/\",\"url\":\"https:\\\/\\\/kaniel-agency.com\\\/fr\\\/vp-design-dinterieur-la-subtilite-et-le-detail-dans-chaque-piece\\\/\",\"name\":\"VP Interiorismo, la subtilit\u00e9 et le d\u00e9tail dans chaque pi\u00e8ce &#8226; Kaniel Agency\",\"isPartOf\":{\"@id\":\"https:\\\/\\\/kaniel-agency.com\\\/fr\\\/#website\"},\"primaryImageOfPage\":{\"@id\":\"https:\\\/\\\/kaniel-agency.com\\\/fr\\\/vp-design-dinterieur-la-subtilite-et-le-detail-dans-chaque-piece\\\/#primaryimage\"},\"image\":{\"@id\":\"https:\\\/\\\/kaniel-agency.com\\\/fr\\\/vp-design-dinterieur-la-subtilite-et-le-detail-dans-chaque-piece\\\/#primaryimage\"},\"thumbnailUrl\":\"https:\\\/\\\/kaniel-agency.com\\\/wp-content\\\/uploads\\\/2020\\\/05\\\/cabecera3.png\",\"datePublished\":\"2020-03-03T07:09:00+00:00\",\"dateModified\":\"2022-05-19T11:23:36+00:00\",\"description\":\"Le cabinet VP Interiorismo, n\u00e9e \u00e0 Pereiro de Aguilar, Ourense, en Galice, a un air contemporain, sans oublier son c\u00f4t\u00e9 plus artisanal.\",\"breadcrumb\":{\"@id\":\"https:\\\/\\\/kaniel-agency.com\\\/fr\\\/vp-design-dinterieur-la-subtilite-et-le-detail-dans-chaque-piece\\\/#breadcrumb\"},\"inLanguage\":\"fr-FR\",\"potentialAction\":[{\"@type\":\"ReadAction\",\"target\":[\"https:\\\/\\\/kaniel-agency.com\\\/fr\\\/vp-design-dinterieur-la-subtilite-et-le-detail-dans-chaque-piece\\\/\"]}]},{\"@type\":\"ImageObject\",\"inLanguage\":\"fr-FR\",\"@id\":\"https:\\\/\\\/kaniel-agency.com\\\/fr\\\/vp-design-dinterieur-la-subtilite-et-le-detail-dans-chaque-piece\\\/#primaryimage\",\"url\":\"https:\\\/\\\/kaniel-agency.com\\\/wp-content\\\/uploads\\\/2020\\\/05\\\/cabecera3.png\",\"contentUrl\":\"https:\\\/\\\/kaniel-agency.com\\\/wp-content\\\/uploads\\\/2020\\\/05\\\/cabecera3.png\",\"width\":886,\"height\":591},{\"@type\":\"BreadcrumbList\",\"@id\":\"https:\\\/\\\/kaniel-agency.com\\\/fr\\\/vp-design-dinterieur-la-subtilite-et-le-detail-dans-chaque-piece\\\/#breadcrumb\",\"itemListElement\":[{\"@type\":\"ListItem\",\"position\":1,\"name\":\"Accueil\",\"item\":\"https:\\\/\\\/kaniel-agency.com\\\/fr\\\/\"},{\"@type\":\"ListItem\",\"position\":2,\"name\":\"Espagne\",\"item\":\"https:\\\/\\\/kaniel-agency.com\\\/fr\\\/category\\\/espagne\\\/\"},{\"@type\":\"ListItem\",\"position\":3,\"name\":\"VP Interiorismo, la subtilit\u00e9 et le d\u00e9tail dans chaque pi\u00e8ce\"}]},{\"@type\":\"WebSite\",\"@id\":\"https:\\\/\\\/kaniel-agency.com\\\/fr\\\/#website\",\"url\":\"https:\\\/\\\/kaniel-agency.com\\\/fr\\\/\",\"name\":\"Kaniel Agency\",\"description\":\"Interiorism &amp; life style agency\",\"publisher\":{\"@id\":\"https:\\\/\\\/kaniel-agency.com\\\/fr\\\/#organization\"},\"potentialAction\":[{\"@type\":\"SearchAction\",\"target\":{\"@type\":\"EntryPoint\",\"urlTemplate\":\"https:\\\/\\\/kaniel-agency.com\\\/fr\\\/?s={search_term_string}\"},\"query-input\":{\"@type\":\"PropertyValueSpecification\",\"valueRequired\":true,\"valueName\":\"search_term_string\"}}],\"inLanguage\":\"fr-FR\"},{\"@type\":\"Organization\",\"@id\":\"https:\\\/\\\/kaniel-agency.com\\\/fr\\\/#organization\",\"name\":\"Kaniel Comercial, SL\",\"url\":\"https:\\\/\\\/kaniel-agency.com\\\/fr\\\/\",\"logo\":{\"@type\":\"ImageObject\",\"inLanguage\":\"fr-FR\",\"@id\":\"https:\\\/\\\/kaniel-agency.com\\\/fr\\\/#\\\/schema\\\/logo\\\/image\\\/\",\"url\":\"https:\\\/\\\/kaniel-agency.com\\\/wp-content\\\/uploads\\\/2020\\\/01\\\/logo-negro.svg\",\"contentUrl\":\"https:\\\/\\\/kaniel-agency.com\\\/wp-content\\\/uploads\\\/2020\\\/01\\\/logo-negro.svg\",\"width\":1,\"height\":1,\"caption\":\"Kaniel Comercial, SL\"},\"image\":{\"@id\":\"https:\\\/\\\/kaniel-agency.com\\\/fr\\\/#\\\/schema\\\/logo\\\/image\\\/\"},\"sameAs\":[\"https:\\\/\\\/www.facebook.com\\\/kanielagency\\\/\",\"https:\\\/\\\/x.com\\\/kanielagency\",\"https:\\\/\\\/www.linkedin.com\\\/company\\\/kanielagency\\\/\",\"https:\\\/\\\/www.instagram.com\\\/kanielagency\\\/\"]},{\"@type\":\"Person\",\"@id\":\"https:\\\/\\\/kaniel-agency.com\\\/fr\\\/#\\\/schema\\\/person\\\/5b7e56f899cf198ff9c70ae5a232e083\",\"name\":\"Elie\",\"image\":{\"@type\":\"ImageObject\",\"inLanguage\":\"fr-FR\",\"@id\":\"https:\\\/\\\/secure.gravatar.com\\\/avatar\\\/f19539a3cf8e4322d7139f805a32a8d23be64fb0d51386b972bce4e52c50dd83?s=96&d=https%3A%2F%2Fkaniel-agency.com%2Fwp-content%2Fuploads%2F2022%2F11%2Felie-halioui-kaniel-agency-scaled.jpg&r=g\",\"url\":\"https:\\\/\\\/secure.gravatar.com\\\/avatar\\\/f19539a3cf8e4322d7139f805a32a8d23be64fb0d51386b972bce4e52c50dd83?s=96&d=https%3A%2F%2Fkaniel-agency.com%2Fwp-content%2Fuploads%2F2022%2F11%2Felie-halioui-kaniel-agency-scaled.jpg&r=g\",\"contentUrl\":\"https:\\\/\\\/secure.gravatar.com\\\/avatar\\\/f19539a3cf8e4322d7139f805a32a8d23be64fb0d51386b972bce4e52c50dd83?s=96&d=https%3A%2F%2Fkaniel-agency.com%2Fwp-content%2Fuploads%2F2022%2F11%2Felie-halioui-kaniel-agency-scaled.jpg&r=g\",\"caption\":\"Elie\"},\"description\":\"CEO de Kaniel Agency. Formado en gesti\u00f3n empresarial y marketing de la mano de ESIC y con gran experiencia comercial en el \u00e1mbito de las relaciones p\u00fablicas, viajes corporativos y organizaci\u00f3n de eventos. Apasionado de la decoraci\u00f3n y el interiorismo as\u00ed como del deporte, la cocina y los viajes. Su experiencia en el sector de la decoraci\u00f3n empieza hace m\u00e1s de 20 a\u00f1os como Director en Espa\u00f1a de la filial Silea, France Gift. Kaniel Agency opera desde 2015 donde disfruta cada d\u00eda desarrollando su profesi\u00f3n: \\\"Estar al mando de Kaniel Agency me permite ser independiente en mis decisiones profesionales, desarrollar las marcas y productos que me gustan, y ayudar a clientes, representantes y marcas a desarrollar sus objetivos. Al tratarse para mi de una de mis aficiones, disfruto cada d\u00eda haciendo lo que m\u00e1s me gusta.\\\"\",\"sameAs\":[\"https:\\\/\\\/instagram.com\\\/eliehaliouaatt\",\"https:\\\/\\\/www.linkedin.com\\\/in\\\/kanielagency\\\/\"],\"url\":\"https:\\\/\\\/kaniel-agency.com\\\/fr\\\/author\\\/elie\\\/\"}]}<\/script>\n<!-- \/ Yoast SEO plugin. -->","yoast_head_json":{"title":"VP Interiorismo, la subtilit\u00e9 et le d\u00e9tail dans chaque pi\u00e8ce &#8226; Kaniel Agency","description":"Le cabinet VP Interiorismo, n\u00e9e \u00e0 Pereiro de Aguilar, Ourense, en Galice, a un air contemporain, sans oublier son c\u00f4t\u00e9 plus artisanal.","robots":{"index":"index","follow":"follow","max-snippet":"max-snippet:-1","max-image-preview":"max-image-preview:large","max-video-preview":"max-video-preview:-1"},"canonical":"https:\/\/kaniel-agency.com\/fr\/vp-design-dinterieur-la-subtilite-et-le-detail-dans-chaque-piece\/","og_locale":"fr_FR","og_type":"article","og_title":"VP Interiorismo, la subtilit\u00e9 et le d\u00e9tail dans chaque pi\u00e8ce &#8226; Kaniel Agency","og_description":"Le cabinet VP Interiorismo, n\u00e9e \u00e0 Pereiro de Aguilar, Ourense, en Galice, a un air contemporain, sans oublier son c\u00f4t\u00e9 plus artisanal.","og_url":"https:\/\/kaniel-agency.com\/fr\/vp-design-dinterieur-la-subtilite-et-le-detail-dans-chaque-piece\/","og_site_name":"Kaniel Agency","article_publisher":"https:\/\/www.facebook.com\/kanielagency\/","article_published_time":"2020-03-03T07:09:00+00:00","article_modified_time":"2022-05-19T11:23:36+00:00","og_image":[{"width":886,"height":591,"url":"https:\/\/kaniel-agency.com\/wp-content\/uploads\/2020\/05\/cabecera3.png","type":"image\/png"}],"author":"Elie","twitter_card":"summary_large_image","twitter_creator":"@kanielagency","twitter_site":"@kanielagency","twitter_misc":{"\u00c9crit par":"Elie","Dur\u00e9e de lecture estim\u00e9e":"1 minute"},"schema":{"@context":"https:\/\/schema.org","@graph":[{"@type":"Article","@id":"https:\/\/kaniel-agency.com\/fr\/vp-design-dinterieur-la-subtilite-et-le-detail-dans-chaque-piece\/#article","isPartOf":{"@id":"https:\/\/kaniel-agency.com\/fr\/vp-design-dinterieur-la-subtilite-et-le-detail-dans-chaque-piece\/"},"author":{"name":"Elie","@id":"https:\/\/kaniel-agency.com\/fr\/#\/schema\/person\/5b7e56f899cf198ff9c70ae5a232e083"},"headline":"VP Interiorismo, la subtilit\u00e9 et le d\u00e9tail dans chaque pi\u00e8ce","datePublished":"2020-03-03T07:09:00+00:00","dateModified":"2022-05-19T11:23:36+00:00","mainEntityOfPage":{"@id":"https:\/\/kaniel-agency.com\/fr\/vp-design-dinterieur-la-subtilite-et-le-detail-dans-chaque-piece\/"},"wordCount":163,"commentCount":0,"publisher":{"@id":"https:\/\/kaniel-agency.com\/fr\/#organization"},"image":{"@id":"https:\/\/kaniel-agency.com\/fr\/vp-design-dinterieur-la-subtilite-et-le-detail-dans-chaque-piece\/#primaryimage"},"thumbnailUrl":"https:\/\/kaniel-agency.com\/wp-content\/uploads\/2020\/05\/cabecera3.png","articleSection":["Espagne"],"inLanguage":"fr-FR","potentialAction":[{"@type":"CommentAction","name":"Comment","target":["https:\/\/kaniel-agency.com\/fr\/vp-design-dinterieur-la-subtilite-et-le-detail-dans-chaque-piece\/#respond"]}]},{"@type":"WebPage","@id":"https:\/\/kaniel-agency.com\/fr\/vp-design-dinterieur-la-subtilite-et-le-detail-dans-chaque-piece\/","url":"https:\/\/kaniel-agency.com\/fr\/vp-design-dinterieur-la-subtilite-et-le-detail-dans-chaque-piece\/","name":"VP Interiorismo, la subtilit\u00e9 et le d\u00e9tail dans chaque pi\u00e8ce &#8226; Kaniel Agency","isPartOf":{"@id":"https:\/\/kaniel-agency.com\/fr\/#website"},"primaryImageOfPage":{"@id":"https:\/\/kaniel-agency.com\/fr\/vp-design-dinterieur-la-subtilite-et-le-detail-dans-chaque-piece\/#primaryimage"},"image":{"@id":"https:\/\/kaniel-agency.com\/fr\/vp-design-dinterieur-la-subtilite-et-le-detail-dans-chaque-piece\/#primaryimage"},"thumbnailUrl":"https:\/\/kaniel-agency.com\/wp-content\/uploads\/2020\/05\/cabecera3.png","datePublished":"2020-03-03T07:09:00+00:00","dateModified":"2022-05-19T11:23:36+00:00","description":"Le cabinet VP Interiorismo, n\u00e9e \u00e0 Pereiro de Aguilar, Ourense, en Galice, a un air contemporain, sans oublier son c\u00f4t\u00e9 plus artisanal.","breadcrumb":{"@id":"https:\/\/kaniel-agency.com\/fr\/vp-design-dinterieur-la-subtilite-et-le-detail-dans-chaque-piece\/#breadcrumb"},"inLanguage":"fr-FR","potentialAction":[{"@type":"ReadAction","target":["https:\/\/kaniel-agency.com\/fr\/vp-design-dinterieur-la-subtilite-et-le-detail-dans-chaque-piece\/"]}]},{"@type":"ImageObject","inLanguage":"fr-FR","@id":"https:\/\/kaniel-agency.com\/fr\/vp-design-dinterieur-la-subtilite-et-le-detail-dans-chaque-piece\/#primaryimage","url":"https:\/\/kaniel-agency.com\/wp-content\/uploads\/2020\/05\/cabecera3.png","contentUrl":"https:\/\/kaniel-agency.com\/wp-content\/uploads\/2020\/05\/cabecera3.png","width":886,"height":591},{"@type":"BreadcrumbList","@id":"https:\/\/kaniel-agency.com\/fr\/vp-design-dinterieur-la-subtilite-et-le-detail-dans-chaque-piece\/#breadcrumb","itemListElement":[{"@type":"ListItem","position":1,"name":"Accueil","item":"https:\/\/kaniel-agency.com\/fr\/"},{"@type":"ListItem","position":2,"name":"Espagne","item":"https:\/\/kaniel-agency.com\/fr\/category\/espagne\/"},{"@type":"ListItem","position":3,"name":"VP Interiorismo, la subtilit\u00e9 et le d\u00e9tail dans chaque pi\u00e8ce"}]},{"@type":"WebSite","@id":"https:\/\/kaniel-agency.com\/fr\/#website","url":"https:\/\/kaniel-agency.com\/fr\/","name":"Kaniel Agency","description":"Interiorism &amp; life style agency","publisher":{"@id":"https:\/\/kaniel-agency.com\/fr\/#organization"},"potentialAction":[{"@type":"SearchAction","target":{"@type":"EntryPoint","urlTemplate":"https:\/\/kaniel-agency.com\/fr\/?s={search_term_string}"},"query-input":{"@type":"PropertyValueSpecification","valueRequired":true,"valueName":"search_term_string"}}],"inLanguage":"fr-FR"},{"@type":"Organization","@id":"https:\/\/kaniel-agency.com\/fr\/#organization","name":"Kaniel Comercial, SL","url":"https:\/\/kaniel-agency.com\/fr\/","logo":{"@type":"ImageObject","inLanguage":"fr-FR","@id":"https:\/\/kaniel-agency.com\/fr\/#\/schema\/logo\/image\/","url":"https:\/\/kaniel-agency.com\/wp-content\/uploads\/2020\/01\/logo-negro.svg","contentUrl":"https:\/\/kaniel-agency.com\/wp-content\/uploads\/2020\/01\/logo-negro.svg","width":1,"height":1,"caption":"Kaniel Comercial, SL"},"image":{"@id":"https:\/\/kaniel-agency.com\/fr\/#\/schema\/logo\/image\/"},"sameAs":["https:\/\/www.facebook.com\/kanielagency\/","https:\/\/x.com\/kanielagency","https:\/\/www.linkedin.com\/company\/kanielagency\/","https:\/\/www.instagram.com\/kanielagency\/"]},{"@type":"Person","@id":"https:\/\/kaniel-agency.com\/fr\/#\/schema\/person\/5b7e56f899cf198ff9c70ae5a232e083","name":"Elie","image":{"@type":"ImageObject","inLanguage":"fr-FR","@id":"https:\/\/secure.gravatar.com\/avatar\/f19539a3cf8e4322d7139f805a32a8d23be64fb0d51386b972bce4e52c50dd83?s=96&d=https%3A%2F%2Fkaniel-agency.com%2Fwp-content%2Fuploads%2F2022%2F11%2Felie-halioui-kaniel-agency-scaled.jpg&r=g","url":"https:\/\/secure.gravatar.com\/avatar\/f19539a3cf8e4322d7139f805a32a8d23be64fb0d51386b972bce4e52c50dd83?s=96&d=https%3A%2F%2Fkaniel-agency.com%2Fwp-content%2Fuploads%2F2022%2F11%2Felie-halioui-kaniel-agency-scaled.jpg&r=g","contentUrl":"https:\/\/secure.gravatar.com\/avatar\/f19539a3cf8e4322d7139f805a32a8d23be64fb0d51386b972bce4e52c50dd83?s=96&d=https%3A%2F%2Fkaniel-agency.com%2Fwp-content%2Fuploads%2F2022%2F11%2Felie-halioui-kaniel-agency-scaled.jpg&r=g","caption":"Elie"},"description":"CEO de Kaniel Agency. Formado en gesti\u00f3n empresarial y marketing de la mano de ESIC y con gran experiencia comercial en el \u00e1mbito de las relaciones p\u00fablicas, viajes corporativos y organizaci\u00f3n de eventos. Apasionado de la decoraci\u00f3n y el interiorismo as\u00ed como del deporte, la cocina y los viajes. Su experiencia en el sector de la decoraci\u00f3n empieza hace m\u00e1s de 20 a\u00f1os como Director en Espa\u00f1a de la filial Silea, France Gift. Kaniel Agency opera desde 2015 donde disfruta cada d\u00eda desarrollando su profesi\u00f3n: \"Estar al mando de Kaniel Agency me permite ser independiente en mis decisiones profesionales, desarrollar las marcas y productos que me gustan, y ayudar a clientes, representantes y marcas a desarrollar sus objetivos. Al tratarse para mi de una de mis aficiones, disfruto cada d\u00eda haciendo lo que m\u00e1s me gusta.\"","sameAs":["https:\/\/instagram.com\/eliehaliouaatt","https:\/\/www.linkedin.com\/in\/kanielagency\/"],"url":"https:\/\/kaniel-agency.com\/fr\/author\/elie\/"}]}},"_links":{"self":[{"href":"https:\/\/kaniel-agency.com\/fr\/wp-json\/wp\/v2\/posts\/2000","targetHints":{"allow":["GET"]}}],"collection":[{"href":"https:\/\/kaniel-agency.com\/fr\/wp-json\/wp\/v2\/posts"}],"about":[{"href":"https:\/\/kaniel-agency.com\/fr\/wp-json\/wp\/v2\/types\/post"}],"author":[{"embeddable":true,"href":"https:\/\/kaniel-agency.com\/fr\/wp-json\/wp\/v2\/users\/4"}],"replies":[{"embeddable":true,"href":"https:\/\/kaniel-agency.com\/fr\/wp-json\/wp\/v2\/comments?post=2000"}],"version-history":[{"count":0,"href":"https:\/\/kaniel-agency.com\/fr\/wp-json\/wp\/v2\/posts\/2000\/revisions"}],"wp:featuredmedia":[{"embeddable":true,"href":"https:\/\/kaniel-agency.com\/fr\/wp-json\/wp\/v2\/media\/1993"}],"wp:attachment":[{"href":"https:\/\/kaniel-agency.com\/fr\/wp-json\/wp\/v2\/media?parent=2000"}],"wp:term":[{"taxonomy":"category","embeddable":true,"href":"https:\/\/kaniel-agency.com\/fr\/wp-json\/wp\/v2\/categories?post=2000"},{"taxonomy":"post_tag","embeddable":true,"href":"https:\/\/kaniel-agency.com\/fr\/wp-json\/wp\/v2\/tags?post=2000"}],"curies":[{"name":"wp","href":"https:\/\/api.w.org\/{rel}","templated":true}]}}