{"id":10909,"date":"2024-01-29T17:22:31","date_gmt":"2024-01-29T16:22:31","guid":{"rendered":"https:\/\/kaniel-agency.com\/?p=10909"},"modified":"2024-02-06T17:25:57","modified_gmt":"2024-02-06T16:25:57","slug":"reinventer-espaces-grandes-marques-architecture-interieur","status":"publish","type":"post","link":"https:\/\/kaniel-agency.com\/fr\/reinventer-espaces-grandes-marques-architecture-interieur\/","title":{"rendered":"R\u00e9inventer les espaces: les grandes marques de l&rsquo;architecture d&rsquo;int\u00e9rieur"},"content":{"rendered":"\n\n<div class=\"kk-star-ratings kksr-auto kksr-align-left kksr-valign-top\"\n    data-payload='{&quot;align&quot;:&quot;left&quot;,&quot;id&quot;:&quot;10909&quot;,&quot;slug&quot;:&quot;default&quot;,&quot;valign&quot;:&quot;top&quot;,&quot;ignore&quot;:&quot;&quot;,&quot;reference&quot;:&quot;auto&quot;,&quot;class&quot;:&quot;&quot;,&quot;count&quot;:&quot;0&quot;,&quot;legendonly&quot;:&quot;&quot;,&quot;readonly&quot;:&quot;&quot;,&quot;score&quot;:&quot;0&quot;,&quot;starsonly&quot;:&quot;&quot;,&quot;best&quot;:&quot;5&quot;,&quot;gap&quot;:&quot;4&quot;,&quot;greet&quot;:&quot;Rate this post&quot;,&quot;legend&quot;:&quot;0\\\/5 - (0 vote)&quot;,&quot;size&quot;:&quot;20&quot;,&quot;title&quot;:&quot;R\u00e9inventer les espaces: les grandes marques de l\\u0026#039;architecture d\\u0026#039;int\u00e9rieur&quot;,&quot;width&quot;:&quot;0&quot;,&quot;_legend&quot;:&quot;{score}\\\/{best} - ({count} {votes})&quot;,&quot;font_factor&quot;:&quot;1.25&quot;}'>\n            \n<div class=\"kksr-stars\">\n    \n<div class=\"kksr-stars-inactive\">\n            <div class=\"kksr-star\" data-star=\"1\" style=\"padding-right: 4px\">\n            \n\n<div class=\"kksr-icon\" style=\"width: 20px; height: 20px;\"><\/div>\n        <\/div>\n            <div class=\"kksr-star\" data-star=\"2\" style=\"padding-right: 4px\">\n            \n\n<div class=\"kksr-icon\" style=\"width: 20px; height: 20px;\"><\/div>\n        <\/div>\n            <div class=\"kksr-star\" data-star=\"3\" style=\"padding-right: 4px\">\n            \n\n<div class=\"kksr-icon\" style=\"width: 20px; height: 20px;\"><\/div>\n        <\/div>\n            <div class=\"kksr-star\" data-star=\"4\" style=\"padding-right: 4px\">\n            \n\n<div class=\"kksr-icon\" style=\"width: 20px; height: 20px;\"><\/div>\n        <\/div>\n            <div class=\"kksr-star\" data-star=\"5\" style=\"padding-right: 4px\">\n            \n\n<div class=\"kksr-icon\" style=\"width: 20px; height: 20px;\"><\/div>\n        <\/div>\n    <\/div>\n    \n<div class=\"kksr-stars-active\" style=\"width: 0px;\">\n            <div class=\"kksr-star\" style=\"padding-right: 4px\">\n            \n\n<div class=\"kksr-icon\" style=\"width: 20px; height: 20px;\"><\/div>\n        <\/div>\n            <div class=\"kksr-star\" style=\"padding-right: 4px\">\n            \n\n<div class=\"kksr-icon\" style=\"width: 20px; height: 20px;\"><\/div>\n        <\/div>\n            <div class=\"kksr-star\" style=\"padding-right: 4px\">\n            \n\n<div class=\"kksr-icon\" style=\"width: 20px; height: 20px;\"><\/div>\n        <\/div>\n            <div class=\"kksr-star\" style=\"padding-right: 4px\">\n            \n\n<div class=\"kksr-icon\" style=\"width: 20px; height: 20px;\"><\/div>\n        <\/div>\n            <div class=\"kksr-star\" style=\"padding-right: 4px\">\n            \n\n<div class=\"kksr-icon\" style=\"width: 20px; height: 20px;\"><\/div>\n        <\/div>\n    <\/div>\n<\/div>\n                \n\n<div class=\"kksr-legend\" style=\"font-size: 16px;\">\n            <span class=\"kksr-muted\">Rate this post<\/span>\n    <\/div>\n    <\/div>\n\n<p class=\"wp-block-paragraph\">Les grandes marques de d\u00e9coration d&rsquo;int\u00e9rieur jouent un r\u00f4le crucial dans le secteur, en apportant des innovations et des tendances qui font peu \u00e0 peu partie de notre vie.<\/p>\n\n\n\n<p class=\"wp-block-paragraph\">Cette pertinence va bien au-del\u00e0 de l&rsquo;esth\u00e9tique, car dans le design, <strong>le style doit aller de pair avec la fonctionnalit\u00e9<\/strong>. Ainsi, les <a href=\"\/fr\/nos-marques\/\" target=\"_blank\" rel=\"noreferrer noopener\">marques de mobilier<\/a> leaders dans le domaine de la d\u00e9coration d&rsquo;int\u00e9rieur sont celles qui imaginent le futur, travaillent \u00e0 sa concr\u00e9tisation et parviennent \u00e0 r\u00e9inventer les espaces.\u00a0<\/p>\n\n\n\n<p class=\"wp-block-paragraph\">Chez Kaniel, nous sommes conscients des raisons pour lesquelles elles apportent une valeur ajout\u00e9e tr\u00e8s importante et, pour cette raison, nous travaillons avec les meilleures marques afin d&rsquo;offrir \u00e0 nos clients uniquement des produits de qualit\u00e9 sup\u00e9rieure qui int\u00e8grent les derni\u00e8res tendances.<\/p>\n\n\n\n<p class=\"wp-block-paragraph\">Si vous souhaitez d\u00e9couvrir ce <strong>qui diff\u00e9rencie les marques leaders de la d\u00e9coration d&rsquo;int\u00e9rieur<\/strong> et pourquoi vous devriez les int\u00e9grer \u00e0 tout projet de d\u00e9coration, voici quelques-unes de leurs principales caract\u00e9ristiques :<\/p>\n\n\n\n<h2 class=\"wp-block-heading\">#1 Innovation et cr\u00e9ativit\u00e9<\/h2>\n\n\n\n<p class=\"wp-block-paragraph\"><strong>Ces marques se distinguent par leur fort engagement en faveur de l&rsquo;innovation et de la cr\u00e9ation de designs d&rsquo;avant-garde.&nbsp;<\/strong><\/p>\n\n\n\n<p class=\"wp-block-paragraph\">Gr\u00e2ce \u00e0 cet engagement et au fait qu&rsquo;elles disposent des meilleurs professionnels du secteur, elles sont en mesure de r\u00e9aliser des id\u00e9es et des approches inspirantes qui ont la capacit\u00e9 de transformer la mani\u00e8re dont nous comprenons l&rsquo;espace et dont nous nous y rapportons.&nbsp;<\/p>\n\n\n\n<p class=\"wp-block-paragraph\">Cela ne signifie pas seulement qu&rsquo;elles d\u00e9finissent le style du mobilier, mais aussi qu&rsquo;elles <strong>deviennent par \u00eatre d\u00e9cisives lorsqu&rsquo;il s&rsquo;agit de d\u00e9finir quels sont les \u00e9l\u00e9ments les plus importants d&rsquo;une maison et quels sont ceux dont on peut se passer.<\/strong><\/p>\n\n\n\n<p class=\"wp-block-paragraph\">De m\u00eame, ces marques sont celles qui <strong>int\u00e8grent souvent des am\u00e9liorations dans la fonctionnalit\u00e9 des meubles qui, dans de nombreux cas, deviennent consolid\u00e9s<\/strong> et s&rsquo;int\u00e8grent \u00e0 la vie de nombreuses personnes, la rendant plus confortable.<\/p>\n\n\n\n<figure class=\"wp-block-image size-large\"><img fetchpriority=\"high\" decoding=\"async\" width=\"1024\" height=\"685\" src=\"https:\/\/kaniel-agency.com\/wp-content\/uploads\/2024\/02\/kaniel-nyry--1024x685.png\" alt=\"\" class=\"wp-image-10907\" srcset=\"https:\/\/kaniel-agency.com\/wp-content\/uploads\/2024\/02\/kaniel-nyry--1024x685.png 1024w, https:\/\/kaniel-agency.com\/wp-content\/uploads\/2024\/02\/kaniel-nyry--300x201.png 300w, https:\/\/kaniel-agency.com\/wp-content\/uploads\/2024\/02\/kaniel-nyry--768x514.png 768w, https:\/\/kaniel-agency.com\/wp-content\/uploads\/2024\/02\/kaniel-nyry--1536x1027.png 1536w, https:\/\/kaniel-agency.com\/wp-content\/uploads\/2024\/02\/kaniel-nyry-.png 1570w\" sizes=\"(max-width: 1024px) 100vw, 1024px\" \/><\/figure>\n\n\n\n<h2 class=\"wp-block-heading\">#2 Tendances et style<\/h2>\n\n\n\n<p class=\"wp-block-paragraph\">L&rsquo;innovation apport\u00e9e par ces entreprises concerne aussi bien la fonctionnalit\u00e9 du mobilier que les mat\u00e9riaux et les couleurs \u00e0 la mode. <strong>Leurs collections et leurs lancements ouvrent g\u00e9n\u00e9ralement la voie aux autres agents du secteur.<\/strong><\/p>\n\n\n\n<h2 class=\"wp-block-heading\">#3 La qualit\u00e9 dans les moindres d\u00e9tails<\/h2>\n\n\n\n<p class=\"wp-block-paragraph\">Un autre facteur qui distingue ces marques est l&rsquo;excellente qualit\u00e9 de leurs produits, dont chaque d\u00e9tail est soigneusement \u00e9tudi\u00e9 du d\u00e9but \u00e0 la fin : des couleurs aux mat\u00e9riaux de base, en passant par les finitions et les textures ou les formes.&nbsp;<\/p>\n\n\n\n<p class=\"wp-block-paragraph\">Ainsi, en plus d&rsquo;\u00eatre utiles et esth\u00e9tiquement impeccables, <strong>les produits de ces marques de mobilier offrent une grande durabilit\u00e9<\/strong> et r\u00e9sistent \u00e0 l&rsquo;\u00e9preuve du temps, tant au niveau du style que de la fonctionnalit\u00e9.<\/p>\n\n\n\n<h2 class=\"wp-block-heading\">#4 Durabilit\u00e9 et responsabilit\u00e9 sociale<\/h2>\n\n\n\n<p class=\"wp-block-paragraph\">La durabilit\u00e9 est une tendance in\u00e9luctable dans tous les secteurs d&rsquo;activit\u00e9, mais plus particuli\u00e8rement dans les marques de mobilier.&nbsp;<\/p>\n\n\n\n<p class=\"wp-block-paragraph\"><strong>Les cr\u00e9ations de qualit\u00e9 impliquent d\u00e9j\u00e0 une production plus durable<\/strong>, notamment en termes d&rsquo;utilisation consciente des mat\u00e9riaux, et sont con\u00e7ues pour durer, de sorte qu&rsquo;elles doivent \u00eatre remplac\u00e9es moins souvent.<\/p>\n\n\n\n<p class=\"wp-block-paragraph\">En choisissant des mat\u00e9riaux recyclables ou recycl\u00e9s et en mettant en \u0153uvre des processus de production plus efficaces, ces marques contribuent \u00e0 une approche plus consciente et plus durable de la d\u00e9coration int\u00e9rieure.<\/p>\n\n\n\n<figure class=\"wp-block-image size-large\"><img decoding=\"async\" width=\"1024\" height=\"962\" src=\"https:\/\/kaniel-agency.com\/wp-content\/uploads\/2023\/03\/Vical-Feria-Habitat-Fotografias-2022-18-1024x962.jpg\" alt=\"\" class=\"wp-image-9647\" srcset=\"https:\/\/kaniel-agency.com\/wp-content\/uploads\/2023\/03\/Vical-Feria-Habitat-Fotografias-2022-18-1024x962.jpg 1024w, https:\/\/kaniel-agency.com\/wp-content\/uploads\/2023\/03\/Vical-Feria-Habitat-Fotografias-2022-18-300x282.jpg 300w, https:\/\/kaniel-agency.com\/wp-content\/uploads\/2023\/03\/Vical-Feria-Habitat-Fotografias-2022-18-768x721.jpg 768w, https:\/\/kaniel-agency.com\/wp-content\/uploads\/2023\/03\/Vical-Feria-Habitat-Fotografias-2022-18-1536x1442.jpg 1536w, https:\/\/kaniel-agency.com\/wp-content\/uploads\/2023\/03\/Vical-Feria-Habitat-Fotografias-2022-18.jpg 1920w\" sizes=\"(max-width: 1024px) 100vw, 1024px\" \/><\/figure>\n\n\n\n<h2 class=\"wp-block-heading\">#5 Vari\u00e9t\u00e9 des styles et des besoins<\/h2>\n\n\n\n<p class=\"wp-block-paragraph\">Un autre facteur cl\u00e9 du succ\u00e8s des principales marques dans le monde de la d\u00e9coration d&rsquo;int\u00e9rieur est leur capacit\u00e9 \u00e0 s&rsquo;adapter \u00e0 diff\u00e9rents styles et besoins.<\/p>\n\n\n\n<p class=\"wp-block-paragraph\">Conna\u00eetre les diff\u00e9rents styles de vie des personnes et les fonctions qu&rsquo;elles attendent des meubles est essentiel pour cr\u00e9er des meubles innovants.<\/p>\n\n\n\n<p class=\"wp-block-paragraph\">Dans cette optique, <strong>les marques qui se distinguent proposent des produits qui rendent la vie quotidienne plus confortable pour les personnes qui les ach\u00e8tent<\/strong>, que ce soit dans une maison tr\u00e8s spacieuse ou dans un petit appartement, pour des familles nombreuses ou des personnes vivant seules&#8230; tous les styles de vie sont pris en compte dans la conception.<\/p>\n\n\n\n<p class=\"wp-block-paragraph\">En plus, l&rsquo;esth\u00e9tique n&rsquo;est jamais limit\u00e9e \u00e0 un seul style, mais un \u00e9ventail de possibilit\u00e9s est offert pour que chaque client puisse cr\u00e9er un espace dans lequel il se sent \u00e0 l&rsquo;aise.&nbsp;<\/p>\n\n\n\n<p class=\"wp-block-paragraph\">Pour toutes ces raisons, disposer de produits de marques r\u00e9put\u00e9es dans le domaine de la d\u00e9coration d&rsquo;int\u00e9rieur est une garantie de succ\u00e8s pour l&rsquo;am\u00e9nagement d&rsquo;un espace. Qu&rsquo;il s&rsquo;agisse de planifier la d\u00e9coration soign\u00e9e d&rsquo;un h\u00f4tel, de cr\u00e9er un espace fonctionnel et distinctif dans une entreprise ou un magasin de meubles et de d\u00e9coration, ou de r\u00e9nover un espace \u00e0 la maison, <strong>opter pour des meubles de qualit\u00e9 garantit une grande durabilit\u00e9 et un r\u00e9sultat esth\u00e9tiquement irr\u00e9prochable.<\/strong><\/p>\n","protected":false},"excerpt":{"rendered":"<p>Les grandes marques de d\u00e9coration d&rsquo;int\u00e9rieur jouent un r\u00f4le crucial dans le secteur, en apportant des innovations et des tendances qui font peu \u00e0 peu partie de notre vie. Cette pertinence va bien au-del\u00e0 de l&rsquo;esth\u00e9tique, car dans le design, le style doit aller de pair avec la fonctionnalit\u00e9. Ainsi, les marques de mobilier leaders [&hellip;]<\/p>\n","protected":false},"author":4,"featured_media":7969,"comment_status":"open","ping_status":"open","sticky":false,"template":"","format":"standard","meta":{"_acf_changed":false,"_ayudawp_aiss_exclude":false,"_ayudawp_aiss_exclude_summary":false,"_ayudawp_aiss_summary":"","_ayudawp_aiss_summary_provider":"","_ayudawp_aiss_summary_hash":"","footnotes":""},"categories":[135],"tags":[50,75,68,38,41],"class_list":["post-10909","post","type-post","status-publish","format-standard","has-post-thumbnail","hentry","category-styles-decoratifs","tag-decoration","tag-decoration-interieure","tag-marques","tag-mobilier","tag-tendances"],"acf":[],"yoast_head":"<!-- This site is optimized with the Yoast SEO plugin v28.3 - https:\/\/yoast.com\/product\/yoast-seo-wordpress\/ -->\n<title>R\u00e9inventer les espaces: les grandes marques de l&#039;architecture d&#039;int\u00e9rieur<\/title>\n<meta name=\"description\" content=\"Les grandes marques de d\u00e9coration d&#039;int\u00e9rieur jouent un r\u00f4le crucial dans le secteur, en apportant des innovations et des tendances.\" \/>\n<meta name=\"robots\" content=\"index, follow, max-snippet:-1, max-image-preview:large, max-video-preview:-1\" \/>\n<link rel=\"canonical\" href=\"https:\/\/kaniel-agency.com\/fr\/reinventer-espaces-grandes-marques-architecture-interieur\/\" \/>\n<meta property=\"og:locale\" content=\"fr_FR\" \/>\n<meta property=\"og:type\" content=\"article\" \/>\n<meta property=\"og:title\" content=\"R\u00e9inventer les espaces: les grandes marques de l&#039;architecture d&#039;int\u00e9rieur\" \/>\n<meta property=\"og:description\" content=\"Les grandes marques de d\u00e9coration d&#039;int\u00e9rieur jouent un r\u00f4le crucial dans le secteur, en apportant des innovations et des tendances.\" \/>\n<meta property=\"og:url\" content=\"https:\/\/kaniel-agency.com\/fr\/reinventer-espaces-grandes-marques-architecture-interieur\/\" \/>\n<meta property=\"og:site_name\" content=\"Kaniel Agency\" \/>\n<meta property=\"article:publisher\" content=\"https:\/\/www.facebook.com\/kanielagency\/\" \/>\n<meta property=\"article:published_time\" content=\"2024-01-29T16:22:31+00:00\" \/>\n<meta property=\"article:modified_time\" content=\"2024-02-06T16:25:57+00:00\" \/>\n<meta property=\"og:image\" content=\"https:\/\/kaniel-agency.com\/wp-content\/uploads\/2022\/03\/loca-nera-2.jpg\" \/>\n\t<meta property=\"og:image:width\" content=\"1920\" \/>\n\t<meta property=\"og:image:height\" content=\"1252\" \/>\n\t<meta property=\"og:image:type\" content=\"image\/jpeg\" \/>\n<meta name=\"author\" content=\"Elie\" \/>\n<meta name=\"twitter:card\" content=\"summary_large_image\" \/>\n<meta name=\"twitter:creator\" content=\"@kanielagency\" \/>\n<meta name=\"twitter:site\" content=\"@kanielagency\" \/>\n<meta name=\"twitter:label1\" content=\"\u00c9crit par\" \/>\n\t<meta name=\"twitter:data1\" content=\"Elie\" \/>\n\t<meta name=\"twitter:label2\" content=\"Dur\u00e9e de lecture estim\u00e9e\" \/>\n\t<meta name=\"twitter:data2\" content=\"4 minutes\" \/>\n<script type=\"application\/ld+json\" class=\"yoast-schema-graph\">{\"@context\":\"https:\\\/\\\/schema.org\",\"@graph\":[{\"@type\":\"Article\",\"@id\":\"https:\\\/\\\/kaniel-agency.com\\\/fr\\\/reinventer-espaces-grandes-marques-architecture-interieur\\\/#article\",\"isPartOf\":{\"@id\":\"https:\\\/\\\/kaniel-agency.com\\\/fr\\\/reinventer-espaces-grandes-marques-architecture-interieur\\\/\"},\"author\":{\"name\":\"Elie\",\"@id\":\"https:\\\/\\\/kaniel-agency.com\\\/fr\\\/#\\\/schema\\\/person\\\/5b7e56f899cf198ff9c70ae5a232e083\"},\"headline\":\"R\u00e9inventer les espaces: les grandes marques de l&rsquo;architecture d&rsquo;int\u00e9rieur\",\"datePublished\":\"2024-01-29T16:22:31+00:00\",\"dateModified\":\"2024-02-06T16:25:57+00:00\",\"mainEntityOfPage\":{\"@id\":\"https:\\\/\\\/kaniel-agency.com\\\/fr\\\/reinventer-espaces-grandes-marques-architecture-interieur\\\/\"},\"wordCount\":838,\"commentCount\":0,\"publisher\":{\"@id\":\"https:\\\/\\\/kaniel-agency.com\\\/fr\\\/#organization\"},\"image\":{\"@id\":\"https:\\\/\\\/kaniel-agency.com\\\/fr\\\/reinventer-espaces-grandes-marques-architecture-interieur\\\/#primaryimage\"},\"thumbnailUrl\":\"https:\\\/\\\/kaniel-agency.com\\\/wp-content\\\/uploads\\\/2022\\\/03\\\/loca-nera-2.jpg\",\"keywords\":[\"d\u00e9coration\",\"d\u00e9coration int\u00e9rieure\",\"marques\",\"mobilier\",\"tendances\"],\"articleSection\":[\"Styles D\u00e9coratifs\"],\"inLanguage\":\"fr-FR\",\"potentialAction\":[{\"@type\":\"CommentAction\",\"name\":\"Comment\",\"target\":[\"https:\\\/\\\/kaniel-agency.com\\\/fr\\\/reinventer-espaces-grandes-marques-architecture-interieur\\\/#respond\"]}]},{\"@type\":\"WebPage\",\"@id\":\"https:\\\/\\\/kaniel-agency.com\\\/fr\\\/reinventer-espaces-grandes-marques-architecture-interieur\\\/\",\"url\":\"https:\\\/\\\/kaniel-agency.com\\\/fr\\\/reinventer-espaces-grandes-marques-architecture-interieur\\\/\",\"name\":\"R\u00e9inventer les espaces: les grandes marques de l'architecture d'int\u00e9rieur\",\"isPartOf\":{\"@id\":\"https:\\\/\\\/kaniel-agency.com\\\/fr\\\/#website\"},\"primaryImageOfPage\":{\"@id\":\"https:\\\/\\\/kaniel-agency.com\\\/fr\\\/reinventer-espaces-grandes-marques-architecture-interieur\\\/#primaryimage\"},\"image\":{\"@id\":\"https:\\\/\\\/kaniel-agency.com\\\/fr\\\/reinventer-espaces-grandes-marques-architecture-interieur\\\/#primaryimage\"},\"thumbnailUrl\":\"https:\\\/\\\/kaniel-agency.com\\\/wp-content\\\/uploads\\\/2022\\\/03\\\/loca-nera-2.jpg\",\"datePublished\":\"2024-01-29T16:22:31+00:00\",\"dateModified\":\"2024-02-06T16:25:57+00:00\",\"description\":\"Les grandes marques de d\u00e9coration d'int\u00e9rieur jouent un r\u00f4le crucial dans le secteur, en apportant des innovations et des tendances.\",\"breadcrumb\":{\"@id\":\"https:\\\/\\\/kaniel-agency.com\\\/fr\\\/reinventer-espaces-grandes-marques-architecture-interieur\\\/#breadcrumb\"},\"inLanguage\":\"fr-FR\",\"potentialAction\":[{\"@type\":\"ReadAction\",\"target\":[\"https:\\\/\\\/kaniel-agency.com\\\/fr\\\/reinventer-espaces-grandes-marques-architecture-interieur\\\/\"]}]},{\"@type\":\"ImageObject\",\"inLanguage\":\"fr-FR\",\"@id\":\"https:\\\/\\\/kaniel-agency.com\\\/fr\\\/reinventer-espaces-grandes-marques-architecture-interieur\\\/#primaryimage\",\"url\":\"https:\\\/\\\/kaniel-agency.com\\\/wp-content\\\/uploads\\\/2022\\\/03\\\/loca-nera-2.jpg\",\"contentUrl\":\"https:\\\/\\\/kaniel-agency.com\\\/wp-content\\\/uploads\\\/2022\\\/03\\\/loca-nera-2.jpg\",\"width\":1920,\"height\":1252},{\"@type\":\"BreadcrumbList\",\"@id\":\"https:\\\/\\\/kaniel-agency.com\\\/fr\\\/reinventer-espaces-grandes-marques-architecture-interieur\\\/#breadcrumb\",\"itemListElement\":[{\"@type\":\"ListItem\",\"position\":1,\"name\":\"Accueil\",\"item\":\"https:\\\/\\\/kaniel-agency.com\\\/fr\\\/\"},{\"@type\":\"ListItem\",\"position\":2,\"name\":\"Styles D\u00e9coratifs\",\"item\":\"https:\\\/\\\/kaniel-agency.com\\\/fr\\\/category\\\/styles-decoratifs\\\/\"},{\"@type\":\"ListItem\",\"position\":3,\"name\":\"R\u00e9inventer les espaces: les grandes marques de l&rsquo;architecture d&rsquo;int\u00e9rieur\"}]},{\"@type\":\"WebSite\",\"@id\":\"https:\\\/\\\/kaniel-agency.com\\\/fr\\\/#website\",\"url\":\"https:\\\/\\\/kaniel-agency.com\\\/fr\\\/\",\"name\":\"Kaniel Agency\",\"description\":\"Interiorism &amp; life style agency\",\"publisher\":{\"@id\":\"https:\\\/\\\/kaniel-agency.com\\\/fr\\\/#organization\"},\"potentialAction\":[{\"@type\":\"SearchAction\",\"target\":{\"@type\":\"EntryPoint\",\"urlTemplate\":\"https:\\\/\\\/kaniel-agency.com\\\/fr\\\/?s={search_term_string}\"},\"query-input\":{\"@type\":\"PropertyValueSpecification\",\"valueRequired\":true,\"valueName\":\"search_term_string\"}}],\"inLanguage\":\"fr-FR\"},{\"@type\":\"Organization\",\"@id\":\"https:\\\/\\\/kaniel-agency.com\\\/fr\\\/#organization\",\"name\":\"Kaniel Comercial, SL\",\"url\":\"https:\\\/\\\/kaniel-agency.com\\\/fr\\\/\",\"logo\":{\"@type\":\"ImageObject\",\"inLanguage\":\"fr-FR\",\"@id\":\"https:\\\/\\\/kaniel-agency.com\\\/fr\\\/#\\\/schema\\\/logo\\\/image\\\/\",\"url\":\"https:\\\/\\\/kaniel-agency.com\\\/wp-content\\\/uploads\\\/2020\\\/01\\\/logo-negro.svg\",\"contentUrl\":\"https:\\\/\\\/kaniel-agency.com\\\/wp-content\\\/uploads\\\/2020\\\/01\\\/logo-negro.svg\",\"width\":1,\"height\":1,\"caption\":\"Kaniel Comercial, SL\"},\"image\":{\"@id\":\"https:\\\/\\\/kaniel-agency.com\\\/fr\\\/#\\\/schema\\\/logo\\\/image\\\/\"},\"sameAs\":[\"https:\\\/\\\/www.facebook.com\\\/kanielagency\\\/\",\"https:\\\/\\\/x.com\\\/kanielagency\",\"https:\\\/\\\/www.linkedin.com\\\/company\\\/kanielagency\\\/\",\"https:\\\/\\\/www.instagram.com\\\/kanielagency\\\/\"]},{\"@type\":\"Person\",\"@id\":\"https:\\\/\\\/kaniel-agency.com\\\/fr\\\/#\\\/schema\\\/person\\\/5b7e56f899cf198ff9c70ae5a232e083\",\"name\":\"Elie\",\"image\":{\"@type\":\"ImageObject\",\"inLanguage\":\"fr-FR\",\"@id\":\"https:\\\/\\\/secure.gravatar.com\\\/avatar\\\/f19539a3cf8e4322d7139f805a32a8d23be64fb0d51386b972bce4e52c50dd83?s=96&d=https%3A%2F%2Fkaniel-agency.com%2Fwp-content%2Fuploads%2F2022%2F11%2Felie-halioui-kaniel-agency-scaled.jpg&r=g\",\"url\":\"https:\\\/\\\/secure.gravatar.com\\\/avatar\\\/f19539a3cf8e4322d7139f805a32a8d23be64fb0d51386b972bce4e52c50dd83?s=96&d=https%3A%2F%2Fkaniel-agency.com%2Fwp-content%2Fuploads%2F2022%2F11%2Felie-halioui-kaniel-agency-scaled.jpg&r=g\",\"contentUrl\":\"https:\\\/\\\/secure.gravatar.com\\\/avatar\\\/f19539a3cf8e4322d7139f805a32a8d23be64fb0d51386b972bce4e52c50dd83?s=96&d=https%3A%2F%2Fkaniel-agency.com%2Fwp-content%2Fuploads%2F2022%2F11%2Felie-halioui-kaniel-agency-scaled.jpg&r=g\",\"caption\":\"Elie\"},\"description\":\"CEO de Kaniel Agency. Formado en gesti\u00f3n empresarial y marketing de la mano de ESIC y con gran experiencia comercial en el \u00e1mbito de las relaciones p\u00fablicas, viajes corporativos y organizaci\u00f3n de eventos. Apasionado de la decoraci\u00f3n y el interiorismo as\u00ed como del deporte, la cocina y los viajes. Su experiencia en el sector de la decoraci\u00f3n empieza hace m\u00e1s de 20 a\u00f1os como Director en Espa\u00f1a de la filial Silea, France Gift. Kaniel Agency opera desde 2015 donde disfruta cada d\u00eda desarrollando su profesi\u00f3n: \\\"Estar al mando de Kaniel Agency me permite ser independiente en mis decisiones profesionales, desarrollar las marcas y productos que me gustan, y ayudar a clientes, representantes y marcas a desarrollar sus objetivos. Al tratarse para mi de una de mis aficiones, disfruto cada d\u00eda haciendo lo que m\u00e1s me gusta.\\\"\",\"sameAs\":[\"https:\\\/\\\/instagram.com\\\/eliehaliouaatt\",\"https:\\\/\\\/www.linkedin.com\\\/in\\\/kanielagency\\\/\"],\"url\":\"https:\\\/\\\/kaniel-agency.com\\\/fr\\\/author\\\/elie\\\/\"}]}<\/script>\n<!-- \/ Yoast SEO plugin. -->","yoast_head_json":{"title":"R\u00e9inventer les espaces: les grandes marques de l'architecture d'int\u00e9rieur","description":"Les grandes marques de d\u00e9coration d'int\u00e9rieur jouent un r\u00f4le crucial dans le secteur, en apportant des innovations et des tendances.","robots":{"index":"index","follow":"follow","max-snippet":"max-snippet:-1","max-image-preview":"max-image-preview:large","max-video-preview":"max-video-preview:-1"},"canonical":"https:\/\/kaniel-agency.com\/fr\/reinventer-espaces-grandes-marques-architecture-interieur\/","og_locale":"fr_FR","og_type":"article","og_title":"R\u00e9inventer les espaces: les grandes marques de l'architecture d'int\u00e9rieur","og_description":"Les grandes marques de d\u00e9coration d'int\u00e9rieur jouent un r\u00f4le crucial dans le secteur, en apportant des innovations et des tendances.","og_url":"https:\/\/kaniel-agency.com\/fr\/reinventer-espaces-grandes-marques-architecture-interieur\/","og_site_name":"Kaniel Agency","article_publisher":"https:\/\/www.facebook.com\/kanielagency\/","article_published_time":"2024-01-29T16:22:31+00:00","article_modified_time":"2024-02-06T16:25:57+00:00","og_image":[{"width":1920,"height":1252,"url":"https:\/\/kaniel-agency.com\/wp-content\/uploads\/2022\/03\/loca-nera-2.jpg","type":"image\/jpeg"}],"author":"Elie","twitter_card":"summary_large_image","twitter_creator":"@kanielagency","twitter_site":"@kanielagency","twitter_misc":{"\u00c9crit par":"Elie","Dur\u00e9e de lecture estim\u00e9e":"4 minutes"},"schema":{"@context":"https:\/\/schema.org","@graph":[{"@type":"Article","@id":"https:\/\/kaniel-agency.com\/fr\/reinventer-espaces-grandes-marques-architecture-interieur\/#article","isPartOf":{"@id":"https:\/\/kaniel-agency.com\/fr\/reinventer-espaces-grandes-marques-architecture-interieur\/"},"author":{"name":"Elie","@id":"https:\/\/kaniel-agency.com\/fr\/#\/schema\/person\/5b7e56f899cf198ff9c70ae5a232e083"},"headline":"R\u00e9inventer les espaces: les grandes marques de l&rsquo;architecture d&rsquo;int\u00e9rieur","datePublished":"2024-01-29T16:22:31+00:00","dateModified":"2024-02-06T16:25:57+00:00","mainEntityOfPage":{"@id":"https:\/\/kaniel-agency.com\/fr\/reinventer-espaces-grandes-marques-architecture-interieur\/"},"wordCount":838,"commentCount":0,"publisher":{"@id":"https:\/\/kaniel-agency.com\/fr\/#organization"},"image":{"@id":"https:\/\/kaniel-agency.com\/fr\/reinventer-espaces-grandes-marques-architecture-interieur\/#primaryimage"},"thumbnailUrl":"https:\/\/kaniel-agency.com\/wp-content\/uploads\/2022\/03\/loca-nera-2.jpg","keywords":["d\u00e9coration","d\u00e9coration int\u00e9rieure","marques","mobilier","tendances"],"articleSection":["Styles D\u00e9coratifs"],"inLanguage":"fr-FR","potentialAction":[{"@type":"CommentAction","name":"Comment","target":["https:\/\/kaniel-agency.com\/fr\/reinventer-espaces-grandes-marques-architecture-interieur\/#respond"]}]},{"@type":"WebPage","@id":"https:\/\/kaniel-agency.com\/fr\/reinventer-espaces-grandes-marques-architecture-interieur\/","url":"https:\/\/kaniel-agency.com\/fr\/reinventer-espaces-grandes-marques-architecture-interieur\/","name":"R\u00e9inventer les espaces: les grandes marques de l'architecture d'int\u00e9rieur","isPartOf":{"@id":"https:\/\/kaniel-agency.com\/fr\/#website"},"primaryImageOfPage":{"@id":"https:\/\/kaniel-agency.com\/fr\/reinventer-espaces-grandes-marques-architecture-interieur\/#primaryimage"},"image":{"@id":"https:\/\/kaniel-agency.com\/fr\/reinventer-espaces-grandes-marques-architecture-interieur\/#primaryimage"},"thumbnailUrl":"https:\/\/kaniel-agency.com\/wp-content\/uploads\/2022\/03\/loca-nera-2.jpg","datePublished":"2024-01-29T16:22:31+00:00","dateModified":"2024-02-06T16:25:57+00:00","description":"Les grandes marques de d\u00e9coration d'int\u00e9rieur jouent un r\u00f4le crucial dans le secteur, en apportant des innovations et des tendances.","breadcrumb":{"@id":"https:\/\/kaniel-agency.com\/fr\/reinventer-espaces-grandes-marques-architecture-interieur\/#breadcrumb"},"inLanguage":"fr-FR","potentialAction":[{"@type":"ReadAction","target":["https:\/\/kaniel-agency.com\/fr\/reinventer-espaces-grandes-marques-architecture-interieur\/"]}]},{"@type":"ImageObject","inLanguage":"fr-FR","@id":"https:\/\/kaniel-agency.com\/fr\/reinventer-espaces-grandes-marques-architecture-interieur\/#primaryimage","url":"https:\/\/kaniel-agency.com\/wp-content\/uploads\/2022\/03\/loca-nera-2.jpg","contentUrl":"https:\/\/kaniel-agency.com\/wp-content\/uploads\/2022\/03\/loca-nera-2.jpg","width":1920,"height":1252},{"@type":"BreadcrumbList","@id":"https:\/\/kaniel-agency.com\/fr\/reinventer-espaces-grandes-marques-architecture-interieur\/#breadcrumb","itemListElement":[{"@type":"ListItem","position":1,"name":"Accueil","item":"https:\/\/kaniel-agency.com\/fr\/"},{"@type":"ListItem","position":2,"name":"Styles D\u00e9coratifs","item":"https:\/\/kaniel-agency.com\/fr\/category\/styles-decoratifs\/"},{"@type":"ListItem","position":3,"name":"R\u00e9inventer les espaces: les grandes marques de l&rsquo;architecture d&rsquo;int\u00e9rieur"}]},{"@type":"WebSite","@id":"https:\/\/kaniel-agency.com\/fr\/#website","url":"https:\/\/kaniel-agency.com\/fr\/","name":"Kaniel Agency","description":"Interiorism &amp; life style agency","publisher":{"@id":"https:\/\/kaniel-agency.com\/fr\/#organization"},"potentialAction":[{"@type":"SearchAction","target":{"@type":"EntryPoint","urlTemplate":"https:\/\/kaniel-agency.com\/fr\/?s={search_term_string}"},"query-input":{"@type":"PropertyValueSpecification","valueRequired":true,"valueName":"search_term_string"}}],"inLanguage":"fr-FR"},{"@type":"Organization","@id":"https:\/\/kaniel-agency.com\/fr\/#organization","name":"Kaniel Comercial, SL","url":"https:\/\/kaniel-agency.com\/fr\/","logo":{"@type":"ImageObject","inLanguage":"fr-FR","@id":"https:\/\/kaniel-agency.com\/fr\/#\/schema\/logo\/image\/","url":"https:\/\/kaniel-agency.com\/wp-content\/uploads\/2020\/01\/logo-negro.svg","contentUrl":"https:\/\/kaniel-agency.com\/wp-content\/uploads\/2020\/01\/logo-negro.svg","width":1,"height":1,"caption":"Kaniel Comercial, SL"},"image":{"@id":"https:\/\/kaniel-agency.com\/fr\/#\/schema\/logo\/image\/"},"sameAs":["https:\/\/www.facebook.com\/kanielagency\/","https:\/\/x.com\/kanielagency","https:\/\/www.linkedin.com\/company\/kanielagency\/","https:\/\/www.instagram.com\/kanielagency\/"]},{"@type":"Person","@id":"https:\/\/kaniel-agency.com\/fr\/#\/schema\/person\/5b7e56f899cf198ff9c70ae5a232e083","name":"Elie","image":{"@type":"ImageObject","inLanguage":"fr-FR","@id":"https:\/\/secure.gravatar.com\/avatar\/f19539a3cf8e4322d7139f805a32a8d23be64fb0d51386b972bce4e52c50dd83?s=96&d=https%3A%2F%2Fkaniel-agency.com%2Fwp-content%2Fuploads%2F2022%2F11%2Felie-halioui-kaniel-agency-scaled.jpg&r=g","url":"https:\/\/secure.gravatar.com\/avatar\/f19539a3cf8e4322d7139f805a32a8d23be64fb0d51386b972bce4e52c50dd83?s=96&d=https%3A%2F%2Fkaniel-agency.com%2Fwp-content%2Fuploads%2F2022%2F11%2Felie-halioui-kaniel-agency-scaled.jpg&r=g","contentUrl":"https:\/\/secure.gravatar.com\/avatar\/f19539a3cf8e4322d7139f805a32a8d23be64fb0d51386b972bce4e52c50dd83?s=96&d=https%3A%2F%2Fkaniel-agency.com%2Fwp-content%2Fuploads%2F2022%2F11%2Felie-halioui-kaniel-agency-scaled.jpg&r=g","caption":"Elie"},"description":"CEO de Kaniel Agency. Formado en gesti\u00f3n empresarial y marketing de la mano de ESIC y con gran experiencia comercial en el \u00e1mbito de las relaciones p\u00fablicas, viajes corporativos y organizaci\u00f3n de eventos. Apasionado de la decoraci\u00f3n y el interiorismo as\u00ed como del deporte, la cocina y los viajes. Su experiencia en el sector de la decoraci\u00f3n empieza hace m\u00e1s de 20 a\u00f1os como Director en Espa\u00f1a de la filial Silea, France Gift. Kaniel Agency opera desde 2015 donde disfruta cada d\u00eda desarrollando su profesi\u00f3n: \"Estar al mando de Kaniel Agency me permite ser independiente en mis decisiones profesionales, desarrollar las marcas y productos que me gustan, y ayudar a clientes, representantes y marcas a desarrollar sus objetivos. Al tratarse para mi de una de mis aficiones, disfruto cada d\u00eda haciendo lo que m\u00e1s me gusta.\"","sameAs":["https:\/\/instagram.com\/eliehaliouaatt","https:\/\/www.linkedin.com\/in\/kanielagency\/"],"url":"https:\/\/kaniel-agency.com\/fr\/author\/elie\/"}]}},"_links":{"self":[{"href":"https:\/\/kaniel-agency.com\/fr\/wp-json\/wp\/v2\/posts\/10909","targetHints":{"allow":["GET"]}}],"collection":[{"href":"https:\/\/kaniel-agency.com\/fr\/wp-json\/wp\/v2\/posts"}],"about":[{"href":"https:\/\/kaniel-agency.com\/fr\/wp-json\/wp\/v2\/types\/post"}],"author":[{"embeddable":true,"href":"https:\/\/kaniel-agency.com\/fr\/wp-json\/wp\/v2\/users\/4"}],"replies":[{"embeddable":true,"href":"https:\/\/kaniel-agency.com\/fr\/wp-json\/wp\/v2\/comments?post=10909"}],"version-history":[{"count":1,"href":"https:\/\/kaniel-agency.com\/fr\/wp-json\/wp\/v2\/posts\/10909\/revisions"}],"predecessor-version":[{"id":10910,"href":"https:\/\/kaniel-agency.com\/fr\/wp-json\/wp\/v2\/posts\/10909\/revisions\/10910"}],"wp:attachment":[{"href":"https:\/\/kaniel-agency.com\/fr\/wp-json\/wp\/v2\/media?parent=10909"}],"wp:term":[{"taxonomy":"category","embeddable":true,"href":"https:\/\/kaniel-agency.com\/fr\/wp-json\/wp\/v2\/categories?post=10909"},{"taxonomy":"post_tag","embeddable":true,"href":"https:\/\/kaniel-agency.com\/fr\/wp-json\/wp\/v2\/tags?post=10909"}],"curies":[{"name":"wp","href":"https:\/\/api.w.org\/{rel}","templated":true}]}}