{"id":10451,"date":"2023-06-26T13:18:30","date_gmt":"2023-06-26T11:18:30","guid":{"rendered":"https:\/\/kaniel-agency.com\/?p=10451"},"modified":"2026-02-04T16:00:18","modified_gmt":"2026-02-04T15:00:18","slug":"bibliotheques-et-etageres-de-design-pour-optimiser-votre-bureau-chez-vous","status":"publish","type":"post","link":"https:\/\/kaniel-agency.com\/fr\/bibliotheques-et-etageres-de-design-pour-optimiser-votre-bureau-chez-vous\/","title":{"rendered":"Biblioth\u00e8ques et \u00e9tag\u00e8res de design pour optimiser votre bureau chez vous"},"content":{"rendered":"\n\n<div class=\"kk-star-ratings kksr-auto kksr-align-left kksr-valign-top\"\n    data-payload='{&quot;align&quot;:&quot;left&quot;,&quot;id&quot;:&quot;10451&quot;,&quot;slug&quot;:&quot;default&quot;,&quot;valign&quot;:&quot;top&quot;,&quot;ignore&quot;:&quot;&quot;,&quot;reference&quot;:&quot;auto&quot;,&quot;class&quot;:&quot;&quot;,&quot;count&quot;:&quot;0&quot;,&quot;legendonly&quot;:&quot;&quot;,&quot;readonly&quot;:&quot;&quot;,&quot;score&quot;:&quot;0&quot;,&quot;starsonly&quot;:&quot;&quot;,&quot;best&quot;:&quot;5&quot;,&quot;gap&quot;:&quot;4&quot;,&quot;greet&quot;:&quot;Rate this post&quot;,&quot;legend&quot;:&quot;0\\\/5 - (0 vote)&quot;,&quot;size&quot;:&quot;20&quot;,&quot;title&quot;:&quot;Biblioth\u00e8ques et \u00e9tag\u00e8res de design pour optimiser votre bureau chez vous&quot;,&quot;width&quot;:&quot;0&quot;,&quot;_legend&quot;:&quot;{score}\\\/{best} - ({count} {votes})&quot;,&quot;font_factor&quot;:&quot;1.25&quot;}'>\n            \n<div class=\"kksr-stars\">\n    \n<div class=\"kksr-stars-inactive\">\n            <div class=\"kksr-star\" data-star=\"1\" style=\"padding-right: 4px\">\n            \n\n<div class=\"kksr-icon\" style=\"width: 20px; height: 20px;\"><\/div>\n        <\/div>\n            <div class=\"kksr-star\" data-star=\"2\" style=\"padding-right: 4px\">\n            \n\n<div class=\"kksr-icon\" style=\"width: 20px; height: 20px;\"><\/div>\n        <\/div>\n            <div class=\"kksr-star\" data-star=\"3\" style=\"padding-right: 4px\">\n            \n\n<div class=\"kksr-icon\" style=\"width: 20px; height: 20px;\"><\/div>\n        <\/div>\n            <div class=\"kksr-star\" data-star=\"4\" style=\"padding-right: 4px\">\n            \n\n<div class=\"kksr-icon\" style=\"width: 20px; height: 20px;\"><\/div>\n        <\/div>\n            <div class=\"kksr-star\" data-star=\"5\" style=\"padding-right: 4px\">\n            \n\n<div class=\"kksr-icon\" style=\"width: 20px; height: 20px;\"><\/div>\n        <\/div>\n    <\/div>\n    \n<div class=\"kksr-stars-active\" style=\"width: 0px;\">\n            <div class=\"kksr-star\" style=\"padding-right: 4px\">\n            \n\n<div class=\"kksr-icon\" style=\"width: 20px; height: 20px;\"><\/div>\n        <\/div>\n            <div class=\"kksr-star\" style=\"padding-right: 4px\">\n            \n\n<div class=\"kksr-icon\" style=\"width: 20px; height: 20px;\"><\/div>\n        <\/div>\n            <div class=\"kksr-star\" style=\"padding-right: 4px\">\n            \n\n<div class=\"kksr-icon\" style=\"width: 20px; height: 20px;\"><\/div>\n        <\/div>\n            <div class=\"kksr-star\" style=\"padding-right: 4px\">\n            \n\n<div class=\"kksr-icon\" style=\"width: 20px; height: 20px;\"><\/div>\n        <\/div>\n            <div class=\"kksr-star\" style=\"padding-right: 4px\">\n            \n\n<div class=\"kksr-icon\" style=\"width: 20px; height: 20px;\"><\/div>\n        <\/div>\n    <\/div>\n<\/div>\n                \n\n<div class=\"kksr-legend\" style=\"font-size: 16px;\">\n            <span class=\"kksr-muted\">Rate this post<\/span>\n    <\/div>\n    <\/div>\n\n<p class=\"wp-block-paragraph\">Avez-vous d\u00e9j\u00e0 imagin\u00e9 ce que ce serait de travailler dans un bureau chez vous qui refl\u00e8te votre personnalit\u00e9 et votre style ? Un espace o\u00f9 vous vous sentiriez inspir\u00e9 et motiv\u00e9 pour donner le meilleur de vous-m\u00eame. Aujourd&rsquo;hui, nous allons vous faire d\u00e9couvrir le meilleur des secrets sur les biblioth\u00e8ques et les \u00e9tag\u00e8res de design qui feront de votre bureau l&rsquo;endroit id\u00e9al pour stimuler votre cr\u00e9ativit\u00e9.<\/p>\n\n\n\n<h2 class=\"wp-block-heading\">Biblioth\u00e8ques et \u00e9tag\u00e8res de design : fonctionnalit\u00e9 et style dans votre bureau<\/h2>\n\n\n\n<p class=\"wp-block-paragraph\">Lorsqu&rsquo;il s&rsquo;agit de cr\u00e9er une atmosph\u00e8re agr\u00e9able et efficace dans votre bureau \u00e0 domicile, les biblioth\u00e8ques et \u00e9tag\u00e8res de design sont des \u00e9l\u00e9ments cl\u00e9s<strong>. Non seulement elles contribuent \u00e0 maintenir l&rsquo;ordre et l&rsquo;organisation<\/strong>, <strong>mais elles ajoutent \u00e9galement une touche d&rsquo;\u00e9l\u00e9gance et de sophistication \u00e0 votre espace de travail.<\/strong><\/p>\n\n\n\n<figure class=\"wp-block-gallery has-nested-images columns-default is-cropped wp-block-gallery-2 is-layout-flex wp-block-gallery-is-layout-flex\">\n<figure class=\"wp-block-image size-large\"><img fetchpriority=\"high\" decoding=\"async\" width=\"800\" height=\"800\" data-id=\"10452\" src=\"https:\/\/kaniel-agency.com\/wp-content\/uploads\/2023\/06\/estanteria-2-1.jpg\" alt=\"estanter\u00eda 2\" class=\"wp-image-10452\" srcset=\"https:\/\/kaniel-agency.com\/wp-content\/uploads\/2023\/06\/estanteria-2-1.jpg 800w, https:\/\/kaniel-agency.com\/wp-content\/uploads\/2023\/06\/estanteria-2-1-300x300.jpg 300w, https:\/\/kaniel-agency.com\/wp-content\/uploads\/2023\/06\/estanteria-2-1-150x150.jpg 150w, https:\/\/kaniel-agency.com\/wp-content\/uploads\/2023\/06\/estanteria-2-1-768x768.jpg 768w\" sizes=\"(max-width: 800px) 100vw, 800px\" \/><\/figure>\n\n\n\n<figure class=\"wp-block-image size-large\"><img decoding=\"async\" width=\"800\" height=\"800\" data-id=\"10454\" src=\"https:\/\/kaniel-agency.com\/wp-content\/uploads\/2023\/06\/estanteria-3-1.jpg\" alt=\"estanter\u00eda 3\" class=\"wp-image-10454\" srcset=\"https:\/\/kaniel-agency.com\/wp-content\/uploads\/2023\/06\/estanteria-3-1.jpg 800w, https:\/\/kaniel-agency.com\/wp-content\/uploads\/2023\/06\/estanteria-3-1-300x300.jpg 300w, https:\/\/kaniel-agency.com\/wp-content\/uploads\/2023\/06\/estanteria-3-1-150x150.jpg 150w, https:\/\/kaniel-agency.com\/wp-content\/uploads\/2023\/06\/estanteria-3-1-768x768.jpg 768w\" sizes=\"(max-width: 800px) 100vw, 800px\" \/><\/figure>\n\n\n\n<figure class=\"wp-block-image size-large\"><img decoding=\"async\" width=\"800\" height=\"800\" data-id=\"10456\" src=\"https:\/\/kaniel-agency.com\/wp-content\/uploads\/2023\/06\/estanteria-1-1.jpg\" alt=\"estanter\u00eda 1\" class=\"wp-image-10456\" srcset=\"https:\/\/kaniel-agency.com\/wp-content\/uploads\/2023\/06\/estanteria-1-1.jpg 800w, https:\/\/kaniel-agency.com\/wp-content\/uploads\/2023\/06\/estanteria-1-1-300x300.jpg 300w, https:\/\/kaniel-agency.com\/wp-content\/uploads\/2023\/06\/estanteria-1-1-150x150.jpg 150w, https:\/\/kaniel-agency.com\/wp-content\/uploads\/2023\/06\/estanteria-1-1-768x768.jpg 768w\" sizes=\"(max-width: 800px) 100vw, 800px\" \/><\/figure>\n<\/figure>\n\n\n\n<h3 class=\"wp-block-heading\">Types de biblioth\u00e8ques et d&rsquo;\u00e9tag\u00e8res de design<\/h3>\n\n\n\n<p class=\"wp-block-paragraph\"><strong>\u00c9tag\u00e8res ouvertes<\/strong> : ces biblioth\u00e8ques offrent une grande visibilit\u00e9 \u00e0 vos livres et objets d\u00e9coratifs. Elles sont id\u00e9ales pour ceux qui souhaitent exposer leurs collections et ajouter une touche de personnalit\u00e9 au bureau.<\/p>\n\n\n\n<p class=\"wp-block-paragraph\"><strong>Biblioth\u00e8ques modulaires<\/strong> : La polyvalence est la cl\u00e9 de ces biblioth\u00e8ques. Vous pouvez les adapter \u00e0 vos besoins et cr\u00e9er des compositions uniques. De plus, leur design moderne et minimaliste en fait le compl\u00e9ment id\u00e9al d&rsquo;un bureau contemporain.<\/p>\n\n\n\n<p class=\"wp-block-paragraph\"><strong>Biblioth\u00e8ques \u00e0 portes <\/strong>: Si vous pr\u00e9f\u00e9rez garder vos livres et documents \u00e0 l&rsquo;abri des regards, les biblioth\u00e8ques \u00e0 portes sont le choix id\u00e9al. Ces \u00e9tag\u00e8res vous permettent de ranger le contenu de vos livres et de garder votre bureau en ordre.<\/p>\n\n\n\n<p class=\"wp-block-paragraph\"><strong>\u00c9tag\u00e8res suspendues<\/strong> : vous souhaitez optimiser votre espace ? Les \u00e9tag\u00e8res suspendues sont la solution id\u00e9ale. Ces biblioth\u00e8ques s&rsquo;installent directement sur le mur, lib\u00e9rant ainsi de l&rsquo;espace au sol et cr\u00e9ant un effet visuel l\u00e9ger et moderne.<\/p>\n\n\n\n<h2 class=\"wp-block-heading\">Quel meuble choisir en fonction du style d\u00e9coratif des autres pi\u00e8ces de la maison ?<\/h2>\n\n\n\n<h3 class=\"wp-block-heading\">Le style industriel<\/h3>\n\n\n\n<figure class=\"wp-block-gallery has-nested-images columns-default is-cropped wp-block-gallery-3 is-layout-flex wp-block-gallery-is-layout-flex\">\n<figure class=\"wp-block-image size-large\"><img loading=\"lazy\" decoding=\"async\" width=\"800\" height=\"800\" data-id=\"10447\" src=\"https:\/\/kaniel-agency.com\/wp-content\/uploads\/2023\/06\/estanteria-5.jpg\" alt=\"estanteria-5\" class=\"wp-image-10447\" srcset=\"https:\/\/kaniel-agency.com\/wp-content\/uploads\/2023\/06\/estanteria-5.jpg 800w, https:\/\/kaniel-agency.com\/wp-content\/uploads\/2023\/06\/estanteria-5-300x300.jpg 300w, https:\/\/kaniel-agency.com\/wp-content\/uploads\/2023\/06\/estanteria-5-150x150.jpg 150w, https:\/\/kaniel-agency.com\/wp-content\/uploads\/2023\/06\/estanteria-5-768x768.jpg 768w\" sizes=\"(max-width: 800px) 100vw, 800px\" \/><\/figure>\n\n\n\n<figure class=\"wp-block-image size-large\"><img loading=\"lazy\" decoding=\"async\" width=\"800\" height=\"800\" data-id=\"10446\" src=\"https:\/\/kaniel-agency.com\/wp-content\/uploads\/2023\/06\/estanteria-4.jpg\" alt=\"estanteria-4\" class=\"wp-image-10446\" srcset=\"https:\/\/kaniel-agency.com\/wp-content\/uploads\/2023\/06\/estanteria-4.jpg 800w, https:\/\/kaniel-agency.com\/wp-content\/uploads\/2023\/06\/estanteria-4-300x300.jpg 300w, https:\/\/kaniel-agency.com\/wp-content\/uploads\/2023\/06\/estanteria-4-150x150.jpg 150w, https:\/\/kaniel-agency.com\/wp-content\/uploads\/2023\/06\/estanteria-4-768x768.jpg 768w\" sizes=\"(max-width: 800px) 100vw, 800px\" \/><\/figure>\n\n\n\n<figure class=\"wp-block-image size-large\"><img loading=\"lazy\" decoding=\"async\" width=\"800\" height=\"800\" data-id=\"10443\" src=\"https:\/\/kaniel-agency.com\/wp-content\/uploads\/2023\/06\/estanteria-6.jpg\" alt=\"\" class=\"wp-image-10443\" srcset=\"https:\/\/kaniel-agency.com\/wp-content\/uploads\/2023\/06\/estanteria-6.jpg 800w, https:\/\/kaniel-agency.com\/wp-content\/uploads\/2023\/06\/estanteria-6-300x300.jpg 300w, https:\/\/kaniel-agency.com\/wp-content\/uploads\/2023\/06\/estanteria-6-150x150.jpg 150w, https:\/\/kaniel-agency.com\/wp-content\/uploads\/2023\/06\/estanteria-6-768x768.jpg 768w\" sizes=\"(max-width: 800px) 100vw, 800px\" \/><\/figure>\n<\/figure>\n\n\n\n<p class=\"wp-block-paragraph\">Si vous \u00eates passionn\u00e9 par le look urbain et moderne, les biblioth\u00e8ques de style industriel sont parfaites pour vous. Ce style se caract\u00e9rise par une combinaison de mat\u00e9riaux tels que le m\u00e9tal et le bois patin\u00e9, cr\u00e9ant une atmosph\u00e8re contemporaine pleine de caract\u00e8re. <strong>Ce m\u00e9lange entre la solidit\u00e9 du m\u00e9tal et la chaleur du bois cr\u00e9e un effet visuel saisissant.\u00a0<\/strong><\/p>\n\n\n\n<p class=\"wp-block-paragraph\">De plus, les biblioth\u00e8ques industrielles ont souvent un design ouvert, ce qui vous permet de mettre en valeur vos livres et vos objets de d\u00e9coration.&nbsp;<\/p>\n\n\n\n<p class=\"wp-block-paragraph\">Vous pouvez compl\u00e9ter ce style avec des lampes de style vintage, des chaises en cuir et des \u00e9l\u00e9ments d\u00e9coratifs d&rsquo;inspiration industrielle, tels que des bo\u00eetes en m\u00e9tal ou des tuyaux apparents. Vous obtiendrez ainsi <strong>un bureau \u00e0 l&rsquo;allure urbaine <\/strong>qui vous incitera \u00e0 travailler de mani\u00e8re cr\u00e9ative et dynamique.<\/p>\n\n\n\n<h3 class=\"wp-block-heading\">Style nordique<\/h3>\n\n\n\n<figure class=\"wp-block-gallery has-nested-images columns-default is-cropped wp-block-gallery-4 is-layout-flex wp-block-gallery-is-layout-flex\">\n<figure class=\"wp-block-image size-large\"><img loading=\"lazy\" decoding=\"async\" width=\"800\" height=\"800\" data-id=\"10439\" src=\"https:\/\/kaniel-agency.com\/wp-content\/uploads\/2023\/06\/estanteria-10.jpg\" alt=\"estanteria-10\" class=\"wp-image-10439\" srcset=\"https:\/\/kaniel-agency.com\/wp-content\/uploads\/2023\/06\/estanteria-10.jpg 800w, https:\/\/kaniel-agency.com\/wp-content\/uploads\/2023\/06\/estanteria-10-300x300.jpg 300w, https:\/\/kaniel-agency.com\/wp-content\/uploads\/2023\/06\/estanteria-10-150x150.jpg 150w, https:\/\/kaniel-agency.com\/wp-content\/uploads\/2023\/06\/estanteria-10-768x768.jpg 768w\" sizes=\"(max-width: 800px) 100vw, 800px\" \/><\/figure>\n\n\n\n<figure class=\"wp-block-image size-large\"><img loading=\"lazy\" decoding=\"async\" width=\"800\" height=\"800\" data-id=\"10458\" src=\"https:\/\/kaniel-agency.com\/wp-content\/uploads\/2023\/06\/estanteria-9-1.jpg\" alt=\"estanter\u00eda 9\" class=\"wp-image-10458\" srcset=\"https:\/\/kaniel-agency.com\/wp-content\/uploads\/2023\/06\/estanteria-9-1.jpg 800w, https:\/\/kaniel-agency.com\/wp-content\/uploads\/2023\/06\/estanteria-9-1-300x300.jpg 300w, https:\/\/kaniel-agency.com\/wp-content\/uploads\/2023\/06\/estanteria-9-1-150x150.jpg 150w, https:\/\/kaniel-agency.com\/wp-content\/uploads\/2023\/06\/estanteria-9-1-768x768.jpg 768w\" sizes=\"(max-width: 800px) 100vw, 800px\" \/><\/figure>\n<\/figure>\n\n\n\n<p class=\"wp-block-paragraph\">La simplicit\u00e9 et la fonctionnalit\u00e9 sont les pierres angulaires du design nordique. Opter pour des<strong> \u00e9tag\u00e8res aux lignes \u00e9pur\u00e9es et aux couleurs claires <\/strong>est donc un excellent choix pour cr\u00e9er un bureau lumineux et accueillant.\u00a0<\/p>\n\n\n\n<p class=\"wp-block-paragraph\">Ce style se caract\u00e9rise par son approche minimaliste et son souci du d\u00e9tail.&nbsp;<\/p>\n\n\n\n<p class=\"wp-block-paragraph\">Les \u00e9tag\u00e8res nordiques<strong> sont g\u00e9n\u00e9ralement fabriqu\u00e9es en bois naturel, comme le bouleau ou le ch\u00eane, et pr\u00e9sentent des traits simples et rectilignes.\u00a0<\/strong><\/p>\n\n\n\n<p class=\"wp-block-paragraph\">Vous pouvez combiner les \u00e9tag\u00e8res avec des chaises ergonomiques, des bureaux simples et des lampes au design scandinave. En ajoutant des touches de couleurs douces, comme des tons pastel ou du gris clair, vous contribuerez \u00e9galement \u00e0 l&rsquo;impression de calme et d&rsquo;harmonie qui se d\u00e9gage de l&rsquo;ensemble.&nbsp;<\/p>\n\n\n\n<p class=\"wp-block-paragraph\">Le style nordique est id\u00e9al si vous recherchez un espace calme et fonctionnel qui favorise la concentration et la productivit\u00e9.<\/p>\n\n\n\n<h3 class=\"wp-block-heading\">Style classique<\/h3>\n\n\n\n<figure class=\"wp-block-gallery has-nested-images columns-default is-cropped wp-block-gallery-5 is-layout-flex wp-block-gallery-is-layout-flex\">\n<figure class=\"wp-block-image size-large\"><img loading=\"lazy\" decoding=\"async\" width=\"800\" height=\"800\" data-id=\"10435\" src=\"https:\/\/kaniel-agency.com\/wp-content\/uploads\/2023\/06\/estanteria-8.jpg\" alt=\"estanteria-8\" class=\"wp-image-10435\" srcset=\"https:\/\/kaniel-agency.com\/wp-content\/uploads\/2023\/06\/estanteria-8.jpg 800w, https:\/\/kaniel-agency.com\/wp-content\/uploads\/2023\/06\/estanteria-8-300x300.jpg 300w, https:\/\/kaniel-agency.com\/wp-content\/uploads\/2023\/06\/estanteria-8-150x150.jpg 150w, https:\/\/kaniel-agency.com\/wp-content\/uploads\/2023\/06\/estanteria-8-768x768.jpg 768w\" sizes=\"(max-width: 800px) 100vw, 800px\" \/><\/figure>\n\n\n\n<figure class=\"wp-block-image size-large\"><img loading=\"lazy\" decoding=\"async\" width=\"800\" height=\"800\" data-id=\"10436\" src=\"https:\/\/kaniel-agency.com\/wp-content\/uploads\/2023\/06\/estanteria-11.jpg\" alt=\"estanteria-11\" class=\"wp-image-10436\" srcset=\"https:\/\/kaniel-agency.com\/wp-content\/uploads\/2023\/06\/estanteria-11.jpg 800w, https:\/\/kaniel-agency.com\/wp-content\/uploads\/2023\/06\/estanteria-11-300x300.jpg 300w, https:\/\/kaniel-agency.com\/wp-content\/uploads\/2023\/06\/estanteria-11-150x150.jpg 150w, https:\/\/kaniel-agency.com\/wp-content\/uploads\/2023\/06\/estanteria-11-768x768.jpg 768w\" sizes=\"(max-width: 800px) 100vw, 800px\" \/><\/figure>\n<\/figure>\n\n\n\n<p class=\"wp-block-paragraph\">Si vous pr\u00e9f\u00e9rez un style plus traditionnel, les biblioth\u00e8ques de style classique sont le choix id\u00e9al pour donner une touche de classe \u00e0 votre bureau.&nbsp;<\/p>\n\n\n\n<p class=\"wp-block-paragraph\"><strong>Ce style est bas\u00e9 sur l&rsquo;\u00e9l\u00e9gance et la sophistication, l&rsquo;utilisation de mat\u00e9riaux nobles et de d\u00e9tails ornementaux.\u00a0<\/strong><\/p>\n\n\n\n<p class=\"wp-block-paragraph\">Les biblioth\u00e8ques classiques sont g\u00e9n\u00e9ralement fabriqu\u00e9es en bois dur, comme le cerisier ou l&rsquo;acajou, et pr\u00e9sentent des finitions finement travaill\u00e9es. Les \u00e9tag\u00e8res sont souvent r\u00e9glables pour accueillir des livres et des objets de diff\u00e9rentes tailles.&nbsp;<\/p>\n\n\n\n<p class=\"wp-block-paragraph\">Vous pouvez combiner les biblioth\u00e8ques classiques avec des bureaux en bois massif, des chaises recouvertes de tissus de qualit\u00e9 et des lampes de table aux accents dor\u00e9s ou argent\u00e9s. Vous pouvez \u00e9galement ajouter des \u00e9l\u00e9ments d\u00e9coratifs classiques, tels que des vases en porcelaine ou des cadres. Le r\u00e9sultat sera un<strong> bureau \u00e9l\u00e9gant et intemporel<\/strong>, id\u00e9al pour ceux qui recherchent une atmosph\u00e8re plus formelle et raffin\u00e9e dans leur espace de travail.<\/p>\n\n\n\n<h2 class=\"wp-block-heading\">Conseils pour achever votre bureau chez vous avec des biblioth\u00e8ques et des \u00e9tag\u00e8res de design<\/h2>\n\n\n\n<figure class=\"wp-block-image aligncenter size-full is-resized\"><img loading=\"lazy\" decoding=\"async\" src=\"https:\/\/kaniel-agency.com\/wp-content\/uploads\/2023\/06\/estanteria-7-1.jpg\" alt=\"estanteria-7-1\" class=\"wp-image-10449\" width=\"400\" height=\"400\" srcset=\"https:\/\/kaniel-agency.com\/wp-content\/uploads\/2023\/06\/estanteria-7-1.jpg 800w, https:\/\/kaniel-agency.com\/wp-content\/uploads\/2023\/06\/estanteria-7-1-300x300.jpg 300w, https:\/\/kaniel-agency.com\/wp-content\/uploads\/2023\/06\/estanteria-7-1-150x150.jpg 150w, https:\/\/kaniel-agency.com\/wp-content\/uploads\/2023\/06\/estanteria-7-1-768x768.jpg 768w\" sizes=\"(max-width: 400px) 100vw, 400px\" \/><\/figure>\n\n\n\n<p class=\"wp-block-paragraph\"><strong>Analysez l&rsquo;espace disponible<\/strong> : avant de choisir une biblioth\u00e8que ou une \u00e9tag\u00e8re de design, mesurez et \u00e9valuez l&rsquo;espace disponible dans votre bureau. Cela vous aidera \u00e0 d\u00e9terminer la bonne taille et la bonne disposition du meuble.<\/p>\n\n\n\n<p class=\"wp-block-paragraph\"><strong>D\u00e9finissez vos besoins en mati\u00e8re de rangement<\/strong> : r\u00e9fl\u00e9chissez au nombre de livres, de documents et d&rsquo;objets que vous souhaitez exposer ou ranger dans votre bureau. Cela vous aidera \u00e0 choisir une biblioth\u00e8que ou un meuble \u00e0 \u00e9tag\u00e8res avec le bon nombre d&rsquo;\u00e9tag\u00e8res ou de compartiments.<\/p>\n\n\n\n<p class=\"wp-block-paragraph\"><strong>Choisissez des mat\u00e9riaux de qualit\u00e9<\/strong> : optez pour des meubles fabriqu\u00e9s dans des mat\u00e9riaux durables et de qualit\u00e9. Le bois massif, le m\u00e9tal robuste ou une combinaison des deux sont des choix appr\u00e9ci\u00e9s en mati\u00e8re de d\u00e9coration d&rsquo;int\u00e9rieur.<\/p>\n\n\n\n<p class=\"wp-block-paragraph\"><strong>Tenez compte de l&rsquo;harmonie visuelle<\/strong> : veillez \u00e0 ce que votre biblioth\u00e8que design s&rsquo;int\u00e8gre harmonieusement au style et \u00e0 la d\u00e9coration de votre bureau. Recherchez des couleurs, des formes et des finitions qui compl\u00e8tent l&rsquo;ambiance g\u00e9n\u00e9rale de la pi\u00e8ce.<\/p>\n\n\n\n<p class=\"wp-block-paragraph\"><strong>Organisation et rangement<\/strong> : Profitez de votre biblioth\u00e8que ou de votre \u00e9tag\u00e8re design pour organiser votre bureau.\u00a0<\/p>\n\n\n\n<p class=\"wp-block-paragraph\"><strong>\u00c9clairage ad\u00e9quat <\/strong>: vous pouvez utiliser un \u00e9clairage encastr\u00e9 dans les \u00e9tag\u00e8res pour mettre en valeur vos livres pr\u00e9f\u00e9r\u00e9s ou int\u00e9grer des lampes de table plac\u00e9es \u00e0 des endroits strat\u00e9giques pour cr\u00e9er une atmosph\u00e8re chaleureuse.<\/p>\n\n\n\n<p class=\"wp-block-paragraph\"><strong>Fonctionnalit\u00e9 ergonomique <\/strong>: si vous travaillez de longues heures dans votre bureau, il est important que la conception de la biblioth\u00e8que ou de l&rsquo;\u00e9tag\u00e8re r\u00e9ponde \u00e0 vos besoins ergonomiques. Veillez \u00e0 ce que les \u00e9tag\u00e8res soient faciles d&rsquo;acc\u00e8s et ne vous obligent pas \u00e0 adopter des postures contraignantes lorsque vous cherchez ou placez des objets.<\/p>\n\n\n\n<p class=\"wp-block-paragraph\"><strong>Personnalisez votre espace<\/strong> : ajoutez des touches personnelles \u00e0 votre biblioth\u00e8que ou \u00e9tag\u00e8re design. Placez des photographies, des plantes ou d&rsquo;autres objets d\u00e9coratifs qui refl\u00e8tent votre style et vous inspirent dans votre travail.<\/p>\n","protected":false},"excerpt":{"rendered":"<p>Avez-vous d\u00e9j\u00e0 imagin\u00e9 ce que ce serait de travailler dans un bureau chez vous qui refl\u00e8te votre personnalit\u00e9 et votre style ? Un espace o\u00f9 vous vous sentiriez inspir\u00e9 et motiv\u00e9 pour donner le meilleur de vous-m\u00eame. Aujourd&rsquo;hui, nous allons vous faire d\u00e9couvrir le meilleur des secrets sur les biblioth\u00e8ques et les \u00e9tag\u00e8res de design [&hellip;]<\/p>\n","protected":false},"author":4,"featured_media":10428,"comment_status":"open","ping_status":"open","sticky":false,"template":"","format":"standard","meta":{"_acf_changed":false,"_ayudawp_aiss_exclude":false,"_ayudawp_aiss_exclude_summary":false,"_ayudawp_aiss_summary":"","_ayudawp_aiss_summary_provider":"","_ayudawp_aiss_summary_hash":"","footnotes":""},"categories":[4],"tags":[61,74,166,38],"class_list":["post-10451","post","type-post","status-publish","format-standard","has-post-thumbnail","hentry","category-nouvelles","tag-conseils","tag-conseils-de-decoration","tag-inspiration","tag-mobilier"],"acf":[],"yoast_head":"<!-- This site is optimized with the Yoast SEO plugin v28.3 - https:\/\/yoast.com\/product\/yoast-seo-wordpress\/ -->\n<title>D\u00e9couvrez les meilleures biblioth\u00e8ques et \u00e9tag\u00e8res de design &#8226; Kaniel Agency<\/title>\n<meta name=\"description\" content=\"Achevez votre bureau chez vous avec des biblioth\u00e8ques et des \u00e9tag\u00e8res de design. D\u00e9couvrez les derni\u00e8res tendances en mati\u00e8re de mobilier pour la maison.\" \/>\n<meta name=\"robots\" content=\"index, follow, max-snippet:-1, max-image-preview:large, max-video-preview:-1\" \/>\n<link rel=\"canonical\" href=\"https:\/\/kaniel-agency.com\/fr\/bibliotheques-et-etageres-de-design-pour-optimiser-votre-bureau-chez-vous\/\" \/>\n<meta property=\"og:locale\" content=\"fr_FR\" \/>\n<meta property=\"og:type\" content=\"article\" \/>\n<meta property=\"og:title\" content=\"D\u00e9couvrez les meilleures biblioth\u00e8ques et \u00e9tag\u00e8res de design &#8226; Kaniel Agency\" \/>\n<meta property=\"og:description\" content=\"Achevez votre bureau chez vous avec des biblioth\u00e8ques et des \u00e9tag\u00e8res de design. D\u00e9couvrez les derni\u00e8res tendances en mati\u00e8re de mobilier pour la maison.\" \/>\n<meta property=\"og:url\" content=\"https:\/\/kaniel-agency.com\/fr\/bibliotheques-et-etageres-de-design-pour-optimiser-votre-bureau-chez-vous\/\" \/>\n<meta property=\"og:site_name\" content=\"Kaniel Agency\" \/>\n<meta property=\"article:publisher\" content=\"https:\/\/www.facebook.com\/kanielagency\/\" \/>\n<meta property=\"article:published_time\" content=\"2023-06-26T11:18:30+00:00\" \/>\n<meta property=\"article:modified_time\" content=\"2026-02-04T15:00:18+00:00\" \/>\n<meta property=\"og:image\" content=\"https:\/\/kaniel-agency.com\/wp-content\/uploads\/2023\/06\/estanteria-portada.jpg\" \/>\n\t<meta property=\"og:image:width\" content=\"800\" \/>\n\t<meta property=\"og:image:height\" content=\"800\" \/>\n\t<meta property=\"og:image:type\" content=\"image\/jpeg\" \/>\n<meta name=\"author\" content=\"Elie\" \/>\n<meta name=\"twitter:card\" content=\"summary_large_image\" \/>\n<meta name=\"twitter:creator\" content=\"@kanielagency\" \/>\n<meta name=\"twitter:site\" content=\"@kanielagency\" \/>\n<meta name=\"twitter:label1\" content=\"\u00c9crit par\" \/>\n\t<meta name=\"twitter:data1\" content=\"Elie\" \/>\n\t<meta name=\"twitter:label2\" content=\"Dur\u00e9e de lecture estim\u00e9e\" \/>\n\t<meta name=\"twitter:data2\" content=\"7 minutes\" \/>\n<script type=\"application\/ld+json\" class=\"yoast-schema-graph\">{\"@context\":\"https:\\\/\\\/schema.org\",\"@graph\":[{\"@type\":\"Article\",\"@id\":\"https:\\\/\\\/kaniel-agency.com\\\/fr\\\/bibliotheques-et-etageres-de-design-pour-optimiser-votre-bureau-chez-vous\\\/#article\",\"isPartOf\":{\"@id\":\"https:\\\/\\\/kaniel-agency.com\\\/fr\\\/bibliotheques-et-etageres-de-design-pour-optimiser-votre-bureau-chez-vous\\\/\"},\"author\":{\"name\":\"Elie\",\"@id\":\"https:\\\/\\\/kaniel-agency.com\\\/fr\\\/#\\\/schema\\\/person\\\/5b7e56f899cf198ff9c70ae5a232e083\"},\"headline\":\"Biblioth\u00e8ques et \u00e9tag\u00e8res de design pour optimiser votre bureau chez vous\",\"datePublished\":\"2023-06-26T11:18:30+00:00\",\"dateModified\":\"2026-02-04T15:00:18+00:00\",\"mainEntityOfPage\":{\"@id\":\"https:\\\/\\\/kaniel-agency.com\\\/fr\\\/bibliotheques-et-etageres-de-design-pour-optimiser-votre-bureau-chez-vous\\\/\"},\"wordCount\":1200,\"commentCount\":0,\"publisher\":{\"@id\":\"https:\\\/\\\/kaniel-agency.com\\\/fr\\\/#organization\"},\"image\":{\"@id\":\"https:\\\/\\\/kaniel-agency.com\\\/fr\\\/bibliotheques-et-etageres-de-design-pour-optimiser-votre-bureau-chez-vous\\\/#primaryimage\"},\"thumbnailUrl\":\"https:\\\/\\\/kaniel-agency.com\\\/wp-content\\\/uploads\\\/2023\\\/06\\\/estanteria-portada.jpg\",\"keywords\":[\"conseils\",\"conseils de d\u00e9coration\",\"inspiration\",\"mobilier\"],\"articleSection\":[\"Nouvelles\"],\"inLanguage\":\"fr-FR\",\"potentialAction\":[{\"@type\":\"CommentAction\",\"name\":\"Comment\",\"target\":[\"https:\\\/\\\/kaniel-agency.com\\\/fr\\\/bibliotheques-et-etageres-de-design-pour-optimiser-votre-bureau-chez-vous\\\/#respond\"]}]},{\"@type\":\"WebPage\",\"@id\":\"https:\\\/\\\/kaniel-agency.com\\\/fr\\\/bibliotheques-et-etageres-de-design-pour-optimiser-votre-bureau-chez-vous\\\/\",\"url\":\"https:\\\/\\\/kaniel-agency.com\\\/fr\\\/bibliotheques-et-etageres-de-design-pour-optimiser-votre-bureau-chez-vous\\\/\",\"name\":\"D\u00e9couvrez les meilleures biblioth\u00e8ques et \u00e9tag\u00e8res de design &#8226; Kaniel Agency\",\"isPartOf\":{\"@id\":\"https:\\\/\\\/kaniel-agency.com\\\/fr\\\/#website\"},\"primaryImageOfPage\":{\"@id\":\"https:\\\/\\\/kaniel-agency.com\\\/fr\\\/bibliotheques-et-etageres-de-design-pour-optimiser-votre-bureau-chez-vous\\\/#primaryimage\"},\"image\":{\"@id\":\"https:\\\/\\\/kaniel-agency.com\\\/fr\\\/bibliotheques-et-etageres-de-design-pour-optimiser-votre-bureau-chez-vous\\\/#primaryimage\"},\"thumbnailUrl\":\"https:\\\/\\\/kaniel-agency.com\\\/wp-content\\\/uploads\\\/2023\\\/06\\\/estanteria-portada.jpg\",\"datePublished\":\"2023-06-26T11:18:30+00:00\",\"dateModified\":\"2026-02-04T15:00:18+00:00\",\"description\":\"Achevez votre bureau chez vous avec des biblioth\u00e8ques et des \u00e9tag\u00e8res de design. D\u00e9couvrez les derni\u00e8res tendances en mati\u00e8re de mobilier pour la maison.\",\"breadcrumb\":{\"@id\":\"https:\\\/\\\/kaniel-agency.com\\\/fr\\\/bibliotheques-et-etageres-de-design-pour-optimiser-votre-bureau-chez-vous\\\/#breadcrumb\"},\"inLanguage\":\"fr-FR\",\"potentialAction\":[{\"@type\":\"ReadAction\",\"target\":[\"https:\\\/\\\/kaniel-agency.com\\\/fr\\\/bibliotheques-et-etageres-de-design-pour-optimiser-votre-bureau-chez-vous\\\/\"]}]},{\"@type\":\"ImageObject\",\"inLanguage\":\"fr-FR\",\"@id\":\"https:\\\/\\\/kaniel-agency.com\\\/fr\\\/bibliotheques-et-etageres-de-design-pour-optimiser-votre-bureau-chez-vous\\\/#primaryimage\",\"url\":\"https:\\\/\\\/kaniel-agency.com\\\/wp-content\\\/uploads\\\/2023\\\/06\\\/estanteria-portada.jpg\",\"contentUrl\":\"https:\\\/\\\/kaniel-agency.com\\\/wp-content\\\/uploads\\\/2023\\\/06\\\/estanteria-portada.jpg\",\"width\":800,\"height\":800,\"caption\":\"estanter\u00eda portada\"},{\"@type\":\"BreadcrumbList\",\"@id\":\"https:\\\/\\\/kaniel-agency.com\\\/fr\\\/bibliotheques-et-etageres-de-design-pour-optimiser-votre-bureau-chez-vous\\\/#breadcrumb\",\"itemListElement\":[{\"@type\":\"ListItem\",\"position\":1,\"name\":\"Accueil\",\"item\":\"https:\\\/\\\/kaniel-agency.com\\\/fr\\\/\"},{\"@type\":\"ListItem\",\"position\":2,\"name\":\"Nouvelles\",\"item\":\"https:\\\/\\\/kaniel-agency.com\\\/fr\\\/category\\\/nouvelles\\\/\"},{\"@type\":\"ListItem\",\"position\":3,\"name\":\"Biblioth\u00e8ques et \u00e9tag\u00e8res de design pour optimiser votre bureau chez vous\"}]},{\"@type\":\"WebSite\",\"@id\":\"https:\\\/\\\/kaniel-agency.com\\\/fr\\\/#website\",\"url\":\"https:\\\/\\\/kaniel-agency.com\\\/fr\\\/\",\"name\":\"Kaniel Agency\",\"description\":\"Interiorism &amp; life style agency\",\"publisher\":{\"@id\":\"https:\\\/\\\/kaniel-agency.com\\\/fr\\\/#organization\"},\"potentialAction\":[{\"@type\":\"SearchAction\",\"target\":{\"@type\":\"EntryPoint\",\"urlTemplate\":\"https:\\\/\\\/kaniel-agency.com\\\/fr\\\/?s={search_term_string}\"},\"query-input\":{\"@type\":\"PropertyValueSpecification\",\"valueRequired\":true,\"valueName\":\"search_term_string\"}}],\"inLanguage\":\"fr-FR\"},{\"@type\":\"Organization\",\"@id\":\"https:\\\/\\\/kaniel-agency.com\\\/fr\\\/#organization\",\"name\":\"Kaniel Comercial, SL\",\"url\":\"https:\\\/\\\/kaniel-agency.com\\\/fr\\\/\",\"logo\":{\"@type\":\"ImageObject\",\"inLanguage\":\"fr-FR\",\"@id\":\"https:\\\/\\\/kaniel-agency.com\\\/fr\\\/#\\\/schema\\\/logo\\\/image\\\/\",\"url\":\"https:\\\/\\\/kaniel-agency.com\\\/wp-content\\\/uploads\\\/2020\\\/01\\\/logo-negro.svg\",\"contentUrl\":\"https:\\\/\\\/kaniel-agency.com\\\/wp-content\\\/uploads\\\/2020\\\/01\\\/logo-negro.svg\",\"width\":1,\"height\":1,\"caption\":\"Kaniel Comercial, SL\"},\"image\":{\"@id\":\"https:\\\/\\\/kaniel-agency.com\\\/fr\\\/#\\\/schema\\\/logo\\\/image\\\/\"},\"sameAs\":[\"https:\\\/\\\/www.facebook.com\\\/kanielagency\\\/\",\"https:\\\/\\\/x.com\\\/kanielagency\",\"https:\\\/\\\/www.linkedin.com\\\/company\\\/kanielagency\\\/\",\"https:\\\/\\\/www.instagram.com\\\/kanielagency\\\/\"]},{\"@type\":\"Person\",\"@id\":\"https:\\\/\\\/kaniel-agency.com\\\/fr\\\/#\\\/schema\\\/person\\\/5b7e56f899cf198ff9c70ae5a232e083\",\"name\":\"Elie\",\"image\":{\"@type\":\"ImageObject\",\"inLanguage\":\"fr-FR\",\"@id\":\"https:\\\/\\\/secure.gravatar.com\\\/avatar\\\/f19539a3cf8e4322d7139f805a32a8d23be64fb0d51386b972bce4e52c50dd83?s=96&d=https%3A%2F%2Fkaniel-agency.com%2Fwp-content%2Fuploads%2F2022%2F11%2Felie-halioui-kaniel-agency-scaled.jpg&r=g\",\"url\":\"https:\\\/\\\/secure.gravatar.com\\\/avatar\\\/f19539a3cf8e4322d7139f805a32a8d23be64fb0d51386b972bce4e52c50dd83?s=96&d=https%3A%2F%2Fkaniel-agency.com%2Fwp-content%2Fuploads%2F2022%2F11%2Felie-halioui-kaniel-agency-scaled.jpg&r=g\",\"contentUrl\":\"https:\\\/\\\/secure.gravatar.com\\\/avatar\\\/f19539a3cf8e4322d7139f805a32a8d23be64fb0d51386b972bce4e52c50dd83?s=96&d=https%3A%2F%2Fkaniel-agency.com%2Fwp-content%2Fuploads%2F2022%2F11%2Felie-halioui-kaniel-agency-scaled.jpg&r=g\",\"caption\":\"Elie\"},\"description\":\"CEO de Kaniel Agency. Formado en gesti\u00f3n empresarial y marketing de la mano de ESIC y con gran experiencia comercial en el \u00e1mbito de las relaciones p\u00fablicas, viajes corporativos y organizaci\u00f3n de eventos. Apasionado de la decoraci\u00f3n y el interiorismo as\u00ed como del deporte, la cocina y los viajes. Su experiencia en el sector de la decoraci\u00f3n empieza hace m\u00e1s de 20 a\u00f1os como Director en Espa\u00f1a de la filial Silea, France Gift. Kaniel Agency opera desde 2015 donde disfruta cada d\u00eda desarrollando su profesi\u00f3n: \\\"Estar al mando de Kaniel Agency me permite ser independiente en mis decisiones profesionales, desarrollar las marcas y productos que me gustan, y ayudar a clientes, representantes y marcas a desarrollar sus objetivos. Al tratarse para mi de una de mis aficiones, disfruto cada d\u00eda haciendo lo que m\u00e1s me gusta.\\\"\",\"sameAs\":[\"https:\\\/\\\/instagram.com\\\/eliehaliouaatt\",\"https:\\\/\\\/www.linkedin.com\\\/in\\\/kanielagency\\\/\"],\"url\":\"https:\\\/\\\/kaniel-agency.com\\\/fr\\\/author\\\/elie\\\/\"}]}<\/script>\n<!-- \/ Yoast SEO plugin. -->","yoast_head_json":{"title":"D\u00e9couvrez les meilleures biblioth\u00e8ques et \u00e9tag\u00e8res de design &#8226; Kaniel Agency","description":"Achevez votre bureau chez vous avec des biblioth\u00e8ques et des \u00e9tag\u00e8res de design. D\u00e9couvrez les derni\u00e8res tendances en mati\u00e8re de mobilier pour la maison.","robots":{"index":"index","follow":"follow","max-snippet":"max-snippet:-1","max-image-preview":"max-image-preview:large","max-video-preview":"max-video-preview:-1"},"canonical":"https:\/\/kaniel-agency.com\/fr\/bibliotheques-et-etageres-de-design-pour-optimiser-votre-bureau-chez-vous\/","og_locale":"fr_FR","og_type":"article","og_title":"D\u00e9couvrez les meilleures biblioth\u00e8ques et \u00e9tag\u00e8res de design &#8226; Kaniel Agency","og_description":"Achevez votre bureau chez vous avec des biblioth\u00e8ques et des \u00e9tag\u00e8res de design. D\u00e9couvrez les derni\u00e8res tendances en mati\u00e8re de mobilier pour la maison.","og_url":"https:\/\/kaniel-agency.com\/fr\/bibliotheques-et-etageres-de-design-pour-optimiser-votre-bureau-chez-vous\/","og_site_name":"Kaniel Agency","article_publisher":"https:\/\/www.facebook.com\/kanielagency\/","article_published_time":"2023-06-26T11:18:30+00:00","article_modified_time":"2026-02-04T15:00:18+00:00","og_image":[{"width":800,"height":800,"url":"https:\/\/kaniel-agency.com\/wp-content\/uploads\/2023\/06\/estanteria-portada.jpg","type":"image\/jpeg"}],"author":"Elie","twitter_card":"summary_large_image","twitter_creator":"@kanielagency","twitter_site":"@kanielagency","twitter_misc":{"\u00c9crit par":"Elie","Dur\u00e9e de lecture estim\u00e9e":"7 minutes"},"schema":{"@context":"https:\/\/schema.org","@graph":[{"@type":"Article","@id":"https:\/\/kaniel-agency.com\/fr\/bibliotheques-et-etageres-de-design-pour-optimiser-votre-bureau-chez-vous\/#article","isPartOf":{"@id":"https:\/\/kaniel-agency.com\/fr\/bibliotheques-et-etageres-de-design-pour-optimiser-votre-bureau-chez-vous\/"},"author":{"name":"Elie","@id":"https:\/\/kaniel-agency.com\/fr\/#\/schema\/person\/5b7e56f899cf198ff9c70ae5a232e083"},"headline":"Biblioth\u00e8ques et \u00e9tag\u00e8res de design pour optimiser votre bureau chez vous","datePublished":"2023-06-26T11:18:30+00:00","dateModified":"2026-02-04T15:00:18+00:00","mainEntityOfPage":{"@id":"https:\/\/kaniel-agency.com\/fr\/bibliotheques-et-etageres-de-design-pour-optimiser-votre-bureau-chez-vous\/"},"wordCount":1200,"commentCount":0,"publisher":{"@id":"https:\/\/kaniel-agency.com\/fr\/#organization"},"image":{"@id":"https:\/\/kaniel-agency.com\/fr\/bibliotheques-et-etageres-de-design-pour-optimiser-votre-bureau-chez-vous\/#primaryimage"},"thumbnailUrl":"https:\/\/kaniel-agency.com\/wp-content\/uploads\/2023\/06\/estanteria-portada.jpg","keywords":["conseils","conseils de d\u00e9coration","inspiration","mobilier"],"articleSection":["Nouvelles"],"inLanguage":"fr-FR","potentialAction":[{"@type":"CommentAction","name":"Comment","target":["https:\/\/kaniel-agency.com\/fr\/bibliotheques-et-etageres-de-design-pour-optimiser-votre-bureau-chez-vous\/#respond"]}]},{"@type":"WebPage","@id":"https:\/\/kaniel-agency.com\/fr\/bibliotheques-et-etageres-de-design-pour-optimiser-votre-bureau-chez-vous\/","url":"https:\/\/kaniel-agency.com\/fr\/bibliotheques-et-etageres-de-design-pour-optimiser-votre-bureau-chez-vous\/","name":"D\u00e9couvrez les meilleures biblioth\u00e8ques et \u00e9tag\u00e8res de design &#8226; Kaniel Agency","isPartOf":{"@id":"https:\/\/kaniel-agency.com\/fr\/#website"},"primaryImageOfPage":{"@id":"https:\/\/kaniel-agency.com\/fr\/bibliotheques-et-etageres-de-design-pour-optimiser-votre-bureau-chez-vous\/#primaryimage"},"image":{"@id":"https:\/\/kaniel-agency.com\/fr\/bibliotheques-et-etageres-de-design-pour-optimiser-votre-bureau-chez-vous\/#primaryimage"},"thumbnailUrl":"https:\/\/kaniel-agency.com\/wp-content\/uploads\/2023\/06\/estanteria-portada.jpg","datePublished":"2023-06-26T11:18:30+00:00","dateModified":"2026-02-04T15:00:18+00:00","description":"Achevez votre bureau chez vous avec des biblioth\u00e8ques et des \u00e9tag\u00e8res de design. D\u00e9couvrez les derni\u00e8res tendances en mati\u00e8re de mobilier pour la maison.","breadcrumb":{"@id":"https:\/\/kaniel-agency.com\/fr\/bibliotheques-et-etageres-de-design-pour-optimiser-votre-bureau-chez-vous\/#breadcrumb"},"inLanguage":"fr-FR","potentialAction":[{"@type":"ReadAction","target":["https:\/\/kaniel-agency.com\/fr\/bibliotheques-et-etageres-de-design-pour-optimiser-votre-bureau-chez-vous\/"]}]},{"@type":"ImageObject","inLanguage":"fr-FR","@id":"https:\/\/kaniel-agency.com\/fr\/bibliotheques-et-etageres-de-design-pour-optimiser-votre-bureau-chez-vous\/#primaryimage","url":"https:\/\/kaniel-agency.com\/wp-content\/uploads\/2023\/06\/estanteria-portada.jpg","contentUrl":"https:\/\/kaniel-agency.com\/wp-content\/uploads\/2023\/06\/estanteria-portada.jpg","width":800,"height":800,"caption":"estanter\u00eda portada"},{"@type":"BreadcrumbList","@id":"https:\/\/kaniel-agency.com\/fr\/bibliotheques-et-etageres-de-design-pour-optimiser-votre-bureau-chez-vous\/#breadcrumb","itemListElement":[{"@type":"ListItem","position":1,"name":"Accueil","item":"https:\/\/kaniel-agency.com\/fr\/"},{"@type":"ListItem","position":2,"name":"Nouvelles","item":"https:\/\/kaniel-agency.com\/fr\/category\/nouvelles\/"},{"@type":"ListItem","position":3,"name":"Biblioth\u00e8ques et \u00e9tag\u00e8res de design pour optimiser votre bureau chez vous"}]},{"@type":"WebSite","@id":"https:\/\/kaniel-agency.com\/fr\/#website","url":"https:\/\/kaniel-agency.com\/fr\/","name":"Kaniel Agency","description":"Interiorism &amp; life style agency","publisher":{"@id":"https:\/\/kaniel-agency.com\/fr\/#organization"},"potentialAction":[{"@type":"SearchAction","target":{"@type":"EntryPoint","urlTemplate":"https:\/\/kaniel-agency.com\/fr\/?s={search_term_string}"},"query-input":{"@type":"PropertyValueSpecification","valueRequired":true,"valueName":"search_term_string"}}],"inLanguage":"fr-FR"},{"@type":"Organization","@id":"https:\/\/kaniel-agency.com\/fr\/#organization","name":"Kaniel Comercial, SL","url":"https:\/\/kaniel-agency.com\/fr\/","logo":{"@type":"ImageObject","inLanguage":"fr-FR","@id":"https:\/\/kaniel-agency.com\/fr\/#\/schema\/logo\/image\/","url":"https:\/\/kaniel-agency.com\/wp-content\/uploads\/2020\/01\/logo-negro.svg","contentUrl":"https:\/\/kaniel-agency.com\/wp-content\/uploads\/2020\/01\/logo-negro.svg","width":1,"height":1,"caption":"Kaniel Comercial, SL"},"image":{"@id":"https:\/\/kaniel-agency.com\/fr\/#\/schema\/logo\/image\/"},"sameAs":["https:\/\/www.facebook.com\/kanielagency\/","https:\/\/x.com\/kanielagency","https:\/\/www.linkedin.com\/company\/kanielagency\/","https:\/\/www.instagram.com\/kanielagency\/"]},{"@type":"Person","@id":"https:\/\/kaniel-agency.com\/fr\/#\/schema\/person\/5b7e56f899cf198ff9c70ae5a232e083","name":"Elie","image":{"@type":"ImageObject","inLanguage":"fr-FR","@id":"https:\/\/secure.gravatar.com\/avatar\/f19539a3cf8e4322d7139f805a32a8d23be64fb0d51386b972bce4e52c50dd83?s=96&d=https%3A%2F%2Fkaniel-agency.com%2Fwp-content%2Fuploads%2F2022%2F11%2Felie-halioui-kaniel-agency-scaled.jpg&r=g","url":"https:\/\/secure.gravatar.com\/avatar\/f19539a3cf8e4322d7139f805a32a8d23be64fb0d51386b972bce4e52c50dd83?s=96&d=https%3A%2F%2Fkaniel-agency.com%2Fwp-content%2Fuploads%2F2022%2F11%2Felie-halioui-kaniel-agency-scaled.jpg&r=g","contentUrl":"https:\/\/secure.gravatar.com\/avatar\/f19539a3cf8e4322d7139f805a32a8d23be64fb0d51386b972bce4e52c50dd83?s=96&d=https%3A%2F%2Fkaniel-agency.com%2Fwp-content%2Fuploads%2F2022%2F11%2Felie-halioui-kaniel-agency-scaled.jpg&r=g","caption":"Elie"},"description":"CEO de Kaniel Agency. Formado en gesti\u00f3n empresarial y marketing de la mano de ESIC y con gran experiencia comercial en el \u00e1mbito de las relaciones p\u00fablicas, viajes corporativos y organizaci\u00f3n de eventos. Apasionado de la decoraci\u00f3n y el interiorismo as\u00ed como del deporte, la cocina y los viajes. Su experiencia en el sector de la decoraci\u00f3n empieza hace m\u00e1s de 20 a\u00f1os como Director en Espa\u00f1a de la filial Silea, France Gift. Kaniel Agency opera desde 2015 donde disfruta cada d\u00eda desarrollando su profesi\u00f3n: \"Estar al mando de Kaniel Agency me permite ser independiente en mis decisiones profesionales, desarrollar las marcas y productos que me gustan, y ayudar a clientes, representantes y marcas a desarrollar sus objetivos. Al tratarse para mi de una de mis aficiones, disfruto cada d\u00eda haciendo lo que m\u00e1s me gusta.\"","sameAs":["https:\/\/instagram.com\/eliehaliouaatt","https:\/\/www.linkedin.com\/in\/kanielagency\/"],"url":"https:\/\/kaniel-agency.com\/fr\/author\/elie\/"}]}},"_links":{"self":[{"href":"https:\/\/kaniel-agency.com\/fr\/wp-json\/wp\/v2\/posts\/10451","targetHints":{"allow":["GET"]}}],"collection":[{"href":"https:\/\/kaniel-agency.com\/fr\/wp-json\/wp\/v2\/posts"}],"about":[{"href":"https:\/\/kaniel-agency.com\/fr\/wp-json\/wp\/v2\/types\/post"}],"author":[{"embeddable":true,"href":"https:\/\/kaniel-agency.com\/fr\/wp-json\/wp\/v2\/users\/4"}],"replies":[{"embeddable":true,"href":"https:\/\/kaniel-agency.com\/fr\/wp-json\/wp\/v2\/comments?post=10451"}],"version-history":[{"count":1,"href":"https:\/\/kaniel-agency.com\/fr\/wp-json\/wp\/v2\/posts\/10451\/revisions"}],"predecessor-version":[{"id":13283,"href":"https:\/\/kaniel-agency.com\/fr\/wp-json\/wp\/v2\/posts\/10451\/revisions\/13283"}],"wp:featuredmedia":[{"embeddable":true,"href":"https:\/\/kaniel-agency.com\/fr\/wp-json\/wp\/v2\/media\/10428"}],"wp:attachment":[{"href":"https:\/\/kaniel-agency.com\/fr\/wp-json\/wp\/v2\/media?parent=10451"}],"wp:term":[{"taxonomy":"category","embeddable":true,"href":"https:\/\/kaniel-agency.com\/fr\/wp-json\/wp\/v2\/categories?post=10451"},{"taxonomy":"post_tag","embeddable":true,"href":"https:\/\/kaniel-agency.com\/fr\/wp-json\/wp\/v2\/tags?post=10451"}],"curies":[{"name":"wp","href":"https:\/\/api.w.org\/{rel}","templated":true}]}}