{"id":9239,"date":"2025-12-29T12:00:00","date_gmt":"2025-12-29T11:00:00","guid":{"rendered":"https:\/\/kaniel-agency.com\/?p=9239"},"modified":"2026-01-13T20:21:03","modified_gmt":"2026-01-13T19:21:03","slug":"feria-intergift-madrid","status":"publish","type":"post","link":"https:\/\/kaniel-agency.com\/es\/feria-intergift-madrid\/","title":{"rendered":"Intergift 2026: la gran cita de la decoraci\u00f3n y el regalo en Madrid"},"content":{"rendered":"\n\n<div class=\"kk-star-ratings kksr-auto kksr-align-left kksr-valign-top\"\n    data-payload='{&quot;align&quot;:&quot;left&quot;,&quot;id&quot;:&quot;9239&quot;,&quot;slug&quot;:&quot;default&quot;,&quot;valign&quot;:&quot;top&quot;,&quot;ignore&quot;:&quot;&quot;,&quot;reference&quot;:&quot;auto&quot;,&quot;class&quot;:&quot;&quot;,&quot;count&quot;:&quot;1&quot;,&quot;legendonly&quot;:&quot;&quot;,&quot;readonly&quot;:&quot;&quot;,&quot;score&quot;:&quot;5&quot;,&quot;starsonly&quot;:&quot;&quot;,&quot;best&quot;:&quot;5&quot;,&quot;gap&quot;:&quot;4&quot;,&quot;greet&quot;:&quot;Rate this post&quot;,&quot;legend&quot;:&quot;5\\\/5 - (1 voto)&quot;,&quot;size&quot;:&quot;20&quot;,&quot;title&quot;:&quot;Intergift 2026: la gran cita de la decoraci\u00f3n y el regalo en Madrid&quot;,&quot;width&quot;:&quot;118&quot;,&quot;_legend&quot;:&quot;{score}\\\/{best} - ({count} {votes})&quot;,&quot;font_factor&quot;:&quot;1.25&quot;}'>\n            \n<div class=\"kksr-stars\">\n    \n<div class=\"kksr-stars-inactive\">\n            <div class=\"kksr-star\" data-star=\"1\" style=\"padding-right: 4px\">\n            \n\n<div class=\"kksr-icon\" style=\"width: 20px; height: 20px;\"><\/div>\n        <\/div>\n            <div class=\"kksr-star\" data-star=\"2\" style=\"padding-right: 4px\">\n            \n\n<div class=\"kksr-icon\" style=\"width: 20px; height: 20px;\"><\/div>\n        <\/div>\n            <div class=\"kksr-star\" data-star=\"3\" style=\"padding-right: 4px\">\n            \n\n<div class=\"kksr-icon\" style=\"width: 20px; height: 20px;\"><\/div>\n        <\/div>\n            <div class=\"kksr-star\" data-star=\"4\" style=\"padding-right: 4px\">\n            \n\n<div class=\"kksr-icon\" style=\"width: 20px; height: 20px;\"><\/div>\n        <\/div>\n            <div class=\"kksr-star\" data-star=\"5\" style=\"padding-right: 4px\">\n            \n\n<div class=\"kksr-icon\" style=\"width: 20px; height: 20px;\"><\/div>\n        <\/div>\n    <\/div>\n    \n<div class=\"kksr-stars-active\" style=\"width: 118px;\">\n            <div class=\"kksr-star\" style=\"padding-right: 4px\">\n            \n\n<div class=\"kksr-icon\" style=\"width: 20px; height: 20px;\"><\/div>\n        <\/div>\n            <div class=\"kksr-star\" style=\"padding-right: 4px\">\n            \n\n<div class=\"kksr-icon\" style=\"width: 20px; height: 20px;\"><\/div>\n        <\/div>\n            <div class=\"kksr-star\" style=\"padding-right: 4px\">\n            \n\n<div class=\"kksr-icon\" style=\"width: 20px; height: 20px;\"><\/div>\n        <\/div>\n            <div class=\"kksr-star\" style=\"padding-right: 4px\">\n            \n\n<div class=\"kksr-icon\" style=\"width: 20px; height: 20px;\"><\/div>\n        <\/div>\n            <div class=\"kksr-star\" style=\"padding-right: 4px\">\n            \n\n<div class=\"kksr-icon\" style=\"width: 20px; height: 20px;\"><\/div>\n        <\/div>\n    <\/div>\n<\/div>\n                \n\n<div class=\"kksr-legend\" style=\"font-size: 16px;\">\n            5\/5 - (1 voto)    <\/div>\n    <\/div>\n\n<p>Cuando hablamos de tendencias de interiorismo y decoraci\u00f3n en Espa\u00f1a, <strong><a href=\"https:\/\/www.ifema.es\/intergift\" target=\"_blank\" rel=\"noreferrer noopener\">Intergift<\/a><\/strong> es uno de los encuentros profesionales m\u00e1s importantes del a\u00f1o. Su edici\u00f3n de septiembre marca el inicio de la temporada de primavera-verano para el sector deco y es la oportunidad perfecta para descubrir novedades, cerrar acuerdos y conectar con marcas y distribuidores clave.<\/p>\n\n\n\n<p><strong>Del 4 al 7 de febrero de 2026<\/strong>, <strong>IFEMA Madrid<\/strong> acoger\u00e1 esta nueva edici\u00f3n de Intergift, que inaugura el calendario ferial del sector decoraci\u00f3n en Espa\u00f1a. Durante esos d\u00edas, la capital se transforma en el gran escaparate de la creatividad, el dise\u00f1o y la inspiraci\u00f3n para el hogar y el regalo, ofreciendo una visi\u00f3n completa de lo que marcar\u00e1 la temporada primavera-verano.<\/p>\n\n\n\n<h2 class=\"wp-block-heading\">\u00bfPor qu\u00e9 Intergift es una cita imprescindible?<\/h2>\n\n\n\n<p><strong>Intergift<\/strong> es el lugar de encuentro imprescindible para interioristas, concept stores, tiendas especializadas, arquitectos y prescriptores que buscan inspiraci\u00f3n, alianzas comerciales y productos diferenciadores.<\/p>\n\n\n\n<p>La feria se estructura en \u00e1reas tem\u00e1ticas para facilitar la experiencia profesional:<\/p>\n\n\n\n<h3 class=\"wp-block-heading\">Alta Decoraci\u00f3n<\/h3>\n\n\n\n<p>Firmas premium y propuestas exclusivas de mobiliario, iluminaci\u00f3n y complementos.<\/p>\n\n\n\n<h3 class=\"wp-block-heading\">Editores Textiles<\/h3>\n\n\n\n<p>Las mejores marcas europeas de textil hogar con colecciones frescas, llenas de textura y color.<\/p>\n\n\n\n<h3 class=\"wp-block-heading\">Neo<\/h3>\n\n\n\n<p>Un espacio vibrante con propuestas de dise\u00f1o joven, original y contempor\u00e1neo.<\/p>\n\n\n\n<h3 class=\"wp-block-heading\">Hecho a Mano<\/h3>\n\n\n\n<p>Artesan\u00eda local e internacional con piezas \u00fanicas y materiales naturales.<\/p>\n\n\n\n<h3 class=\"wp-block-heading\">Regaloman\u00eda<\/h3>\n\n\n\n<p>El universo del peque\u00f1o regalo decorativo, funcional y emocional.<\/p>\n\n\n\n<p>Adem\u00e1s, Intergift complementa su oferta con foros de tendencias, charlas inspiradoras y presentaciones exclusivas de nuevas colecciones.<\/p>\n\n\n\n<h2 class=\"wp-block-heading\">Tendencias clave en Intergift de este a\u00f1o:<\/h2>\n\n\n\n<p>Para esta edici\u00f3n se espera un enfoque muy claro en:<\/p>\n\n\n\n<ul class=\"wp-block-list\">\n<li><strong>Naturalidad con un toque sofisticado<\/strong>: materiales como lino, rat\u00e1n, madera clara o cer\u00e1mica con acabados artesanales ser\u00e1n protagonistas.<\/li>\n\n\n\n<li><strong>Paletas suaves y refrescantes<\/strong>: tonos tierra combinados con verdes salvia, azules acu\u00e1ticos y matices empolvados evocan calma y frescura.<\/li>\n\n\n\n<li><strong>Textiles con movimiento<\/strong>: estampados florales, motivos tropicales y textiles fluidos aportan dinamismo a los espacios.<\/li>\n\n\n\n<li><strong>Regalos conscientes<\/strong>: objetos decorativos con funci\u00f3n, sostenibles y con narrativas ligadas al dise\u00f1o slow.<\/li>\n<\/ul>\n\n\n\n<p>Estas propuestas responden a un consumidor que busca espacios relajantes, funcionales y conectados con la naturaleza.<\/p>\n\n\n\n<h2 class=\"wp-block-heading\">Kaniel Agency: inspiraci\u00f3n, marcas y acompa\u00f1amiento profesional<\/h2>\n\n\n\n<p>Desde <strong>Kaniel Agency<\/strong> apostamos por participar activamente en ferias como Intergift, ya que son plataformas clave para mantenernos al d\u00eda, fortalecer lazos con marcas europeas y detectar nuevas oportunidades para nuestros clientes.<\/p>\n\n\n\n<p>Trabajamos con firmas que destacan por su dise\u00f1o, calidad y compromiso con la innovaci\u00f3n. En esta edici\u00f3n de febrero 2026, estar\u00e1n presentes algunas de nuestras marcas representadas como <strong><a href=\"\/es\/marcas\/ma-salgueiro\/\">MA Salgueiro<\/a><\/strong> (Canarias) y <strong><a href=\"\/es\/marcas\/vp-interiorismo\/\">VP Interiorismo<\/a><\/strong> (Francia), cuya propuesta est\u00e9tica conecta perfectamente con las tendencias actuales y las necesidades del sector profesional.<\/p>\n\n\n\n<h2 class=\"wp-block-heading\">Consejos pr\u00e1cticos para aprovechar Intergift<\/h2>\n\n\n\n<p>Si vas a visitar la pr\u00f3xima feria <strong>Intergift<\/strong>, toma nota de estos consejos:<\/p>\n\n\n\n<ul class=\"wp-block-list\">\n<li><strong>Planifica tu ruta de pabellones<\/strong>: marca los stands clave y optimiza el tiempo.<\/li>\n\n\n\n<li><strong>Solicita reuniones previas<\/strong>: muchas marcas ofrecen presentaciones personalizadas.<\/li>\n\n\n\n<li><strong>Toma nota de tendencias<\/strong>: visita las zonas de inspiraci\u00f3n para renovar escaparates y <strong>proyectos contract<\/strong>.<\/li>\n\n\n\n<li><strong>Aprovecha el networking<\/strong>: contactos bien gestionados pueden convertirse en oportunidades para todo el a\u00f1o.<br><\/li>\n<\/ul>\n\n\n\n<h2 class=\"wp-block-heading\">Te ayudamos a dar forma a tus proyectos<\/h2>\n\n\n\n<p>En <strong>Kaniel Agency<\/strong> trabajamos cada d\u00eda para acercar a los profesionales del sector las mejores marcas europeas de decoraci\u00f3n. Intergift es solo una muestra de todo lo que podemos aportar: asesor\u00eda especializada, conexi\u00f3n directa con firmas exclusivas y acompa\u00f1amiento en cada fase de tu proyecto. <\/p>\n\n\n\n<p>\u00bfQuieres conocer m\u00e1s? <strong>Contacta con nosotros<\/strong> y transforma tus ideas en espacios \u00fanicos.<\/p>\n","protected":false},"excerpt":{"rendered":"<p>sal\u00f3n con alfombra feel<\/p>\n","protected":false},"author":4,"featured_media":12785,"comment_status":"open","ping_status":"open","sticky":false,"template":"","format":"standard","meta":{"_acf_changed":false,"_ayudawp_aiss_exclude":false,"footnotes":""},"categories":[118],"tags":[48,109,63],"class_list":["post-9239","post","type-post","status-publish","format-standard","has-post-thumbnail","hentry","category-ferias","tag-diseno-interior","tag-eventos-y-ferias","tag-marcas"],"acf":[],"yoast_head":"<!-- This site is optimized with the Yoast SEO plugin v27.4 - https:\/\/yoast.com\/product\/yoast-seo-wordpress\/ -->\n<title>Intergift 2026: la gran cita de la decoraci\u00f3n<\/title>\n<meta name=\"description\" content=\"Te esperamos del 4 al 7 de febrero en la que ser\u00e1 una de las ferias m\u00e1s importantes del mundo de la decoraci\u00f3n. \ud83d\ude09 \u00bfNos vemos?\" \/>\n<meta name=\"robots\" content=\"index, follow, max-snippet:-1, max-image-preview:large, max-video-preview:-1\" \/>\n<link rel=\"canonical\" href=\"https:\/\/kaniel-agency.com\/es\/feria-intergift-madrid\/\" \/>\n<meta property=\"og:locale\" content=\"es_ES\" \/>\n<meta property=\"og:type\" content=\"article\" \/>\n<meta property=\"og:title\" content=\"Intergift 2026: la gran cita de la decoraci\u00f3n\" \/>\n<meta property=\"og:description\" content=\"Te esperamos del 4 al 7 de febrero en la que ser\u00e1 una de las ferias m\u00e1s importantes del mundo de la decoraci\u00f3n. \ud83d\ude09 \u00bfNos vemos?\" \/>\n<meta property=\"og:url\" content=\"https:\/\/kaniel-agency.com\/es\/feria-intergift-madrid\/\" \/>\n<meta property=\"og:site_name\" content=\"Kaniel Agency\" \/>\n<meta property=\"article:publisher\" content=\"https:\/\/www.facebook.com\/kanielagency\/\" \/>\n<meta property=\"article:published_time\" content=\"2025-12-29T11:00:00+00:00\" \/>\n<meta property=\"article:modified_time\" content=\"2026-01-13T19:21:03+00:00\" \/>\n<meta property=\"og:image\" content=\"https:\/\/kaniel-agency.com\/wp-content\/uploads\/2025\/07\/feria-intergift.webp\" \/>\n\t<meta property=\"og:image:width\" content=\"1200\" \/>\n\t<meta property=\"og:image:height\" content=\"800\" \/>\n\t<meta property=\"og:image:type\" content=\"image\/webp\" \/>\n<meta name=\"author\" content=\"Elie\" \/>\n<meta name=\"twitter:card\" content=\"summary_large_image\" \/>\n<meta name=\"twitter:creator\" content=\"@kanielagency\" \/>\n<meta name=\"twitter:site\" content=\"@kanielagency\" \/>\n<meta name=\"twitter:label1\" content=\"Escrito por\" \/>\n\t<meta name=\"twitter:data1\" content=\"Elie\" \/>\n\t<meta name=\"twitter:label2\" content=\"Tiempo de lectura\" \/>\n\t<meta name=\"twitter:data2\" content=\"1 minuto\" \/>\n<script type=\"application\/ld+json\" class=\"yoast-schema-graph\">{\"@context\":\"https:\\\/\\\/schema.org\",\"@graph\":[{\"@type\":\"Article\",\"@id\":\"https:\\\/\\\/kaniel-agency.com\\\/es\\\/feria-intergift-madrid\\\/#article\",\"isPartOf\":{\"@id\":\"https:\\\/\\\/kaniel-agency.com\\\/es\\\/feria-intergift-madrid\\\/\"},\"author\":{\"name\":\"Elie\",\"@id\":\"https:\\\/\\\/kaniel-agency.com\\\/es\\\/#\\\/schema\\\/person\\\/5b7e56f899cf198ff9c70ae5a232e083\"},\"headline\":\"Intergift 2026: la gran cita de la decoraci\u00f3n y el regalo en Madrid\",\"datePublished\":\"2025-12-29T11:00:00+00:00\",\"dateModified\":\"2026-01-13T19:21:03+00:00\",\"mainEntityOfPage\":{\"@id\":\"https:\\\/\\\/kaniel-agency.com\\\/es\\\/feria-intergift-madrid\\\/\"},\"wordCount\":619,\"commentCount\":0,\"publisher\":{\"@id\":\"https:\\\/\\\/kaniel-agency.com\\\/es\\\/#organization\"},\"image\":{\"@id\":\"https:\\\/\\\/kaniel-agency.com\\\/es\\\/feria-intergift-madrid\\\/#primaryimage\"},\"thumbnailUrl\":\"https:\\\/\\\/kaniel-agency.com\\\/wp-content\\\/uploads\\\/2025\\\/07\\\/feria-intergift.webp\",\"keywords\":[\"dise\u00f1o interior\",\"eventos y ferias\",\"marcas\"],\"articleSection\":[\"Ferias\"],\"inLanguage\":\"es\",\"potentialAction\":[{\"@type\":\"CommentAction\",\"name\":\"Comment\",\"target\":[\"https:\\\/\\\/kaniel-agency.com\\\/es\\\/feria-intergift-madrid\\\/#respond\"]}]},{\"@type\":\"WebPage\",\"@id\":\"https:\\\/\\\/kaniel-agency.com\\\/es\\\/feria-intergift-madrid\\\/\",\"url\":\"https:\\\/\\\/kaniel-agency.com\\\/es\\\/feria-intergift-madrid\\\/\",\"name\":\"Intergift 2026: la gran cita de la decoraci\u00f3n\",\"isPartOf\":{\"@id\":\"https:\\\/\\\/kaniel-agency.com\\\/es\\\/#website\"},\"primaryImageOfPage\":{\"@id\":\"https:\\\/\\\/kaniel-agency.com\\\/es\\\/feria-intergift-madrid\\\/#primaryimage\"},\"image\":{\"@id\":\"https:\\\/\\\/kaniel-agency.com\\\/es\\\/feria-intergift-madrid\\\/#primaryimage\"},\"thumbnailUrl\":\"https:\\\/\\\/kaniel-agency.com\\\/wp-content\\\/uploads\\\/2025\\\/07\\\/feria-intergift.webp\",\"datePublished\":\"2025-12-29T11:00:00+00:00\",\"dateModified\":\"2026-01-13T19:21:03+00:00\",\"description\":\"Te esperamos del 4 al 7 de febrero en la que ser\u00e1 una de las ferias m\u00e1s importantes del mundo de la decoraci\u00f3n. \ud83d\ude09 \u00bfNos vemos?\",\"breadcrumb\":{\"@id\":\"https:\\\/\\\/kaniel-agency.com\\\/es\\\/feria-intergift-madrid\\\/#breadcrumb\"},\"inLanguage\":\"es\",\"potentialAction\":[{\"@type\":\"ReadAction\",\"target\":[\"https:\\\/\\\/kaniel-agency.com\\\/es\\\/feria-intergift-madrid\\\/\"]}]},{\"@type\":\"ImageObject\",\"inLanguage\":\"es\",\"@id\":\"https:\\\/\\\/kaniel-agency.com\\\/es\\\/feria-intergift-madrid\\\/#primaryimage\",\"url\":\"https:\\\/\\\/kaniel-agency.com\\\/wp-content\\\/uploads\\\/2025\\\/07\\\/feria-intergift.webp\",\"contentUrl\":\"https:\\\/\\\/kaniel-agency.com\\\/wp-content\\\/uploads\\\/2025\\\/07\\\/feria-intergift.webp\",\"width\":1200,\"height\":800,\"caption\":\"Intergift Septiembre 2025: la gran cita de la decoraci\u00f3n y el regalo en Madrid\"},{\"@type\":\"BreadcrumbList\",\"@id\":\"https:\\\/\\\/kaniel-agency.com\\\/es\\\/feria-intergift-madrid\\\/#breadcrumb\",\"itemListElement\":[{\"@type\":\"ListItem\",\"position\":1,\"name\":\"Inicio\",\"item\":\"https:\\\/\\\/kaniel-agency.com\\\/es\\\/\"},{\"@type\":\"ListItem\",\"position\":2,\"name\":\"Ferias\",\"item\":\"https:\\\/\\\/kaniel-agency.com\\\/es\\\/category\\\/ferias\\\/\"},{\"@type\":\"ListItem\",\"position\":3,\"name\":\"Intergift 2026: la gran cita de la decoraci\u00f3n y el regalo en Madrid\"}]},{\"@type\":\"WebSite\",\"@id\":\"https:\\\/\\\/kaniel-agency.com\\\/es\\\/#website\",\"url\":\"https:\\\/\\\/kaniel-agency.com\\\/es\\\/\",\"name\":\"Kaniel Agency\",\"description\":\"Interiorism &amp; life style agency\",\"publisher\":{\"@id\":\"https:\\\/\\\/kaniel-agency.com\\\/es\\\/#organization\"},\"potentialAction\":[{\"@type\":\"SearchAction\",\"target\":{\"@type\":\"EntryPoint\",\"urlTemplate\":\"https:\\\/\\\/kaniel-agency.com\\\/es\\\/?s={search_term_string}\"},\"query-input\":{\"@type\":\"PropertyValueSpecification\",\"valueRequired\":true,\"valueName\":\"search_term_string\"}}],\"inLanguage\":\"es\"},{\"@type\":\"Organization\",\"@id\":\"https:\\\/\\\/kaniel-agency.com\\\/es\\\/#organization\",\"name\":\"Kaniel Comercial, SL\",\"url\":\"https:\\\/\\\/kaniel-agency.com\\\/es\\\/\",\"logo\":{\"@type\":\"ImageObject\",\"inLanguage\":\"es\",\"@id\":\"https:\\\/\\\/kaniel-agency.com\\\/es\\\/#\\\/schema\\\/logo\\\/image\\\/\",\"url\":\"https:\\\/\\\/kaniel-agency.com\\\/wp-content\\\/uploads\\\/2020\\\/01\\\/logo-negro.svg\",\"contentUrl\":\"https:\\\/\\\/kaniel-agency.com\\\/wp-content\\\/uploads\\\/2020\\\/01\\\/logo-negro.svg\",\"width\":1,\"height\":1,\"caption\":\"Kaniel Comercial, SL\"},\"image\":{\"@id\":\"https:\\\/\\\/kaniel-agency.com\\\/es\\\/#\\\/schema\\\/logo\\\/image\\\/\"},\"sameAs\":[\"https:\\\/\\\/www.facebook.com\\\/kanielagency\\\/\",\"https:\\\/\\\/x.com\\\/kanielagency\",\"https:\\\/\\\/www.linkedin.com\\\/company\\\/kanielagency\\\/\",\"https:\\\/\\\/www.instagram.com\\\/kanielagency\\\/\"]},{\"@type\":\"Person\",\"@id\":\"https:\\\/\\\/kaniel-agency.com\\\/es\\\/#\\\/schema\\\/person\\\/5b7e56f899cf198ff9c70ae5a232e083\",\"name\":\"Elie\",\"image\":{\"@type\":\"ImageObject\",\"inLanguage\":\"es\",\"@id\":\"https:\\\/\\\/secure.gravatar.com\\\/avatar\\\/f19539a3cf8e4322d7139f805a32a8d23be64fb0d51386b972bce4e52c50dd83?s=96&d=https%3A%2F%2Fkaniel-agency.com%2Fwp-content%2Fuploads%2F2022%2F11%2Felie-halioui-kaniel-agency-scaled.jpg&r=g\",\"url\":\"https:\\\/\\\/secure.gravatar.com\\\/avatar\\\/f19539a3cf8e4322d7139f805a32a8d23be64fb0d51386b972bce4e52c50dd83?s=96&d=https%3A%2F%2Fkaniel-agency.com%2Fwp-content%2Fuploads%2F2022%2F11%2Felie-halioui-kaniel-agency-scaled.jpg&r=g\",\"contentUrl\":\"https:\\\/\\\/secure.gravatar.com\\\/avatar\\\/f19539a3cf8e4322d7139f805a32a8d23be64fb0d51386b972bce4e52c50dd83?s=96&d=https%3A%2F%2Fkaniel-agency.com%2Fwp-content%2Fuploads%2F2022%2F11%2Felie-halioui-kaniel-agency-scaled.jpg&r=g\",\"caption\":\"Elie\"},\"description\":\"CEO de Kaniel Agency. Formado en gesti\u00f3n empresarial y marketing de la mano de ESIC y con gran experiencia comercial en el \u00e1mbito de las relaciones p\u00fablicas, viajes corporativos y organizaci\u00f3n de eventos. Apasionado de la decoraci\u00f3n y el interiorismo as\u00ed como del deporte, la cocina y los viajes. Su experiencia en el sector de la decoraci\u00f3n empieza hace m\u00e1s de 20 a\u00f1os como Director en Espa\u00f1a de la filial Silea, France Gift. Kaniel Agency opera desde 2015 donde disfruta cada d\u00eda desarrollando su profesi\u00f3n: \\\"Estar al mando de Kaniel Agency me permite ser independiente en mis decisiones profesionales, desarrollar las marcas y productos que me gustan, y ayudar a clientes, representantes y marcas a desarrollar sus objetivos. Al tratarse para mi de una de mis aficiones, disfruto cada d\u00eda haciendo lo que m\u00e1s me gusta.\\\"\",\"sameAs\":[\"https:\\\/\\\/instagram.com\\\/eliehaliouaatt\",\"https:\\\/\\\/www.linkedin.com\\\/in\\\/kanielagency\\\/\"],\"url\":\"https:\\\/\\\/kaniel-agency.com\\\/es\\\/author\\\/elie\\\/\"}]}<\/script>\n<!-- \/ Yoast SEO plugin. -->","yoast_head_json":{"title":"Intergift 2026: la gran cita de la decoraci\u00f3n","description":"Te esperamos del 4 al 7 de febrero en la que ser\u00e1 una de las ferias m\u00e1s importantes del mundo de la decoraci\u00f3n. \ud83d\ude09 \u00bfNos vemos?","robots":{"index":"index","follow":"follow","max-snippet":"max-snippet:-1","max-image-preview":"max-image-preview:large","max-video-preview":"max-video-preview:-1"},"canonical":"https:\/\/kaniel-agency.com\/es\/feria-intergift-madrid\/","og_locale":"es_ES","og_type":"article","og_title":"Intergift 2026: la gran cita de la decoraci\u00f3n","og_description":"Te esperamos del 4 al 7 de febrero en la que ser\u00e1 una de las ferias m\u00e1s importantes del mundo de la decoraci\u00f3n. \ud83d\ude09 \u00bfNos vemos?","og_url":"https:\/\/kaniel-agency.com\/es\/feria-intergift-madrid\/","og_site_name":"Kaniel Agency","article_publisher":"https:\/\/www.facebook.com\/kanielagency\/","article_published_time":"2025-12-29T11:00:00+00:00","article_modified_time":"2026-01-13T19:21:03+00:00","og_image":[{"width":1200,"height":800,"url":"https:\/\/kaniel-agency.com\/wp-content\/uploads\/2025\/07\/feria-intergift.webp","type":"image\/webp"}],"author":"Elie","twitter_card":"summary_large_image","twitter_creator":"@kanielagency","twitter_site":"@kanielagency","twitter_misc":{"Escrito por":"Elie","Tiempo de lectura":"1 minuto"},"schema":{"@context":"https:\/\/schema.org","@graph":[{"@type":"Article","@id":"https:\/\/kaniel-agency.com\/es\/feria-intergift-madrid\/#article","isPartOf":{"@id":"https:\/\/kaniel-agency.com\/es\/feria-intergift-madrid\/"},"author":{"name":"Elie","@id":"https:\/\/kaniel-agency.com\/es\/#\/schema\/person\/5b7e56f899cf198ff9c70ae5a232e083"},"headline":"Intergift 2026: la gran cita de la decoraci\u00f3n y el regalo en Madrid","datePublished":"2025-12-29T11:00:00+00:00","dateModified":"2026-01-13T19:21:03+00:00","mainEntityOfPage":{"@id":"https:\/\/kaniel-agency.com\/es\/feria-intergift-madrid\/"},"wordCount":619,"commentCount":0,"publisher":{"@id":"https:\/\/kaniel-agency.com\/es\/#organization"},"image":{"@id":"https:\/\/kaniel-agency.com\/es\/feria-intergift-madrid\/#primaryimage"},"thumbnailUrl":"https:\/\/kaniel-agency.com\/wp-content\/uploads\/2025\/07\/feria-intergift.webp","keywords":["dise\u00f1o interior","eventos y ferias","marcas"],"articleSection":["Ferias"],"inLanguage":"es","potentialAction":[{"@type":"CommentAction","name":"Comment","target":["https:\/\/kaniel-agency.com\/es\/feria-intergift-madrid\/#respond"]}]},{"@type":"WebPage","@id":"https:\/\/kaniel-agency.com\/es\/feria-intergift-madrid\/","url":"https:\/\/kaniel-agency.com\/es\/feria-intergift-madrid\/","name":"Intergift 2026: la gran cita de la decoraci\u00f3n","isPartOf":{"@id":"https:\/\/kaniel-agency.com\/es\/#website"},"primaryImageOfPage":{"@id":"https:\/\/kaniel-agency.com\/es\/feria-intergift-madrid\/#primaryimage"},"image":{"@id":"https:\/\/kaniel-agency.com\/es\/feria-intergift-madrid\/#primaryimage"},"thumbnailUrl":"https:\/\/kaniel-agency.com\/wp-content\/uploads\/2025\/07\/feria-intergift.webp","datePublished":"2025-12-29T11:00:00+00:00","dateModified":"2026-01-13T19:21:03+00:00","description":"Te esperamos del 4 al 7 de febrero en la que ser\u00e1 una de las ferias m\u00e1s importantes del mundo de la decoraci\u00f3n. \ud83d\ude09 \u00bfNos vemos?","breadcrumb":{"@id":"https:\/\/kaniel-agency.com\/es\/feria-intergift-madrid\/#breadcrumb"},"inLanguage":"es","potentialAction":[{"@type":"ReadAction","target":["https:\/\/kaniel-agency.com\/es\/feria-intergift-madrid\/"]}]},{"@type":"ImageObject","inLanguage":"es","@id":"https:\/\/kaniel-agency.com\/es\/feria-intergift-madrid\/#primaryimage","url":"https:\/\/kaniel-agency.com\/wp-content\/uploads\/2025\/07\/feria-intergift.webp","contentUrl":"https:\/\/kaniel-agency.com\/wp-content\/uploads\/2025\/07\/feria-intergift.webp","width":1200,"height":800,"caption":"Intergift Septiembre 2025: la gran cita de la decoraci\u00f3n y el regalo en Madrid"},{"@type":"BreadcrumbList","@id":"https:\/\/kaniel-agency.com\/es\/feria-intergift-madrid\/#breadcrumb","itemListElement":[{"@type":"ListItem","position":1,"name":"Inicio","item":"https:\/\/kaniel-agency.com\/es\/"},{"@type":"ListItem","position":2,"name":"Ferias","item":"https:\/\/kaniel-agency.com\/es\/category\/ferias\/"},{"@type":"ListItem","position":3,"name":"Intergift 2026: la gran cita de la decoraci\u00f3n y el regalo en Madrid"}]},{"@type":"WebSite","@id":"https:\/\/kaniel-agency.com\/es\/#website","url":"https:\/\/kaniel-agency.com\/es\/","name":"Kaniel Agency","description":"Interiorism &amp; life style agency","publisher":{"@id":"https:\/\/kaniel-agency.com\/es\/#organization"},"potentialAction":[{"@type":"SearchAction","target":{"@type":"EntryPoint","urlTemplate":"https:\/\/kaniel-agency.com\/es\/?s={search_term_string}"},"query-input":{"@type":"PropertyValueSpecification","valueRequired":true,"valueName":"search_term_string"}}],"inLanguage":"es"},{"@type":"Organization","@id":"https:\/\/kaniel-agency.com\/es\/#organization","name":"Kaniel Comercial, SL","url":"https:\/\/kaniel-agency.com\/es\/","logo":{"@type":"ImageObject","inLanguage":"es","@id":"https:\/\/kaniel-agency.com\/es\/#\/schema\/logo\/image\/","url":"https:\/\/kaniel-agency.com\/wp-content\/uploads\/2020\/01\/logo-negro.svg","contentUrl":"https:\/\/kaniel-agency.com\/wp-content\/uploads\/2020\/01\/logo-negro.svg","width":1,"height":1,"caption":"Kaniel Comercial, SL"},"image":{"@id":"https:\/\/kaniel-agency.com\/es\/#\/schema\/logo\/image\/"},"sameAs":["https:\/\/www.facebook.com\/kanielagency\/","https:\/\/x.com\/kanielagency","https:\/\/www.linkedin.com\/company\/kanielagency\/","https:\/\/www.instagram.com\/kanielagency\/"]},{"@type":"Person","@id":"https:\/\/kaniel-agency.com\/es\/#\/schema\/person\/5b7e56f899cf198ff9c70ae5a232e083","name":"Elie","image":{"@type":"ImageObject","inLanguage":"es","@id":"https:\/\/secure.gravatar.com\/avatar\/f19539a3cf8e4322d7139f805a32a8d23be64fb0d51386b972bce4e52c50dd83?s=96&d=https%3A%2F%2Fkaniel-agency.com%2Fwp-content%2Fuploads%2F2022%2F11%2Felie-halioui-kaniel-agency-scaled.jpg&r=g","url":"https:\/\/secure.gravatar.com\/avatar\/f19539a3cf8e4322d7139f805a32a8d23be64fb0d51386b972bce4e52c50dd83?s=96&d=https%3A%2F%2Fkaniel-agency.com%2Fwp-content%2Fuploads%2F2022%2F11%2Felie-halioui-kaniel-agency-scaled.jpg&r=g","contentUrl":"https:\/\/secure.gravatar.com\/avatar\/f19539a3cf8e4322d7139f805a32a8d23be64fb0d51386b972bce4e52c50dd83?s=96&d=https%3A%2F%2Fkaniel-agency.com%2Fwp-content%2Fuploads%2F2022%2F11%2Felie-halioui-kaniel-agency-scaled.jpg&r=g","caption":"Elie"},"description":"CEO de Kaniel Agency. Formado en gesti\u00f3n empresarial y marketing de la mano de ESIC y con gran experiencia comercial en el \u00e1mbito de las relaciones p\u00fablicas, viajes corporativos y organizaci\u00f3n de eventos. Apasionado de la decoraci\u00f3n y el interiorismo as\u00ed como del deporte, la cocina y los viajes. Su experiencia en el sector de la decoraci\u00f3n empieza hace m\u00e1s de 20 a\u00f1os como Director en Espa\u00f1a de la filial Silea, France Gift. Kaniel Agency opera desde 2015 donde disfruta cada d\u00eda desarrollando su profesi\u00f3n: \"Estar al mando de Kaniel Agency me permite ser independiente en mis decisiones profesionales, desarrollar las marcas y productos que me gustan, y ayudar a clientes, representantes y marcas a desarrollar sus objetivos. Al tratarse para mi de una de mis aficiones, disfruto cada d\u00eda haciendo lo que m\u00e1s me gusta.\"","sameAs":["https:\/\/instagram.com\/eliehaliouaatt","https:\/\/www.linkedin.com\/in\/kanielagency\/"],"url":"https:\/\/kaniel-agency.com\/es\/author\/elie\/"}]}},"_links":{"self":[{"href":"https:\/\/kaniel-agency.com\/es\/wp-json\/wp\/v2\/posts\/9239","targetHints":{"allow":["GET"]}}],"collection":[{"href":"https:\/\/kaniel-agency.com\/es\/wp-json\/wp\/v2\/posts"}],"about":[{"href":"https:\/\/kaniel-agency.com\/es\/wp-json\/wp\/v2\/types\/post"}],"author":[{"embeddable":true,"href":"https:\/\/kaniel-agency.com\/es\/wp-json\/wp\/v2\/users\/4"}],"replies":[{"embeddable":true,"href":"https:\/\/kaniel-agency.com\/es\/wp-json\/wp\/v2\/comments?post=9239"}],"version-history":[{"count":5,"href":"https:\/\/kaniel-agency.com\/es\/wp-json\/wp\/v2\/posts\/9239\/revisions"}],"predecessor-version":[{"id":13183,"href":"https:\/\/kaniel-agency.com\/es\/wp-json\/wp\/v2\/posts\/9239\/revisions\/13183"}],"wp:featuredmedia":[{"embeddable":true,"href":"https:\/\/kaniel-agency.com\/es\/wp-json\/wp\/v2\/media\/12785"}],"wp:attachment":[{"href":"https:\/\/kaniel-agency.com\/es\/wp-json\/wp\/v2\/media?parent=9239"}],"wp:term":[{"taxonomy":"category","embeddable":true,"href":"https:\/\/kaniel-agency.com\/es\/wp-json\/wp\/v2\/categories?post=9239"},{"taxonomy":"post_tag","embeddable":true,"href":"https:\/\/kaniel-agency.com\/es\/wp-json\/wp\/v2\/tags?post=9239"}],"curies":[{"name":"wp","href":"https:\/\/api.w.org\/{rel}","templated":true}]}}