{"id":8691,"date":"2022-09-12T12:21:00","date_gmt":"2022-09-12T10:21:00","guid":{"rendered":"https:\/\/kaniel-agency.com\/?p=8691"},"modified":"2022-09-15T12:36:04","modified_gmt":"2022-09-15T10:36:04","slug":"este-septiembre-asiste-ferias-intergift-y-habitat-valencia","status":"publish","type":"post","link":"https:\/\/kaniel-agency.com\/es\/este-septiembre-asiste-ferias-intergift-y-habitat-valencia\/","title":{"rendered":"Este septiembre asiste con nosotros a las ferias Intergift y Habitat Valencia"},"content":{"rendered":"\n\n<div class=\"kk-star-ratings kksr-auto kksr-align-left kksr-valign-top\"\n    data-payload='{&quot;align&quot;:&quot;left&quot;,&quot;id&quot;:&quot;8691&quot;,&quot;slug&quot;:&quot;default&quot;,&quot;valign&quot;:&quot;top&quot;,&quot;ignore&quot;:&quot;&quot;,&quot;reference&quot;:&quot;auto&quot;,&quot;class&quot;:&quot;&quot;,&quot;count&quot;:&quot;0&quot;,&quot;legendonly&quot;:&quot;&quot;,&quot;readonly&quot;:&quot;&quot;,&quot;score&quot;:&quot;0&quot;,&quot;starsonly&quot;:&quot;&quot;,&quot;best&quot;:&quot;5&quot;,&quot;gap&quot;:&quot;4&quot;,&quot;greet&quot;:&quot;Rate this post&quot;,&quot;legend&quot;:&quot;0\\\/5 - (0 votos)&quot;,&quot;size&quot;:&quot;20&quot;,&quot;title&quot;:&quot;Este septiembre asiste con nosotros a las ferias Intergift y Habitat Valencia&quot;,&quot;width&quot;:&quot;0&quot;,&quot;_legend&quot;:&quot;{score}\\\/{best} - ({count} {votes})&quot;,&quot;font_factor&quot;:&quot;1.25&quot;}'>\n            \n<div class=\"kksr-stars\">\n    \n<div class=\"kksr-stars-inactive\">\n            <div class=\"kksr-star\" data-star=\"1\" style=\"padding-right: 4px\">\n            \n\n<div class=\"kksr-icon\" style=\"width: 20px; height: 20px;\"><\/div>\n        <\/div>\n            <div class=\"kksr-star\" data-star=\"2\" style=\"padding-right: 4px\">\n            \n\n<div class=\"kksr-icon\" style=\"width: 20px; height: 20px;\"><\/div>\n        <\/div>\n            <div class=\"kksr-star\" data-star=\"3\" style=\"padding-right: 4px\">\n            \n\n<div class=\"kksr-icon\" style=\"width: 20px; height: 20px;\"><\/div>\n        <\/div>\n            <div class=\"kksr-star\" data-star=\"4\" style=\"padding-right: 4px\">\n            \n\n<div class=\"kksr-icon\" style=\"width: 20px; height: 20px;\"><\/div>\n        <\/div>\n            <div class=\"kksr-star\" data-star=\"5\" style=\"padding-right: 4px\">\n            \n\n<div class=\"kksr-icon\" style=\"width: 20px; height: 20px;\"><\/div>\n        <\/div>\n    <\/div>\n    \n<div class=\"kksr-stars-active\" style=\"width: 0px;\">\n            <div class=\"kksr-star\" style=\"padding-right: 4px\">\n            \n\n<div class=\"kksr-icon\" style=\"width: 20px; height: 20px;\"><\/div>\n        <\/div>\n            <div class=\"kksr-star\" style=\"padding-right: 4px\">\n            \n\n<div class=\"kksr-icon\" style=\"width: 20px; height: 20px;\"><\/div>\n        <\/div>\n            <div class=\"kksr-star\" style=\"padding-right: 4px\">\n            \n\n<div class=\"kksr-icon\" style=\"width: 20px; height: 20px;\"><\/div>\n        <\/div>\n            <div class=\"kksr-star\" style=\"padding-right: 4px\">\n            \n\n<div class=\"kksr-icon\" style=\"width: 20px; height: 20px;\"><\/div>\n        <\/div>\n            <div class=\"kksr-star\" style=\"padding-right: 4px\">\n            \n\n<div class=\"kksr-icon\" style=\"width: 20px; height: 20px;\"><\/div>\n        <\/div>\n    <\/div>\n<\/div>\n                \n\n<div class=\"kksr-legend\" style=\"font-size: 16px;\">\n            <span class=\"kksr-muted\">Rate this post<\/span>\n    <\/div>\n    <\/div>\n\n<p class=\"wp-block-paragraph\">El mundo de la decoraci\u00f3n de interiores est\u00e1 de enhorabuena. Un a\u00f1o m\u00e1s, concretamente los d\u00edas <strong>14 al 18 de septiembre<\/strong> en el caso de <strong>Intergift <\/strong>y los d\u00edas <strong>20 a 23<\/strong> en el caso de <strong>H\u00e1bitat<\/strong>.<\/p>\n\n\n\n<p class=\"wp-block-paragraph\">Son dos de las ferias m\u00e1s importantes del a\u00f1o, donde se re\u00fanen cientos de profesionales que buscan exponer y dar a conocer las \u00faltimas novedades y los avances de las temporadas oto\u00f1o-invierno.<\/p>\n\n\n\n<p class=\"wp-block-paragraph\">El a\u00f1o pasado ya tuvimos el honor de asistir tras un lapsus de 2 a\u00f1os provocada por la crisis del coronavirus. Y gracias al \u00e9xito pasado, este a\u00f1o <a href=\"\/\" target=\"_blank\" rel=\"noreferrer noopener\">Kaniel Agency<\/a> repite una vez m\u00e1s para mostrar sus nuevas colecciones al mundo entero.<\/p>\n\n\n\n<figure class=\"wp-block-image aligncenter size-full\"><img fetchpriority=\"high\" decoding=\"async\" width=\"800\" height=\"534\" src=\"https:\/\/kaniel-agency.com\/wp-content\/uploads\/2022\/09\/stand-feria-intergift-habitat-valencia-1.jpg\" alt=\"Stand feria Intergift y Habitat Valencia 3\" class=\"wp-image-8698\" srcset=\"https:\/\/kaniel-agency.com\/wp-content\/uploads\/2022\/09\/stand-feria-intergift-habitat-valencia-1.jpg 800w, https:\/\/kaniel-agency.com\/wp-content\/uploads\/2022\/09\/stand-feria-intergift-habitat-valencia-1-300x200.jpg 300w, https:\/\/kaniel-agency.com\/wp-content\/uploads\/2022\/09\/stand-feria-intergift-habitat-valencia-1-768x513.jpg 768w\" sizes=\"(max-width: 800px) 100vw, 800px\" \/><\/figure>\n\n\n\n<h2 class=\"wp-block-heading\">Feria Intergift<\/h2>\n\n\n\n<p class=\"wp-block-paragraph\">El principal evento del sector de la decoraci\u00f3n de interiores y regalos cumple nada menos que 40 a\u00f1os. Una feria que a\u00f1o tras a\u00f1o trae profesionales del mundo de la decoraci\u00f3n de todo el mundo.&nbsp;<\/p>\n\n\n\n<p class=\"wp-block-paragraph\">Solo el a\u00f1o pasado lograron reunir m\u00e1s de 800 empresas y m\u00e1s de 30 marcas de las principales firmas de decoraci\u00f3n y regalos del mundo, entre las que nos encontr\u00e1bamos con <a href=\"\/es\/marcas\/ma-salgueiro\/\" target=\"_blank\" rel=\"noreferrer noopener\"><strong>MA Salgueiro<\/strong><\/a><strong> <\/strong>y<strong> <\/strong><a href=\"\/es\/marcas\/vp-interiorismo\/\" target=\"_blank\" rel=\"noreferrer noopener\"><strong>VP Interiorismo<\/strong><\/a> (al igual que este a\u00f1o).\u00a0<\/p>\n\n\n\n<p class=\"wp-block-paragraph\">M\u00e1s de 40.000 metros cuadrados y 6 pabellones repletos de novedades, sue\u00f1os e ilusi\u00f3n.<\/p>\n\n\n\n<h2 class=\"wp-block-heading\">\u00bfQu\u00e9 podr\u00e1s encontrar en Intergift?<\/h2>\n\n\n\n<h3 class=\"wp-block-heading\">Alta decoraci\u00f3n<\/h3>\n\n\n\n<p class=\"wp-block-paragraph\">Para los profesionales y amantes de la decoraci\u00f3n m\u00e1s inconformistas. Las empresas dedicadas al mundo del interiorismo te mostrar\u00e1n <strong>decoraci\u00f3n de lujo para todo tipo de ambientes<\/strong>: desde ambientes cl\u00e1sicos o vintage hasta otros m\u00e1s modernos e innovadores.<\/p>\n\n\n\n<h3 class=\"wp-block-heading\">Textiles<\/h3>\n\n\n\n<p class=\"wp-block-paragraph\">Alfombras, moquetas, papeles pintados\u2026 <strong>Todo para vestir cualquier espacio con complementos de alta calidad dise\u00f1ados por expertos en la materia<\/strong>. Textiles que no se parecen a nada de lo que puedas encontrar fuera de este mercado de prestigio, lujo y confort.<\/p>\n\n\n\n<h3 class=\"wp-block-heading\">Soluciones<\/h3>\n\n\n\n<p class=\"wp-block-paragraph\">Todo tipo de soluciones de interiorismo. <strong>Desde servicios de pintura hasta dom\u00f3tica, pasando por cerrajeros, cocinas o ba\u00f1o<\/strong>. Es decir, todo lo necesario para crear un verdadero hogar se convierta en el reflejo del alma de cada persona que lo habita.<\/p>\n\n\n\n<h3 class=\"wp-block-heading\">Regalos<\/h3>\n\n\n\n<p class=\"wp-block-paragraph\">Juguetes, regalos de empresa y promociones. En este pabell\u00f3n se reunir\u00e1n todos los profesionales capaces de levantar sonrisas con tan solo un simple obsequio.<\/p>\n\n\n\n<h3 class=\"wp-block-heading\">Handmade<\/h3>\n\n\n\n<p class=\"wp-block-paragraph\">Tambi\u00e9n contar\u00e1n con una secci\u00f3n dedicada a productos artesanales. <strong>Decoraci\u00f3n hecha a mano<\/strong> con la que no solo te llevas un simple objeto que decore tu sal\u00f3n o dormitorio. Te llevas un trocito de la esencia del artesano que ha puesto en ese objeto, toda su energ\u00eda.<\/p>\n\n\n\n<figure class=\"wp-block-image aligncenter size-full\"><img decoding=\"async\" width=\"800\" height=\"534\" src=\"https:\/\/kaniel-agency.com\/wp-content\/uploads\/2022\/09\/stand-feria-intergift-habitat-valencia-3.jpg\" alt=\"Stand feria Intergift y Habitat Valencia 2\" class=\"wp-image-8696\" srcset=\"https:\/\/kaniel-agency.com\/wp-content\/uploads\/2022\/09\/stand-feria-intergift-habitat-valencia-3.jpg 800w, https:\/\/kaniel-agency.com\/wp-content\/uploads\/2022\/09\/stand-feria-intergift-habitat-valencia-3-300x200.jpg 300w, https:\/\/kaniel-agency.com\/wp-content\/uploads\/2022\/09\/stand-feria-intergift-habitat-valencia-3-768x513.jpg 768w\" sizes=\"(max-width: 800px) 100vw, 800px\" \/><\/figure>\n\n\n\n<h2 class=\"wp-block-heading\">Feria H\u00e1bitat<\/h2>\n\n\n\n<p class=\"wp-block-paragraph\">La feria internacional del mueble y la iluminaci\u00f3n de Valencia se re\u00fane un a\u00f1o m\u00e1s. Y como no pod\u00eda ser menos, en Kanel Agency estaremos listos para ense\u00f1ar al mundo nuevos dise\u00f1os y tendencias de <a href=\"\/es\/marcas\/tapidisseny\/\" target=\"_blank\" rel=\"noreferrer noopener\"><strong>TapiDisenny<\/strong><\/a><strong>, <\/strong><a href=\"\/es\/marcas\/cacio\/\" target=\"_blank\" rel=\"noreferrer noopener\"><strong>Cacio<\/strong><\/a><strong> y MA Salgueiro<\/strong>.<\/p>\n\n\n\n<p class=\"wp-block-paragraph\">Esta feria no solo es un lugar donde poder deslumbrarse con novedades de cocina, hogar o mobiliario contractual. Tambi\u00e9n est\u00e1 indicada para profesionales que quieran informarse m\u00e1s sobre las novedades m\u00e1s actuales del sector de la decoraci\u00f3n.<\/p>\n\n\n\n<p class=\"wp-block-paragraph\">Por eso, se ofrecen varias jornadas de charlas con representantes y expertos del mundo de la decoraci\u00f3n de interiores, como Marisa Santamar\u00eda, investigadora, docente y divulgadora de tendencias globales del dise\u00f1o y arquitectura.<\/p>\n\n\n\n<h3 class=\"wp-block-heading\">Home<\/h3>\n\n\n\n<p class=\"wp-block-paragraph\">En la feria de este a\u00f1o vas a poder disfrutar de todas las<strong> novedades<\/strong> de esta temporada en la decoraci\u00f3n de <strong>dormitorios, cocinas, ba\u00f1os o mobiliario de exterior<\/strong>. Una feria que sin duda marca un antes y un despu\u00e9s y establece los c\u00e1nones a seguir para vibrar con el dise\u00f1o m\u00e1s actual del momento.<\/p>\n\n\n\n<h3 class=\"wp-block-heading\">Contract<\/h3>\n\n\n\n<p class=\"wp-block-paragraph\"><strong>Mobiliario contrato para hoteles, restaurantes, bares y cualquier tipo de negocio<\/strong> que no quieran prescindir de un local de dise\u00f1o, pero siempre, sin renunciar a la seguridad y a la normativa est\u00e1ndar fijada por la ley.<\/p>\n\n\n\n<h3 class=\"wp-block-heading\">Iluminaci\u00f3n<\/h3>\n\n\n\n<p class=\"wp-block-paragraph\">Sabemos que todo espacio bien dise\u00f1ado necesita buena luz para poder deslumbrar de manera debida. En esta feria podr\u00e1s encontrar las \u00faltimas novedades en el sector de la iluminaci\u00f3n.<\/p>\n\n\n\n<h2 class=\"wp-block-heading\">\u00bfPor qu\u00e9 venir a las ferias Habitat Valencia e Intergift?<\/h2>\n\n\n\n<ul class=\"wp-block-list\"><li>En primer lugar, porque podremos conocernos. Kaniel Agency estar\u00e1 presente como representante de algunas de las marcas l\u00edderes del sector.<\/li><li>Podr\u00e1s conocer las nuevas tendencias en el sector de la decoraci\u00f3n internacional.<\/li><li>Abren puertas. Es una oportunidad de oro para ampliar contactos.<\/li><li>Podr\u00e1s agendar citas con profesionales o proveedores que te interesen.<\/li><li>Y lo mejor, tendr\u00e1s la oportunidad de conocer antes que nadie las novedades de la temporada.<\/li><\/ul>\n\n\n\n<p class=\"wp-block-paragraph\">\u00bfNos acompa\u00f1as?<\/p>\n","protected":false},"excerpt":{"rendered":"<p>El mundo de la decoraci\u00f3n de interiores est\u00e1 de enhorabuena. Un a\u00f1o m\u00e1s, concretamente los d\u00edas 14 al 18 de septiembre en el caso de Intergift y los d\u00edas 20 a 23 en el caso de H\u00e1bitat. Son dos de las ferias m\u00e1s importantes del a\u00f1o, donde se re\u00fanen cientos de profesionales que buscan exponer [&hellip;]<\/p>\n","protected":false},"author":4,"featured_media":8692,"comment_status":"open","ping_status":"open","sticky":false,"template":"","format":"standard","meta":{"_acf_changed":false,"_ayudawp_aiss_exclude":false,"_ayudawp_aiss_exclude_summary":false,"_ayudawp_aiss_summary":"","_ayudawp_aiss_summary_provider":"","_ayudawp_aiss_summary_hash":"","footnotes":""},"categories":[118],"tags":[45,48,109,63],"class_list":["post-8691","post","type-post","status-publish","format-standard","has-post-thumbnail","hentry","category-ferias","tag-decoracion","tag-diseno-interior","tag-eventos-y-ferias","tag-marcas"],"acf":[],"yoast_head":"<!-- This site is optimized with the Yoast SEO plugin v28.3 - https:\/\/yoast.com\/product\/yoast-seo-wordpress\/ -->\n<title>Este septiembre asiste con nosotros a las ferias Intergift y Habitat Valencia &#8226; Kaniel Agency<\/title>\n<meta name=\"description\" content=\"\u00bfPor qu\u00e9 venir a las ferias Habitat Valencia e Intergift? Desc\u00fabrelo en este post y conoce m\u00e1s de cerca algunas de sus caracter\u00edsticas.\" \/>\n<meta name=\"robots\" content=\"index, follow, max-snippet:-1, max-image-preview:large, max-video-preview:-1\" \/>\n<link rel=\"canonical\" href=\"https:\/\/kaniel-agency.com\/es\/este-septiembre-asiste-ferias-intergift-y-habitat-valencia\/\" \/>\n<meta property=\"og:locale\" content=\"es_ES\" \/>\n<meta property=\"og:type\" content=\"article\" \/>\n<meta property=\"og:title\" content=\"Este septiembre asiste con nosotros a las ferias Intergift y Habitat Valencia &#8226; Kaniel Agency\" \/>\n<meta property=\"og:description\" content=\"\u00bfPor qu\u00e9 venir a las ferias Habitat Valencia e Intergift? Desc\u00fabrelo en este post y conoce m\u00e1s de cerca algunas de sus caracter\u00edsticas.\" \/>\n<meta property=\"og:url\" content=\"https:\/\/kaniel-agency.com\/es\/este-septiembre-asiste-ferias-intergift-y-habitat-valencia\/\" \/>\n<meta property=\"og:site_name\" content=\"Kaniel Agency\" \/>\n<meta property=\"article:publisher\" content=\"https:\/\/www.facebook.com\/kanielagency\/\" \/>\n<meta property=\"article:published_time\" content=\"2022-09-12T10:21:00+00:00\" \/>\n<meta property=\"article:modified_time\" content=\"2022-09-15T10:36:04+00:00\" \/>\n<meta property=\"og:image\" content=\"https:\/\/kaniel-agency.com\/wp-content\/uploads\/2022\/09\/stand-feria-intergift-habitat-valencia-2.jpg\" \/>\n\t<meta property=\"og:image:width\" content=\"800\" \/>\n\t<meta property=\"og:image:height\" content=\"534\" \/>\n\t<meta property=\"og:image:type\" content=\"image\/jpeg\" \/>\n<meta name=\"author\" content=\"Elie\" \/>\n<meta name=\"twitter:card\" content=\"summary_large_image\" \/>\n<meta name=\"twitter:creator\" content=\"@kanielagency\" \/>\n<meta name=\"twitter:site\" content=\"@kanielagency\" \/>\n<meta name=\"twitter:label1\" content=\"Escrito por\" \/>\n\t<meta name=\"twitter:data1\" content=\"Elie\" \/>\n\t<meta name=\"twitter:label2\" content=\"Tiempo de lectura\" \/>\n\t<meta name=\"twitter:data2\" content=\"4 minutos\" \/>\n<script type=\"application\/ld+json\" class=\"yoast-schema-graph\">{\"@context\":\"https:\\\/\\\/schema.org\",\"@graph\":[{\"@type\":\"Article\",\"@id\":\"https:\\\/\\\/kaniel-agency.com\\\/es\\\/este-septiembre-asiste-ferias-intergift-y-habitat-valencia\\\/#article\",\"isPartOf\":{\"@id\":\"https:\\\/\\\/kaniel-agency.com\\\/es\\\/este-septiembre-asiste-ferias-intergift-y-habitat-valencia\\\/\"},\"author\":{\"name\":\"Elie\",\"@id\":\"https:\\\/\\\/kaniel-agency.com\\\/es\\\/#\\\/schema\\\/person\\\/5b7e56f899cf198ff9c70ae5a232e083\"},\"headline\":\"Este septiembre asiste con nosotros a las ferias Intergift y Habitat Valencia\",\"datePublished\":\"2022-09-12T10:21:00+00:00\",\"dateModified\":\"2022-09-15T10:36:04+00:00\",\"mainEntityOfPage\":{\"@id\":\"https:\\\/\\\/kaniel-agency.com\\\/es\\\/este-septiembre-asiste-ferias-intergift-y-habitat-valencia\\\/\"},\"wordCount\":803,\"commentCount\":0,\"publisher\":{\"@id\":\"https:\\\/\\\/kaniel-agency.com\\\/es\\\/#organization\"},\"image\":{\"@id\":\"https:\\\/\\\/kaniel-agency.com\\\/es\\\/este-septiembre-asiste-ferias-intergift-y-habitat-valencia\\\/#primaryimage\"},\"thumbnailUrl\":\"https:\\\/\\\/kaniel-agency.com\\\/wp-content\\\/uploads\\\/2022\\\/09\\\/stand-feria-intergift-habitat-valencia-2.jpg\",\"keywords\":[\"decoraci\u00f3n\",\"dise\u00f1o interior\",\"eventos y ferias\",\"marcas\"],\"articleSection\":[\"Ferias\"],\"inLanguage\":\"es\",\"potentialAction\":[{\"@type\":\"CommentAction\",\"name\":\"Comment\",\"target\":[\"https:\\\/\\\/kaniel-agency.com\\\/es\\\/este-septiembre-asiste-ferias-intergift-y-habitat-valencia\\\/#respond\"]}]},{\"@type\":\"WebPage\",\"@id\":\"https:\\\/\\\/kaniel-agency.com\\\/es\\\/este-septiembre-asiste-ferias-intergift-y-habitat-valencia\\\/\",\"url\":\"https:\\\/\\\/kaniel-agency.com\\\/es\\\/este-septiembre-asiste-ferias-intergift-y-habitat-valencia\\\/\",\"name\":\"Este septiembre asiste con nosotros a las ferias Intergift y Habitat Valencia &#8226; Kaniel Agency\",\"isPartOf\":{\"@id\":\"https:\\\/\\\/kaniel-agency.com\\\/es\\\/#website\"},\"primaryImageOfPage\":{\"@id\":\"https:\\\/\\\/kaniel-agency.com\\\/es\\\/este-septiembre-asiste-ferias-intergift-y-habitat-valencia\\\/#primaryimage\"},\"image\":{\"@id\":\"https:\\\/\\\/kaniel-agency.com\\\/es\\\/este-septiembre-asiste-ferias-intergift-y-habitat-valencia\\\/#primaryimage\"},\"thumbnailUrl\":\"https:\\\/\\\/kaniel-agency.com\\\/wp-content\\\/uploads\\\/2022\\\/09\\\/stand-feria-intergift-habitat-valencia-2.jpg\",\"datePublished\":\"2022-09-12T10:21:00+00:00\",\"dateModified\":\"2022-09-15T10:36:04+00:00\",\"description\":\"\u00bfPor qu\u00e9 venir a las ferias Habitat Valencia e Intergift? Desc\u00fabrelo en este post y conoce m\u00e1s de cerca algunas de sus caracter\u00edsticas.\",\"breadcrumb\":{\"@id\":\"https:\\\/\\\/kaniel-agency.com\\\/es\\\/este-septiembre-asiste-ferias-intergift-y-habitat-valencia\\\/#breadcrumb\"},\"inLanguage\":\"es\",\"potentialAction\":[{\"@type\":\"ReadAction\",\"target\":[\"https:\\\/\\\/kaniel-agency.com\\\/es\\\/este-septiembre-asiste-ferias-intergift-y-habitat-valencia\\\/\"]}]},{\"@type\":\"ImageObject\",\"inLanguage\":\"es\",\"@id\":\"https:\\\/\\\/kaniel-agency.com\\\/es\\\/este-septiembre-asiste-ferias-intergift-y-habitat-valencia\\\/#primaryimage\",\"url\":\"https:\\\/\\\/kaniel-agency.com\\\/wp-content\\\/uploads\\\/2022\\\/09\\\/stand-feria-intergift-habitat-valencia-2.jpg\",\"contentUrl\":\"https:\\\/\\\/kaniel-agency.com\\\/wp-content\\\/uploads\\\/2022\\\/09\\\/stand-feria-intergift-habitat-valencia-2.jpg\",\"width\":800,\"height\":534,\"caption\":\"Stand feria Intergift y Habitat Valencia\"},{\"@type\":\"BreadcrumbList\",\"@id\":\"https:\\\/\\\/kaniel-agency.com\\\/es\\\/este-septiembre-asiste-ferias-intergift-y-habitat-valencia\\\/#breadcrumb\",\"itemListElement\":[{\"@type\":\"ListItem\",\"position\":1,\"name\":\"Inicio\",\"item\":\"https:\\\/\\\/kaniel-agency.com\\\/es\\\/\"},{\"@type\":\"ListItem\",\"position\":2,\"name\":\"Ferias\",\"item\":\"https:\\\/\\\/kaniel-agency.com\\\/es\\\/category\\\/ferias\\\/\"},{\"@type\":\"ListItem\",\"position\":3,\"name\":\"Este septiembre asiste con nosotros a las ferias Intergift y Habitat Valencia\"}]},{\"@type\":\"WebSite\",\"@id\":\"https:\\\/\\\/kaniel-agency.com\\\/es\\\/#website\",\"url\":\"https:\\\/\\\/kaniel-agency.com\\\/es\\\/\",\"name\":\"Kaniel Agency\",\"description\":\"Interiorism &amp; life style agency\",\"publisher\":{\"@id\":\"https:\\\/\\\/kaniel-agency.com\\\/es\\\/#organization\"},\"potentialAction\":[{\"@type\":\"SearchAction\",\"target\":{\"@type\":\"EntryPoint\",\"urlTemplate\":\"https:\\\/\\\/kaniel-agency.com\\\/es\\\/?s={search_term_string}\"},\"query-input\":{\"@type\":\"PropertyValueSpecification\",\"valueRequired\":true,\"valueName\":\"search_term_string\"}}],\"inLanguage\":\"es\"},{\"@type\":\"Organization\",\"@id\":\"https:\\\/\\\/kaniel-agency.com\\\/es\\\/#organization\",\"name\":\"Kaniel Comercial, SL\",\"url\":\"https:\\\/\\\/kaniel-agency.com\\\/es\\\/\",\"logo\":{\"@type\":\"ImageObject\",\"inLanguage\":\"es\",\"@id\":\"https:\\\/\\\/kaniel-agency.com\\\/es\\\/#\\\/schema\\\/logo\\\/image\\\/\",\"url\":\"https:\\\/\\\/kaniel-agency.com\\\/wp-content\\\/uploads\\\/2020\\\/01\\\/logo-negro.svg\",\"contentUrl\":\"https:\\\/\\\/kaniel-agency.com\\\/wp-content\\\/uploads\\\/2020\\\/01\\\/logo-negro.svg\",\"width\":1,\"height\":1,\"caption\":\"Kaniel Comercial, SL\"},\"image\":{\"@id\":\"https:\\\/\\\/kaniel-agency.com\\\/es\\\/#\\\/schema\\\/logo\\\/image\\\/\"},\"sameAs\":[\"https:\\\/\\\/www.facebook.com\\\/kanielagency\\\/\",\"https:\\\/\\\/x.com\\\/kanielagency\",\"https:\\\/\\\/www.linkedin.com\\\/company\\\/kanielagency\\\/\",\"https:\\\/\\\/www.instagram.com\\\/kanielagency\\\/\"]},{\"@type\":\"Person\",\"@id\":\"https:\\\/\\\/kaniel-agency.com\\\/es\\\/#\\\/schema\\\/person\\\/5b7e56f899cf198ff9c70ae5a232e083\",\"name\":\"Elie\",\"image\":{\"@type\":\"ImageObject\",\"inLanguage\":\"es\",\"@id\":\"https:\\\/\\\/secure.gravatar.com\\\/avatar\\\/f19539a3cf8e4322d7139f805a32a8d23be64fb0d51386b972bce4e52c50dd83?s=96&d=https%3A%2F%2Fkaniel-agency.com%2Fwp-content%2Fuploads%2F2022%2F11%2Felie-halioui-kaniel-agency-scaled.jpg&r=g\",\"url\":\"https:\\\/\\\/secure.gravatar.com\\\/avatar\\\/f19539a3cf8e4322d7139f805a32a8d23be64fb0d51386b972bce4e52c50dd83?s=96&d=https%3A%2F%2Fkaniel-agency.com%2Fwp-content%2Fuploads%2F2022%2F11%2Felie-halioui-kaniel-agency-scaled.jpg&r=g\",\"contentUrl\":\"https:\\\/\\\/secure.gravatar.com\\\/avatar\\\/f19539a3cf8e4322d7139f805a32a8d23be64fb0d51386b972bce4e52c50dd83?s=96&d=https%3A%2F%2Fkaniel-agency.com%2Fwp-content%2Fuploads%2F2022%2F11%2Felie-halioui-kaniel-agency-scaled.jpg&r=g\",\"caption\":\"Elie\"},\"description\":\"CEO de Kaniel Agency. Formado en gesti\u00f3n empresarial y marketing de la mano de ESIC y con gran experiencia comercial en el \u00e1mbito de las relaciones p\u00fablicas, viajes corporativos y organizaci\u00f3n de eventos. Apasionado de la decoraci\u00f3n y el interiorismo as\u00ed como del deporte, la cocina y los viajes. Su experiencia en el sector de la decoraci\u00f3n empieza hace m\u00e1s de 20 a\u00f1os como Director en Espa\u00f1a de la filial Silea, France Gift. Kaniel Agency opera desde 2015 donde disfruta cada d\u00eda desarrollando su profesi\u00f3n: \\\"Estar al mando de Kaniel Agency me permite ser independiente en mis decisiones profesionales, desarrollar las marcas y productos que me gustan, y ayudar a clientes, representantes y marcas a desarrollar sus objetivos. Al tratarse para mi de una de mis aficiones, disfruto cada d\u00eda haciendo lo que m\u00e1s me gusta.\\\"\",\"sameAs\":[\"https:\\\/\\\/instagram.com\\\/eliehaliouaatt\",\"https:\\\/\\\/www.linkedin.com\\\/in\\\/kanielagency\\\/\"],\"url\":\"https:\\\/\\\/kaniel-agency.com\\\/es\\\/author\\\/elie\\\/\"}]}<\/script>\n<!-- \/ Yoast SEO plugin. -->","yoast_head_json":{"title":"Este septiembre asiste con nosotros a las ferias Intergift y Habitat Valencia &#8226; Kaniel Agency","description":"\u00bfPor qu\u00e9 venir a las ferias Habitat Valencia e Intergift? Desc\u00fabrelo en este post y conoce m\u00e1s de cerca algunas de sus caracter\u00edsticas.","robots":{"index":"index","follow":"follow","max-snippet":"max-snippet:-1","max-image-preview":"max-image-preview:large","max-video-preview":"max-video-preview:-1"},"canonical":"https:\/\/kaniel-agency.com\/es\/este-septiembre-asiste-ferias-intergift-y-habitat-valencia\/","og_locale":"es_ES","og_type":"article","og_title":"Este septiembre asiste con nosotros a las ferias Intergift y Habitat Valencia &#8226; Kaniel Agency","og_description":"\u00bfPor qu\u00e9 venir a las ferias Habitat Valencia e Intergift? Desc\u00fabrelo en este post y conoce m\u00e1s de cerca algunas de sus caracter\u00edsticas.","og_url":"https:\/\/kaniel-agency.com\/es\/este-septiembre-asiste-ferias-intergift-y-habitat-valencia\/","og_site_name":"Kaniel Agency","article_publisher":"https:\/\/www.facebook.com\/kanielagency\/","article_published_time":"2022-09-12T10:21:00+00:00","article_modified_time":"2022-09-15T10:36:04+00:00","og_image":[{"width":800,"height":534,"url":"https:\/\/kaniel-agency.com\/wp-content\/uploads\/2022\/09\/stand-feria-intergift-habitat-valencia-2.jpg","type":"image\/jpeg"}],"author":"Elie","twitter_card":"summary_large_image","twitter_creator":"@kanielagency","twitter_site":"@kanielagency","twitter_misc":{"Escrito por":"Elie","Tiempo de lectura":"4 minutos"},"schema":{"@context":"https:\/\/schema.org","@graph":[{"@type":"Article","@id":"https:\/\/kaniel-agency.com\/es\/este-septiembre-asiste-ferias-intergift-y-habitat-valencia\/#article","isPartOf":{"@id":"https:\/\/kaniel-agency.com\/es\/este-septiembre-asiste-ferias-intergift-y-habitat-valencia\/"},"author":{"name":"Elie","@id":"https:\/\/kaniel-agency.com\/es\/#\/schema\/person\/5b7e56f899cf198ff9c70ae5a232e083"},"headline":"Este septiembre asiste con nosotros a las ferias Intergift y Habitat Valencia","datePublished":"2022-09-12T10:21:00+00:00","dateModified":"2022-09-15T10:36:04+00:00","mainEntityOfPage":{"@id":"https:\/\/kaniel-agency.com\/es\/este-septiembre-asiste-ferias-intergift-y-habitat-valencia\/"},"wordCount":803,"commentCount":0,"publisher":{"@id":"https:\/\/kaniel-agency.com\/es\/#organization"},"image":{"@id":"https:\/\/kaniel-agency.com\/es\/este-septiembre-asiste-ferias-intergift-y-habitat-valencia\/#primaryimage"},"thumbnailUrl":"https:\/\/kaniel-agency.com\/wp-content\/uploads\/2022\/09\/stand-feria-intergift-habitat-valencia-2.jpg","keywords":["decoraci\u00f3n","dise\u00f1o interior","eventos y ferias","marcas"],"articleSection":["Ferias"],"inLanguage":"es","potentialAction":[{"@type":"CommentAction","name":"Comment","target":["https:\/\/kaniel-agency.com\/es\/este-septiembre-asiste-ferias-intergift-y-habitat-valencia\/#respond"]}]},{"@type":"WebPage","@id":"https:\/\/kaniel-agency.com\/es\/este-septiembre-asiste-ferias-intergift-y-habitat-valencia\/","url":"https:\/\/kaniel-agency.com\/es\/este-septiembre-asiste-ferias-intergift-y-habitat-valencia\/","name":"Este septiembre asiste con nosotros a las ferias Intergift y Habitat Valencia &#8226; Kaniel Agency","isPartOf":{"@id":"https:\/\/kaniel-agency.com\/es\/#website"},"primaryImageOfPage":{"@id":"https:\/\/kaniel-agency.com\/es\/este-septiembre-asiste-ferias-intergift-y-habitat-valencia\/#primaryimage"},"image":{"@id":"https:\/\/kaniel-agency.com\/es\/este-septiembre-asiste-ferias-intergift-y-habitat-valencia\/#primaryimage"},"thumbnailUrl":"https:\/\/kaniel-agency.com\/wp-content\/uploads\/2022\/09\/stand-feria-intergift-habitat-valencia-2.jpg","datePublished":"2022-09-12T10:21:00+00:00","dateModified":"2022-09-15T10:36:04+00:00","description":"\u00bfPor qu\u00e9 venir a las ferias Habitat Valencia e Intergift? Desc\u00fabrelo en este post y conoce m\u00e1s de cerca algunas de sus caracter\u00edsticas.","breadcrumb":{"@id":"https:\/\/kaniel-agency.com\/es\/este-septiembre-asiste-ferias-intergift-y-habitat-valencia\/#breadcrumb"},"inLanguage":"es","potentialAction":[{"@type":"ReadAction","target":["https:\/\/kaniel-agency.com\/es\/este-septiembre-asiste-ferias-intergift-y-habitat-valencia\/"]}]},{"@type":"ImageObject","inLanguage":"es","@id":"https:\/\/kaniel-agency.com\/es\/este-septiembre-asiste-ferias-intergift-y-habitat-valencia\/#primaryimage","url":"https:\/\/kaniel-agency.com\/wp-content\/uploads\/2022\/09\/stand-feria-intergift-habitat-valencia-2.jpg","contentUrl":"https:\/\/kaniel-agency.com\/wp-content\/uploads\/2022\/09\/stand-feria-intergift-habitat-valencia-2.jpg","width":800,"height":534,"caption":"Stand feria Intergift y Habitat Valencia"},{"@type":"BreadcrumbList","@id":"https:\/\/kaniel-agency.com\/es\/este-septiembre-asiste-ferias-intergift-y-habitat-valencia\/#breadcrumb","itemListElement":[{"@type":"ListItem","position":1,"name":"Inicio","item":"https:\/\/kaniel-agency.com\/es\/"},{"@type":"ListItem","position":2,"name":"Ferias","item":"https:\/\/kaniel-agency.com\/es\/category\/ferias\/"},{"@type":"ListItem","position":3,"name":"Este septiembre asiste con nosotros a las ferias Intergift y Habitat Valencia"}]},{"@type":"WebSite","@id":"https:\/\/kaniel-agency.com\/es\/#website","url":"https:\/\/kaniel-agency.com\/es\/","name":"Kaniel Agency","description":"Interiorism &amp; life style agency","publisher":{"@id":"https:\/\/kaniel-agency.com\/es\/#organization"},"potentialAction":[{"@type":"SearchAction","target":{"@type":"EntryPoint","urlTemplate":"https:\/\/kaniel-agency.com\/es\/?s={search_term_string}"},"query-input":{"@type":"PropertyValueSpecification","valueRequired":true,"valueName":"search_term_string"}}],"inLanguage":"es"},{"@type":"Organization","@id":"https:\/\/kaniel-agency.com\/es\/#organization","name":"Kaniel Comercial, SL","url":"https:\/\/kaniel-agency.com\/es\/","logo":{"@type":"ImageObject","inLanguage":"es","@id":"https:\/\/kaniel-agency.com\/es\/#\/schema\/logo\/image\/","url":"https:\/\/kaniel-agency.com\/wp-content\/uploads\/2020\/01\/logo-negro.svg","contentUrl":"https:\/\/kaniel-agency.com\/wp-content\/uploads\/2020\/01\/logo-negro.svg","width":1,"height":1,"caption":"Kaniel Comercial, SL"},"image":{"@id":"https:\/\/kaniel-agency.com\/es\/#\/schema\/logo\/image\/"},"sameAs":["https:\/\/www.facebook.com\/kanielagency\/","https:\/\/x.com\/kanielagency","https:\/\/www.linkedin.com\/company\/kanielagency\/","https:\/\/www.instagram.com\/kanielagency\/"]},{"@type":"Person","@id":"https:\/\/kaniel-agency.com\/es\/#\/schema\/person\/5b7e56f899cf198ff9c70ae5a232e083","name":"Elie","image":{"@type":"ImageObject","inLanguage":"es","@id":"https:\/\/secure.gravatar.com\/avatar\/f19539a3cf8e4322d7139f805a32a8d23be64fb0d51386b972bce4e52c50dd83?s=96&d=https%3A%2F%2Fkaniel-agency.com%2Fwp-content%2Fuploads%2F2022%2F11%2Felie-halioui-kaniel-agency-scaled.jpg&r=g","url":"https:\/\/secure.gravatar.com\/avatar\/f19539a3cf8e4322d7139f805a32a8d23be64fb0d51386b972bce4e52c50dd83?s=96&d=https%3A%2F%2Fkaniel-agency.com%2Fwp-content%2Fuploads%2F2022%2F11%2Felie-halioui-kaniel-agency-scaled.jpg&r=g","contentUrl":"https:\/\/secure.gravatar.com\/avatar\/f19539a3cf8e4322d7139f805a32a8d23be64fb0d51386b972bce4e52c50dd83?s=96&d=https%3A%2F%2Fkaniel-agency.com%2Fwp-content%2Fuploads%2F2022%2F11%2Felie-halioui-kaniel-agency-scaled.jpg&r=g","caption":"Elie"},"description":"CEO de Kaniel Agency. Formado en gesti\u00f3n empresarial y marketing de la mano de ESIC y con gran experiencia comercial en el \u00e1mbito de las relaciones p\u00fablicas, viajes corporativos y organizaci\u00f3n de eventos. Apasionado de la decoraci\u00f3n y el interiorismo as\u00ed como del deporte, la cocina y los viajes. Su experiencia en el sector de la decoraci\u00f3n empieza hace m\u00e1s de 20 a\u00f1os como Director en Espa\u00f1a de la filial Silea, France Gift. Kaniel Agency opera desde 2015 donde disfruta cada d\u00eda desarrollando su profesi\u00f3n: \"Estar al mando de Kaniel Agency me permite ser independiente en mis decisiones profesionales, desarrollar las marcas y productos que me gustan, y ayudar a clientes, representantes y marcas a desarrollar sus objetivos. Al tratarse para mi de una de mis aficiones, disfruto cada d\u00eda haciendo lo que m\u00e1s me gusta.\"","sameAs":["https:\/\/instagram.com\/eliehaliouaatt","https:\/\/www.linkedin.com\/in\/kanielagency\/"],"url":"https:\/\/kaniel-agency.com\/es\/author\/elie\/"}]}},"_links":{"self":[{"href":"https:\/\/kaniel-agency.com\/es\/wp-json\/wp\/v2\/posts\/8691","targetHints":{"allow":["GET"]}}],"collection":[{"href":"https:\/\/kaniel-agency.com\/es\/wp-json\/wp\/v2\/posts"}],"about":[{"href":"https:\/\/kaniel-agency.com\/es\/wp-json\/wp\/v2\/types\/post"}],"author":[{"embeddable":true,"href":"https:\/\/kaniel-agency.com\/es\/wp-json\/wp\/v2\/users\/4"}],"replies":[{"embeddable":true,"href":"https:\/\/kaniel-agency.com\/es\/wp-json\/wp\/v2\/comments?post=8691"}],"version-history":[{"count":0,"href":"https:\/\/kaniel-agency.com\/es\/wp-json\/wp\/v2\/posts\/8691\/revisions"}],"wp:featuredmedia":[{"embeddable":true,"href":"https:\/\/kaniel-agency.com\/es\/wp-json\/wp\/v2\/media\/8692"}],"wp:attachment":[{"href":"https:\/\/kaniel-agency.com\/es\/wp-json\/wp\/v2\/media?parent=8691"}],"wp:term":[{"taxonomy":"category","embeddable":true,"href":"https:\/\/kaniel-agency.com\/es\/wp-json\/wp\/v2\/categories?post=8691"},{"taxonomy":"post_tag","embeddable":true,"href":"https:\/\/kaniel-agency.com\/es\/wp-json\/wp\/v2\/tags?post=8691"}],"curies":[{"name":"wp","href":"https:\/\/api.w.org\/{rel}","templated":true}]}}