{"id":8594,"date":"2022-08-08T11:59:02","date_gmt":"2022-08-08T09:59:02","guid":{"rendered":"https:\/\/kaniel-agency.com\/?p=8594"},"modified":"2023-12-15T12:46:26","modified_gmt":"2023-12-15T11:46:26","slug":"importancia-potenciar-luz-natural-espacios-interiores","status":"publish","type":"post","link":"https:\/\/kaniel-agency.com\/es\/importancia-potenciar-luz-natural-espacios-interiores\/","title":{"rendered":"La importancia de potenciar la luz natural en los espacios interiores\ufffc"},"content":{"rendered":"\n\n<div class=\"kk-star-ratings kksr-auto kksr-align-left kksr-valign-top\"\n    data-payload='{&quot;align&quot;:&quot;left&quot;,&quot;id&quot;:&quot;8594&quot;,&quot;slug&quot;:&quot;default&quot;,&quot;valign&quot;:&quot;top&quot;,&quot;ignore&quot;:&quot;&quot;,&quot;reference&quot;:&quot;auto&quot;,&quot;class&quot;:&quot;&quot;,&quot;count&quot;:&quot;0&quot;,&quot;legendonly&quot;:&quot;&quot;,&quot;readonly&quot;:&quot;&quot;,&quot;score&quot;:&quot;0&quot;,&quot;starsonly&quot;:&quot;&quot;,&quot;best&quot;:&quot;5&quot;,&quot;gap&quot;:&quot;4&quot;,&quot;greet&quot;:&quot;Rate this post&quot;,&quot;legend&quot;:&quot;0\\\/5 - (0 votos)&quot;,&quot;size&quot;:&quot;20&quot;,&quot;title&quot;:&quot;La importancia de potenciar la luz natural en los espacios interiores\ufffc&quot;,&quot;width&quot;:&quot;0&quot;,&quot;_legend&quot;:&quot;{score}\\\/{best} - ({count} {votes})&quot;,&quot;font_factor&quot;:&quot;1.25&quot;}'>\n            \n<div class=\"kksr-stars\">\n    \n<div class=\"kksr-stars-inactive\">\n            <div class=\"kksr-star\" data-star=\"1\" style=\"padding-right: 4px\">\n            \n\n<div class=\"kksr-icon\" style=\"width: 20px; height: 20px;\"><\/div>\n        <\/div>\n            <div class=\"kksr-star\" data-star=\"2\" style=\"padding-right: 4px\">\n            \n\n<div class=\"kksr-icon\" style=\"width: 20px; height: 20px;\"><\/div>\n        <\/div>\n            <div class=\"kksr-star\" data-star=\"3\" style=\"padding-right: 4px\">\n            \n\n<div class=\"kksr-icon\" style=\"width: 20px; height: 20px;\"><\/div>\n        <\/div>\n            <div class=\"kksr-star\" data-star=\"4\" style=\"padding-right: 4px\">\n            \n\n<div class=\"kksr-icon\" style=\"width: 20px; height: 20px;\"><\/div>\n        <\/div>\n            <div class=\"kksr-star\" data-star=\"5\" style=\"padding-right: 4px\">\n            \n\n<div class=\"kksr-icon\" style=\"width: 20px; height: 20px;\"><\/div>\n        <\/div>\n    <\/div>\n    \n<div class=\"kksr-stars-active\" style=\"width: 0px;\">\n            <div class=\"kksr-star\" style=\"padding-right: 4px\">\n            \n\n<div class=\"kksr-icon\" style=\"width: 20px; height: 20px;\"><\/div>\n        <\/div>\n            <div class=\"kksr-star\" style=\"padding-right: 4px\">\n            \n\n<div class=\"kksr-icon\" style=\"width: 20px; height: 20px;\"><\/div>\n        <\/div>\n            <div class=\"kksr-star\" style=\"padding-right: 4px\">\n            \n\n<div class=\"kksr-icon\" style=\"width: 20px; height: 20px;\"><\/div>\n        <\/div>\n            <div class=\"kksr-star\" style=\"padding-right: 4px\">\n            \n\n<div class=\"kksr-icon\" style=\"width: 20px; height: 20px;\"><\/div>\n        <\/div>\n            <div class=\"kksr-star\" style=\"padding-right: 4px\">\n            \n\n<div class=\"kksr-icon\" style=\"width: 20px; height: 20px;\"><\/div>\n        <\/div>\n    <\/div>\n<\/div>\n                \n\n<div class=\"kksr-legend\" style=\"font-size: 16px;\">\n            <span class=\"kksr-muted\">Rate this post<\/span>\n    <\/div>\n    <\/div>\n\n<p class=\"wp-block-paragraph\">Gran parte de nuestro tiempo lo pasamos en el hogar; nuestro templo. Un espacio donde sentirnos a gusto y donde cada cent\u00edmetro debe ser cuidado al detalle para poder sacarle el m\u00e1ximo partido.<\/p>\n\n\n\n<p class=\"wp-block-paragraph\"><strong>Adaptar la luz natural en una casa puede tener beneficios que van m\u00e1s all\u00e1 de lo meramente funcional<\/strong>. Realmente no importa mucho que la luz sea la de la ma\u00f1ana o la de la tarde. Lo importante es que esta sea una de las protagonistas de la vivienda.<\/p>\n\n\n\n<p class=\"wp-block-paragraph\">De hecho, existen muchas razones por las que apostar por ella como la de mejorar el estado de \u00e1nimo de las personas, as\u00ed como la de facilitar su convivencia. Pero no son las \u00fanicas.&nbsp;<\/p>\n\n\n\n<h2 class=\"wp-block-heading\">\u00bfQu\u00e9 beneficios tiene la luz natural en el hogar?<\/h2>\n\n\n\n<figure class=\"wp-block-image aligncenter size-full\"><img fetchpriority=\"high\" decoding=\"async\" width=\"800\" height=\"533\" src=\"https:\/\/kaniel-agency.com\/wp-content\/uploads\/2022\/08\/Palace_ambiance_terre_cuite.jpg\" alt=\"dormitorio con luz natural\" class=\"wp-image-8599\" srcset=\"https:\/\/kaniel-agency.com\/wp-content\/uploads\/2022\/08\/Palace_ambiance_terre_cuite.jpg 800w, https:\/\/kaniel-agency.com\/wp-content\/uploads\/2022\/08\/Palace_ambiance_terre_cuite-300x200.jpg 300w, https:\/\/kaniel-agency.com\/wp-content\/uploads\/2022\/08\/Palace_ambiance_terre_cuite-768x512.jpg 768w\" sizes=\"(max-width: 800px) 100vw, 800px\" \/><\/figure>\n\n\n\n<h3 class=\"wp-block-heading\">#1. Ampl\u00eda espacios<\/h3>\n\n\n\n<p class=\"wp-block-paragraph\">Ya lo habr\u00e1s le\u00eddo en m\u00e1s de una ocasi\u00f3n, pero<strong> la luz natural ayuda a ampliar visualmente los ambientes de un hogar<\/strong>. Por lo que es uno de los recursos m\u00e1s utilizados, sobre todo, en espacios peque\u00f1os, donde no hay muchos cent\u00edmetros disponibles.&nbsp;<\/p>\n\n\n\n<p class=\"wp-block-paragraph\">Adem\u00e1s, <strong>cuando se combina con <\/strong>un estilo de decoraci\u00f3n minimalista, en el que predominan los<strong> muebles y colores claros; as\u00ed como grandes espejos, esta sensaci\u00f3n aumenta considerablemente.&nbsp;&nbsp;<\/strong><\/p>\n\n\n\n<h3 class=\"wp-block-heading\">#2. Reduce la fatiga visual<\/h3>\n\n\n\n<p class=\"wp-block-paragraph\">Seguro que en alguna ocasi\u00f3n has entrado a una casa cuya luz artificial te ha puesto un terrible dolor de cabeza.<\/p>\n\n\n\n<p class=\"wp-block-paragraph\"><strong>La exposici\u00f3n a luz artificial<\/strong>, sobre todo, si es prolongada, <strong>puede causar cefaleas e irritaci\u00f3n en los ojos<\/strong> debido, principalmente, a un sobreesfuerzo continuado. Y ese doble esfuerzo, tarde o temprano, acaba pasando factura.<\/p>\n\n\n\n<h3 class=\"wp-block-heading\">#3. Aumenta la productividad<\/h3>\n\n\n\n<p class=\"wp-block-paragraph\">No solo va a mejorar tu estado de \u00e1nimo, la iluminaci\u00f3n natural es capaz de hacer que se piense m\u00e1s eficientemente, aumente la creatividad y se disfrute de una mejor calidad de vida. \u00a1Algo extremadamente importante si se trabaja desde casa!&nbsp;<\/p>\n\n\n\n<p class=\"wp-block-paragraph\"><strong>Con la pandemia muchas personas han tenido que instalar una oficina improvisada en sus hogares. Y pasar tantas horas delante de un ordenador puede pasar factura. M\u00e1s a\u00fan si no usas la luz indicada para ello<\/strong>.<\/p>\n\n\n\n<h3 class=\"wp-block-heading\">#4. Facilita el crecimiento de las plantas<\/h3>\n\n\n\n<p class=\"wp-block-paragraph\">Si quieres incluir plantas de interior en tu pr\u00f3ximo proyecto debes saber que la luz natural es un regalo para ellas ya que es fundamental para su desarrollo; pues<strong> les ayuda a prosperar y a crecer m\u00e1s fuertes, sanas y bonitas<\/strong>.<\/p>\n\n\n\n<h3 class=\"wp-block-heading\">#5. Reduce el estr\u00e9s y la ansiedad<\/h3>\n\n\n\n<p class=\"wp-block-paragraph\">La luz natural es clave para mejorar el estado an\u00edmico. <strong>El sol cuenta con vitamina D<\/strong>, que, adem\u00e1s de ser un aliado para los huesos, tambi\u00e9n <strong>mejora el sistema inmunol\u00f3gico y reduce los niveles de cortisol, principal hormona precursora del estr\u00e9s<\/strong>.<\/p>\n\n\n\n<p class=\"wp-block-paragraph\">Por lo que si alguno de tus clientes sufren de trastorno afectivo estacional, contar con luz natural en su hogar le ayudar\u00e1 a mejorar notablemente su estado de salud y de \u00e1nimo.<\/p>\n\n\n\n<figure class=\"wp-block-image aligncenter size-large\"><img decoding=\"async\" width=\"683\" height=\"1024\" src=\"https:\/\/kaniel-agency.com\/wp-content\/uploads\/2022\/08\/jason_table_terre_cuite_2-683x1024.jpg\" alt=\"sal\u00f3n con luz natural\" class=\"wp-image-8601\" srcset=\"https:\/\/kaniel-agency.com\/wp-content\/uploads\/2022\/08\/jason_table_terre_cuite_2-683x1024.jpg 683w, https:\/\/kaniel-agency.com\/wp-content\/uploads\/2022\/08\/jason_table_terre_cuite_2-200x300.jpg 200w, https:\/\/kaniel-agency.com\/wp-content\/uploads\/2022\/08\/jason_table_terre_cuite_2-768x1152.jpg 768w, https:\/\/kaniel-agency.com\/wp-content\/uploads\/2022\/08\/jason_table_terre_cuite_2.jpg 800w\" sizes=\"(max-width: 683px) 100vw, 683px\" \/><\/figure>\n\n\n\n<h3 class=\"wp-block-heading\">#6. Ayuda a dormir mejor<\/h3>\n\n\n\n<p class=\"wp-block-paragraph\">La luz natural tiene un papel clave en la regulaci\u00f3n del sue\u00f1o. De hecho, <strong>es el factor externo que m\u00e1s importancia cobra en esta funci\u00f3n tan importante.<\/strong><\/p>\n\n\n\n<p class=\"wp-block-paragraph\">Y es que el conocido reloj interno est\u00e1 estrechamente vinculado a la luz natural. <strong>Gracias a ella se promueven horarios de sue\u00f1o mucho m\u00e1s sanos<\/strong>. \u00a1La naturaleza es sabia!<\/p>\n\n\n\n<h3 class=\"wp-block-heading\">#7. Aumenta el valor de la vivienda<\/h3>\n\n\n\n<p class=\"wp-block-paragraph\">Imagina la escena: una persona va a visitar dos casas. La primera es una casa con mucha luz, grandes ventanales que iluminan cada cent\u00edmetro del espacio. Sin embargo, la segunda es una casa oscura, sin apenas ventanas y donde pr\u00e1cticamente no hay sol en todo el d\u00eda.<\/p>\n\n\n\n<p class=\"wp-block-paragraph\">\u00bfCu\u00e1l crees que escoger\u00e1? <strong>Una casa con luz natural siempre va a ser una mejor opci\u00f3n<\/strong>.&nbsp;<\/p>\n\n\n\n<h3 class=\"wp-block-heading\">#8. Aporta m\u00e1s belleza al mobiliario<\/h3>\n\n\n\n<p class=\"wp-block-paragraph\">\u00bfGastarse un dineral en un mueble precioso es un fracaso si no se luce en absoluto? Esto es lo que sucede en muchas ocasiones cuando no se cuenta con la suficiente luz natural.<\/p>\n\n\n\n<p class=\"wp-block-paragraph\">Este tipo de luz es capaz de penetrar en cada rinc\u00f3n e iluminar cada mueble, adorno o tejido que encuentre por su paso, d\u00e1ndole ese toque tan m\u00e1gico y chispeante que tanto gusta.<\/p>\n\n\n\n<p class=\"wp-block-paragraph\"><strong>La luz es capaz de darle vida a un mueble antiguo o hacer que ese mueble nuevo<\/strong> <strong>cobre vida propia<\/strong> y se convierta en el protagonista estrella del sal\u00f3n, por ejemplo.<\/p>\n\n\n\n<div style=\"height:100px\" aria-hidden=\"true\" class=\"wp-block-spacer\"><\/div>\n\n\n\n<p class=\"wp-block-paragraph\">Si quieres seguir las <a href=\"\/tendencias\/\" target=\"_blank\" rel=\"noreferrer noopener\">tendencias en dise\u00f1o de interiores<\/a>, estate al tanto de las actualizaciones de nuestro blog. <\/p>\n","protected":false},"excerpt":{"rendered":"<p>Gran parte de nuestro tiempo lo pasamos en el hogar; nuestro templo. Un espacio donde sentirnos a gusto y donde cada cent\u00edmetro debe ser cuidado al detalle para poder sacarle el m\u00e1ximo partido. Adaptar la luz natural en una casa puede tener beneficios que van m\u00e1s all\u00e1 de lo meramente funcional. Realmente no importa mucho [&hellip;]<\/p>\n","protected":false},"author":4,"featured_media":8597,"comment_status":"open","ping_status":"open","sticky":false,"template":"","format":"standard","meta":{"_acf_changed":false,"_ayudawp_aiss_exclude":false,"_ayudawp_aiss_exclude_summary":false,"_ayudawp_aiss_summary":"","_ayudawp_aiss_summary_provider":"","_ayudawp_aiss_summary_hash":"","footnotes":""},"categories":[140],"tags":[70,48,95,142],"class_list":["post-8594","post","type-post","status-publish","format-standard","has-post-thumbnail","hentry","category-consejos","tag-consejos-decoracion","tag-diseno-interior","tag-ideas-de-decoracion-2","tag-luz-artificial"],"acf":[],"yoast_head":"<!-- This site is optimized with the Yoast SEO plugin v28.3 - https:\/\/yoast.com\/product\/yoast-seo-wordpress\/ -->\n<title>La importancia de potenciar la luz natural en los espacios interiores &#8226; Kaniel Agency<\/title>\n<meta name=\"description\" content=\"Adaptar la luz natural en una casa puede tener beneficios que van m\u00e1s all\u00e1 de lo meramente funcional. Desc\u00fabrelos todos aqu\u00ed.\" \/>\n<meta name=\"robots\" content=\"index, follow, max-snippet:-1, max-image-preview:large, max-video-preview:-1\" \/>\n<link rel=\"canonical\" href=\"https:\/\/kaniel-agency.com\/es\/importancia-potenciar-luz-natural-espacios-interiores\/\" \/>\n<meta property=\"og:locale\" content=\"es_ES\" \/>\n<meta property=\"og:type\" content=\"article\" \/>\n<meta property=\"og:title\" content=\"La importancia de potenciar la luz natural en los espacios interiores &#8226; Kaniel Agency\" \/>\n<meta property=\"og:description\" content=\"Adaptar la luz natural en una casa puede tener beneficios que van m\u00e1s all\u00e1 de lo meramente funcional. Desc\u00fabrelos todos aqu\u00ed.\" \/>\n<meta property=\"og:url\" content=\"https:\/\/kaniel-agency.com\/es\/importancia-potenciar-luz-natural-espacios-interiores\/\" \/>\n<meta property=\"og:site_name\" content=\"Kaniel Agency\" \/>\n<meta property=\"article:publisher\" content=\"https:\/\/www.facebook.com\/kanielagency\/\" \/>\n<meta property=\"article:published_time\" content=\"2022-08-08T09:59:02+00:00\" \/>\n<meta property=\"article:modified_time\" content=\"2023-12-15T11:46:26+00:00\" \/>\n<meta property=\"og:image\" content=\"https:\/\/kaniel-agency.com\/wp-content\/uploads\/2022\/08\/Prelude_lit_ambiance_1.jpg\" \/>\n\t<meta property=\"og:image:width\" content=\"800\" \/>\n\t<meta property=\"og:image:height\" content=\"533\" \/>\n\t<meta property=\"og:image:type\" content=\"image\/jpeg\" \/>\n<meta name=\"author\" content=\"Elie\" \/>\n<meta name=\"twitter:card\" content=\"summary_large_image\" \/>\n<meta name=\"twitter:creator\" content=\"@kanielagency\" \/>\n<meta name=\"twitter:site\" content=\"@kanielagency\" \/>\n<meta name=\"twitter:label1\" content=\"Escrito por\" \/>\n\t<meta name=\"twitter:data1\" content=\"Elie\" \/>\n\t<meta name=\"twitter:label2\" content=\"Tiempo de lectura\" \/>\n\t<meta name=\"twitter:data2\" content=\"4 minutos\" \/>\n<script type=\"application\/ld+json\" class=\"yoast-schema-graph\">{\"@context\":\"https:\\\/\\\/schema.org\",\"@graph\":[{\"@type\":\"Article\",\"@id\":\"https:\\\/\\\/kaniel-agency.com\\\/es\\\/importancia-potenciar-luz-natural-espacios-interiores\\\/#article\",\"isPartOf\":{\"@id\":\"https:\\\/\\\/kaniel-agency.com\\\/es\\\/importancia-potenciar-luz-natural-espacios-interiores\\\/\"},\"author\":{\"name\":\"Elie\",\"@id\":\"https:\\\/\\\/kaniel-agency.com\\\/es\\\/#\\\/schema\\\/person\\\/5b7e56f899cf198ff9c70ae5a232e083\"},\"headline\":\"La importancia de potenciar la luz natural en los espacios interiores\ufffc\",\"datePublished\":\"2022-08-08T09:59:02+00:00\",\"dateModified\":\"2023-12-15T11:46:26+00:00\",\"mainEntityOfPage\":{\"@id\":\"https:\\\/\\\/kaniel-agency.com\\\/es\\\/importancia-potenciar-luz-natural-espacios-interiores\\\/\"},\"wordCount\":774,\"commentCount\":1,\"publisher\":{\"@id\":\"https:\\\/\\\/kaniel-agency.com\\\/es\\\/#organization\"},\"image\":{\"@id\":\"https:\\\/\\\/kaniel-agency.com\\\/es\\\/importancia-potenciar-luz-natural-espacios-interiores\\\/#primaryimage\"},\"thumbnailUrl\":\"https:\\\/\\\/kaniel-agency.com\\\/wp-content\\\/uploads\\\/2022\\\/08\\\/Prelude_lit_ambiance_1.jpg\",\"keywords\":[\"consejos decoraci\u00f3n\",\"dise\u00f1o interior\",\"ideas de decoraci\u00f3n\",\"luz artificial\"],\"articleSection\":[\"Consejos\"],\"inLanguage\":\"es\",\"potentialAction\":[{\"@type\":\"CommentAction\",\"name\":\"Comment\",\"target\":[\"https:\\\/\\\/kaniel-agency.com\\\/es\\\/importancia-potenciar-luz-natural-espacios-interiores\\\/#respond\"]}]},{\"@type\":\"WebPage\",\"@id\":\"https:\\\/\\\/kaniel-agency.com\\\/es\\\/importancia-potenciar-luz-natural-espacios-interiores\\\/\",\"url\":\"https:\\\/\\\/kaniel-agency.com\\\/es\\\/importancia-potenciar-luz-natural-espacios-interiores\\\/\",\"name\":\"La importancia de potenciar la luz natural en los espacios interiores &#8226; Kaniel Agency\",\"isPartOf\":{\"@id\":\"https:\\\/\\\/kaniel-agency.com\\\/es\\\/#website\"},\"primaryImageOfPage\":{\"@id\":\"https:\\\/\\\/kaniel-agency.com\\\/es\\\/importancia-potenciar-luz-natural-espacios-interiores\\\/#primaryimage\"},\"image\":{\"@id\":\"https:\\\/\\\/kaniel-agency.com\\\/es\\\/importancia-potenciar-luz-natural-espacios-interiores\\\/#primaryimage\"},\"thumbnailUrl\":\"https:\\\/\\\/kaniel-agency.com\\\/wp-content\\\/uploads\\\/2022\\\/08\\\/Prelude_lit_ambiance_1.jpg\",\"datePublished\":\"2022-08-08T09:59:02+00:00\",\"dateModified\":\"2023-12-15T11:46:26+00:00\",\"description\":\"Adaptar la luz natural en una casa puede tener beneficios que van m\u00e1s all\u00e1 de lo meramente funcional. Desc\u00fabrelos todos aqu\u00ed.\",\"breadcrumb\":{\"@id\":\"https:\\\/\\\/kaniel-agency.com\\\/es\\\/importancia-potenciar-luz-natural-espacios-interiores\\\/#breadcrumb\"},\"inLanguage\":\"es\",\"potentialAction\":[{\"@type\":\"ReadAction\",\"target\":[\"https:\\\/\\\/kaniel-agency.com\\\/es\\\/importancia-potenciar-luz-natural-espacios-interiores\\\/\"]}]},{\"@type\":\"ImageObject\",\"inLanguage\":\"es\",\"@id\":\"https:\\\/\\\/kaniel-agency.com\\\/es\\\/importancia-potenciar-luz-natural-espacios-interiores\\\/#primaryimage\",\"url\":\"https:\\\/\\\/kaniel-agency.com\\\/wp-content\\\/uploads\\\/2022\\\/08\\\/Prelude_lit_ambiance_1.jpg\",\"contentUrl\":\"https:\\\/\\\/kaniel-agency.com\\\/wp-content\\\/uploads\\\/2022\\\/08\\\/Prelude_lit_ambiance_1.jpg\",\"width\":800,\"height\":533,\"caption\":\"chambre avec lumi\u00e8re naturelle\"},{\"@type\":\"BreadcrumbList\",\"@id\":\"https:\\\/\\\/kaniel-agency.com\\\/es\\\/importancia-potenciar-luz-natural-espacios-interiores\\\/#breadcrumb\",\"itemListElement\":[{\"@type\":\"ListItem\",\"position\":1,\"name\":\"Inicio\",\"item\":\"https:\\\/\\\/kaniel-agency.com\\\/es\\\/\"},{\"@type\":\"ListItem\",\"position\":2,\"name\":\"Consejos\",\"item\":\"https:\\\/\\\/kaniel-agency.com\\\/es\\\/category\\\/consejos\\\/\"},{\"@type\":\"ListItem\",\"position\":3,\"name\":\"La importancia de potenciar la luz natural en los espacios interiores\ufffc\"}]},{\"@type\":\"WebSite\",\"@id\":\"https:\\\/\\\/kaniel-agency.com\\\/es\\\/#website\",\"url\":\"https:\\\/\\\/kaniel-agency.com\\\/es\\\/\",\"name\":\"Kaniel Agency\",\"description\":\"Interiorism &amp; life style agency\",\"publisher\":{\"@id\":\"https:\\\/\\\/kaniel-agency.com\\\/es\\\/#organization\"},\"potentialAction\":[{\"@type\":\"SearchAction\",\"target\":{\"@type\":\"EntryPoint\",\"urlTemplate\":\"https:\\\/\\\/kaniel-agency.com\\\/es\\\/?s={search_term_string}\"},\"query-input\":{\"@type\":\"PropertyValueSpecification\",\"valueRequired\":true,\"valueName\":\"search_term_string\"}}],\"inLanguage\":\"es\"},{\"@type\":\"Organization\",\"@id\":\"https:\\\/\\\/kaniel-agency.com\\\/es\\\/#organization\",\"name\":\"Kaniel Comercial, SL\",\"url\":\"https:\\\/\\\/kaniel-agency.com\\\/es\\\/\",\"logo\":{\"@type\":\"ImageObject\",\"inLanguage\":\"es\",\"@id\":\"https:\\\/\\\/kaniel-agency.com\\\/es\\\/#\\\/schema\\\/logo\\\/image\\\/\",\"url\":\"https:\\\/\\\/kaniel-agency.com\\\/wp-content\\\/uploads\\\/2020\\\/01\\\/logo-negro.svg\",\"contentUrl\":\"https:\\\/\\\/kaniel-agency.com\\\/wp-content\\\/uploads\\\/2020\\\/01\\\/logo-negro.svg\",\"width\":1,\"height\":1,\"caption\":\"Kaniel Comercial, SL\"},\"image\":{\"@id\":\"https:\\\/\\\/kaniel-agency.com\\\/es\\\/#\\\/schema\\\/logo\\\/image\\\/\"},\"sameAs\":[\"https:\\\/\\\/www.facebook.com\\\/kanielagency\\\/\",\"https:\\\/\\\/x.com\\\/kanielagency\",\"https:\\\/\\\/www.linkedin.com\\\/company\\\/kanielagency\\\/\",\"https:\\\/\\\/www.instagram.com\\\/kanielagency\\\/\"]},{\"@type\":\"Person\",\"@id\":\"https:\\\/\\\/kaniel-agency.com\\\/es\\\/#\\\/schema\\\/person\\\/5b7e56f899cf198ff9c70ae5a232e083\",\"name\":\"Elie\",\"image\":{\"@type\":\"ImageObject\",\"inLanguage\":\"es\",\"@id\":\"https:\\\/\\\/secure.gravatar.com\\\/avatar\\\/f19539a3cf8e4322d7139f805a32a8d23be64fb0d51386b972bce4e52c50dd83?s=96&d=https%3A%2F%2Fkaniel-agency.com%2Fwp-content%2Fuploads%2F2022%2F11%2Felie-halioui-kaniel-agency-scaled.jpg&r=g\",\"url\":\"https:\\\/\\\/secure.gravatar.com\\\/avatar\\\/f19539a3cf8e4322d7139f805a32a8d23be64fb0d51386b972bce4e52c50dd83?s=96&d=https%3A%2F%2Fkaniel-agency.com%2Fwp-content%2Fuploads%2F2022%2F11%2Felie-halioui-kaniel-agency-scaled.jpg&r=g\",\"contentUrl\":\"https:\\\/\\\/secure.gravatar.com\\\/avatar\\\/f19539a3cf8e4322d7139f805a32a8d23be64fb0d51386b972bce4e52c50dd83?s=96&d=https%3A%2F%2Fkaniel-agency.com%2Fwp-content%2Fuploads%2F2022%2F11%2Felie-halioui-kaniel-agency-scaled.jpg&r=g\",\"caption\":\"Elie\"},\"description\":\"CEO de Kaniel Agency. Formado en gesti\u00f3n empresarial y marketing de la mano de ESIC y con gran experiencia comercial en el \u00e1mbito de las relaciones p\u00fablicas, viajes corporativos y organizaci\u00f3n de eventos. Apasionado de la decoraci\u00f3n y el interiorismo as\u00ed como del deporte, la cocina y los viajes. Su experiencia en el sector de la decoraci\u00f3n empieza hace m\u00e1s de 20 a\u00f1os como Director en Espa\u00f1a de la filial Silea, France Gift. Kaniel Agency opera desde 2015 donde disfruta cada d\u00eda desarrollando su profesi\u00f3n: \\\"Estar al mando de Kaniel Agency me permite ser independiente en mis decisiones profesionales, desarrollar las marcas y productos que me gustan, y ayudar a clientes, representantes y marcas a desarrollar sus objetivos. Al tratarse para mi de una de mis aficiones, disfruto cada d\u00eda haciendo lo que m\u00e1s me gusta.\\\"\",\"sameAs\":[\"https:\\\/\\\/instagram.com\\\/eliehaliouaatt\",\"https:\\\/\\\/www.linkedin.com\\\/in\\\/kanielagency\\\/\"],\"url\":\"https:\\\/\\\/kaniel-agency.com\\\/es\\\/author\\\/elie\\\/\"}]}<\/script>\n<!-- \/ Yoast SEO plugin. -->","yoast_head_json":{"title":"La importancia de potenciar la luz natural en los espacios interiores &#8226; Kaniel Agency","description":"Adaptar la luz natural en una casa puede tener beneficios que van m\u00e1s all\u00e1 de lo meramente funcional. Desc\u00fabrelos todos aqu\u00ed.","robots":{"index":"index","follow":"follow","max-snippet":"max-snippet:-1","max-image-preview":"max-image-preview:large","max-video-preview":"max-video-preview:-1"},"canonical":"https:\/\/kaniel-agency.com\/es\/importancia-potenciar-luz-natural-espacios-interiores\/","og_locale":"es_ES","og_type":"article","og_title":"La importancia de potenciar la luz natural en los espacios interiores &#8226; Kaniel Agency","og_description":"Adaptar la luz natural en una casa puede tener beneficios que van m\u00e1s all\u00e1 de lo meramente funcional. Desc\u00fabrelos todos aqu\u00ed.","og_url":"https:\/\/kaniel-agency.com\/es\/importancia-potenciar-luz-natural-espacios-interiores\/","og_site_name":"Kaniel Agency","article_publisher":"https:\/\/www.facebook.com\/kanielagency\/","article_published_time":"2022-08-08T09:59:02+00:00","article_modified_time":"2023-12-15T11:46:26+00:00","og_image":[{"width":800,"height":533,"url":"https:\/\/kaniel-agency.com\/wp-content\/uploads\/2022\/08\/Prelude_lit_ambiance_1.jpg","type":"image\/jpeg"}],"author":"Elie","twitter_card":"summary_large_image","twitter_creator":"@kanielagency","twitter_site":"@kanielagency","twitter_misc":{"Escrito por":"Elie","Tiempo de lectura":"4 minutos"},"schema":{"@context":"https:\/\/schema.org","@graph":[{"@type":"Article","@id":"https:\/\/kaniel-agency.com\/es\/importancia-potenciar-luz-natural-espacios-interiores\/#article","isPartOf":{"@id":"https:\/\/kaniel-agency.com\/es\/importancia-potenciar-luz-natural-espacios-interiores\/"},"author":{"name":"Elie","@id":"https:\/\/kaniel-agency.com\/es\/#\/schema\/person\/5b7e56f899cf198ff9c70ae5a232e083"},"headline":"La importancia de potenciar la luz natural en los espacios interiores\ufffc","datePublished":"2022-08-08T09:59:02+00:00","dateModified":"2023-12-15T11:46:26+00:00","mainEntityOfPage":{"@id":"https:\/\/kaniel-agency.com\/es\/importancia-potenciar-luz-natural-espacios-interiores\/"},"wordCount":774,"commentCount":1,"publisher":{"@id":"https:\/\/kaniel-agency.com\/es\/#organization"},"image":{"@id":"https:\/\/kaniel-agency.com\/es\/importancia-potenciar-luz-natural-espacios-interiores\/#primaryimage"},"thumbnailUrl":"https:\/\/kaniel-agency.com\/wp-content\/uploads\/2022\/08\/Prelude_lit_ambiance_1.jpg","keywords":["consejos decoraci\u00f3n","dise\u00f1o interior","ideas de decoraci\u00f3n","luz artificial"],"articleSection":["Consejos"],"inLanguage":"es","potentialAction":[{"@type":"CommentAction","name":"Comment","target":["https:\/\/kaniel-agency.com\/es\/importancia-potenciar-luz-natural-espacios-interiores\/#respond"]}]},{"@type":"WebPage","@id":"https:\/\/kaniel-agency.com\/es\/importancia-potenciar-luz-natural-espacios-interiores\/","url":"https:\/\/kaniel-agency.com\/es\/importancia-potenciar-luz-natural-espacios-interiores\/","name":"La importancia de potenciar la luz natural en los espacios interiores &#8226; Kaniel Agency","isPartOf":{"@id":"https:\/\/kaniel-agency.com\/es\/#website"},"primaryImageOfPage":{"@id":"https:\/\/kaniel-agency.com\/es\/importancia-potenciar-luz-natural-espacios-interiores\/#primaryimage"},"image":{"@id":"https:\/\/kaniel-agency.com\/es\/importancia-potenciar-luz-natural-espacios-interiores\/#primaryimage"},"thumbnailUrl":"https:\/\/kaniel-agency.com\/wp-content\/uploads\/2022\/08\/Prelude_lit_ambiance_1.jpg","datePublished":"2022-08-08T09:59:02+00:00","dateModified":"2023-12-15T11:46:26+00:00","description":"Adaptar la luz natural en una casa puede tener beneficios que van m\u00e1s all\u00e1 de lo meramente funcional. Desc\u00fabrelos todos aqu\u00ed.","breadcrumb":{"@id":"https:\/\/kaniel-agency.com\/es\/importancia-potenciar-luz-natural-espacios-interiores\/#breadcrumb"},"inLanguage":"es","potentialAction":[{"@type":"ReadAction","target":["https:\/\/kaniel-agency.com\/es\/importancia-potenciar-luz-natural-espacios-interiores\/"]}]},{"@type":"ImageObject","inLanguage":"es","@id":"https:\/\/kaniel-agency.com\/es\/importancia-potenciar-luz-natural-espacios-interiores\/#primaryimage","url":"https:\/\/kaniel-agency.com\/wp-content\/uploads\/2022\/08\/Prelude_lit_ambiance_1.jpg","contentUrl":"https:\/\/kaniel-agency.com\/wp-content\/uploads\/2022\/08\/Prelude_lit_ambiance_1.jpg","width":800,"height":533,"caption":"chambre avec lumi\u00e8re naturelle"},{"@type":"BreadcrumbList","@id":"https:\/\/kaniel-agency.com\/es\/importancia-potenciar-luz-natural-espacios-interiores\/#breadcrumb","itemListElement":[{"@type":"ListItem","position":1,"name":"Inicio","item":"https:\/\/kaniel-agency.com\/es\/"},{"@type":"ListItem","position":2,"name":"Consejos","item":"https:\/\/kaniel-agency.com\/es\/category\/consejos\/"},{"@type":"ListItem","position":3,"name":"La importancia de potenciar la luz natural en los espacios interiores\ufffc"}]},{"@type":"WebSite","@id":"https:\/\/kaniel-agency.com\/es\/#website","url":"https:\/\/kaniel-agency.com\/es\/","name":"Kaniel Agency","description":"Interiorism &amp; life style agency","publisher":{"@id":"https:\/\/kaniel-agency.com\/es\/#organization"},"potentialAction":[{"@type":"SearchAction","target":{"@type":"EntryPoint","urlTemplate":"https:\/\/kaniel-agency.com\/es\/?s={search_term_string}"},"query-input":{"@type":"PropertyValueSpecification","valueRequired":true,"valueName":"search_term_string"}}],"inLanguage":"es"},{"@type":"Organization","@id":"https:\/\/kaniel-agency.com\/es\/#organization","name":"Kaniel Comercial, SL","url":"https:\/\/kaniel-agency.com\/es\/","logo":{"@type":"ImageObject","inLanguage":"es","@id":"https:\/\/kaniel-agency.com\/es\/#\/schema\/logo\/image\/","url":"https:\/\/kaniel-agency.com\/wp-content\/uploads\/2020\/01\/logo-negro.svg","contentUrl":"https:\/\/kaniel-agency.com\/wp-content\/uploads\/2020\/01\/logo-negro.svg","width":1,"height":1,"caption":"Kaniel Comercial, SL"},"image":{"@id":"https:\/\/kaniel-agency.com\/es\/#\/schema\/logo\/image\/"},"sameAs":["https:\/\/www.facebook.com\/kanielagency\/","https:\/\/x.com\/kanielagency","https:\/\/www.linkedin.com\/company\/kanielagency\/","https:\/\/www.instagram.com\/kanielagency\/"]},{"@type":"Person","@id":"https:\/\/kaniel-agency.com\/es\/#\/schema\/person\/5b7e56f899cf198ff9c70ae5a232e083","name":"Elie","image":{"@type":"ImageObject","inLanguage":"es","@id":"https:\/\/secure.gravatar.com\/avatar\/f19539a3cf8e4322d7139f805a32a8d23be64fb0d51386b972bce4e52c50dd83?s=96&d=https%3A%2F%2Fkaniel-agency.com%2Fwp-content%2Fuploads%2F2022%2F11%2Felie-halioui-kaniel-agency-scaled.jpg&r=g","url":"https:\/\/secure.gravatar.com\/avatar\/f19539a3cf8e4322d7139f805a32a8d23be64fb0d51386b972bce4e52c50dd83?s=96&d=https%3A%2F%2Fkaniel-agency.com%2Fwp-content%2Fuploads%2F2022%2F11%2Felie-halioui-kaniel-agency-scaled.jpg&r=g","contentUrl":"https:\/\/secure.gravatar.com\/avatar\/f19539a3cf8e4322d7139f805a32a8d23be64fb0d51386b972bce4e52c50dd83?s=96&d=https%3A%2F%2Fkaniel-agency.com%2Fwp-content%2Fuploads%2F2022%2F11%2Felie-halioui-kaniel-agency-scaled.jpg&r=g","caption":"Elie"},"description":"CEO de Kaniel Agency. Formado en gesti\u00f3n empresarial y marketing de la mano de ESIC y con gran experiencia comercial en el \u00e1mbito de las relaciones p\u00fablicas, viajes corporativos y organizaci\u00f3n de eventos. Apasionado de la decoraci\u00f3n y el interiorismo as\u00ed como del deporte, la cocina y los viajes. Su experiencia en el sector de la decoraci\u00f3n empieza hace m\u00e1s de 20 a\u00f1os como Director en Espa\u00f1a de la filial Silea, France Gift. Kaniel Agency opera desde 2015 donde disfruta cada d\u00eda desarrollando su profesi\u00f3n: \"Estar al mando de Kaniel Agency me permite ser independiente en mis decisiones profesionales, desarrollar las marcas y productos que me gustan, y ayudar a clientes, representantes y marcas a desarrollar sus objetivos. Al tratarse para mi de una de mis aficiones, disfruto cada d\u00eda haciendo lo que m\u00e1s me gusta.\"","sameAs":["https:\/\/instagram.com\/eliehaliouaatt","https:\/\/www.linkedin.com\/in\/kanielagency\/"],"url":"https:\/\/kaniel-agency.com\/es\/author\/elie\/"}]}},"_links":{"self":[{"href":"https:\/\/kaniel-agency.com\/es\/wp-json\/wp\/v2\/posts\/8594","targetHints":{"allow":["GET"]}}],"collection":[{"href":"https:\/\/kaniel-agency.com\/es\/wp-json\/wp\/v2\/posts"}],"about":[{"href":"https:\/\/kaniel-agency.com\/es\/wp-json\/wp\/v2\/types\/post"}],"author":[{"embeddable":true,"href":"https:\/\/kaniel-agency.com\/es\/wp-json\/wp\/v2\/users\/4"}],"replies":[{"embeddable":true,"href":"https:\/\/kaniel-agency.com\/es\/wp-json\/wp\/v2\/comments?post=8594"}],"version-history":[{"count":1,"href":"https:\/\/kaniel-agency.com\/es\/wp-json\/wp\/v2\/posts\/8594\/revisions"}],"predecessor-version":[{"id":10649,"href":"https:\/\/kaniel-agency.com\/es\/wp-json\/wp\/v2\/posts\/8594\/revisions\/10649"}],"wp:featuredmedia":[{"embeddable":true,"href":"https:\/\/kaniel-agency.com\/es\/wp-json\/wp\/v2\/media\/8597"}],"wp:attachment":[{"href":"https:\/\/kaniel-agency.com\/es\/wp-json\/wp\/v2\/media?parent=8594"}],"wp:term":[{"taxonomy":"category","embeddable":true,"href":"https:\/\/kaniel-agency.com\/es\/wp-json\/wp\/v2\/categories?post=8594"},{"taxonomy":"post_tag","embeddable":true,"href":"https:\/\/kaniel-agency.com\/es\/wp-json\/wp\/v2\/tags?post=8594"}],"curies":[{"name":"wp","href":"https:\/\/api.w.org\/{rel}","templated":true}]}}