{"id":3147,"date":"2020-08-10T08:02:00","date_gmt":"2020-08-10T08:02:00","guid":{"rendered":"https:\/\/kaniel-agency.com\/?p=3147"},"modified":"2022-05-19T12:40:11","modified_gmt":"2022-05-19T12:40:11","slug":"la-evolucion-del-interiorismo-en-tiempo-de-pandemia","status":"publish","type":"post","link":"https:\/\/kaniel-agency.com\/es\/la-evolucion-del-interiorismo-en-tiempo-de-pandemia\/","title":{"rendered":"La evoluci\u00f3n del interiorismo en tiempo de pandemia"},"content":{"rendered":"\n\n<div class=\"kk-star-ratings kksr-auto kksr-align-left kksr-valign-top\"\n    data-payload='{&quot;align&quot;:&quot;left&quot;,&quot;id&quot;:&quot;3147&quot;,&quot;slug&quot;:&quot;default&quot;,&quot;valign&quot;:&quot;top&quot;,&quot;ignore&quot;:&quot;&quot;,&quot;reference&quot;:&quot;auto&quot;,&quot;class&quot;:&quot;&quot;,&quot;count&quot;:&quot;0&quot;,&quot;legendonly&quot;:&quot;&quot;,&quot;readonly&quot;:&quot;&quot;,&quot;score&quot;:&quot;0&quot;,&quot;starsonly&quot;:&quot;&quot;,&quot;best&quot;:&quot;5&quot;,&quot;gap&quot;:&quot;4&quot;,&quot;greet&quot;:&quot;Rate this post&quot;,&quot;legend&quot;:&quot;0\\\/5 - (0 votos)&quot;,&quot;size&quot;:&quot;20&quot;,&quot;title&quot;:&quot;La evoluci\u00f3n del interiorismo en tiempo de pandemia&quot;,&quot;width&quot;:&quot;0&quot;,&quot;_legend&quot;:&quot;{score}\\\/{best} - ({count} {votes})&quot;,&quot;font_factor&quot;:&quot;1.25&quot;}'>\n            \n<div class=\"kksr-stars\">\n    \n<div class=\"kksr-stars-inactive\">\n            <div class=\"kksr-star\" data-star=\"1\" style=\"padding-right: 4px\">\n            \n\n<div class=\"kksr-icon\" style=\"width: 20px; height: 20px;\"><\/div>\n        <\/div>\n            <div class=\"kksr-star\" data-star=\"2\" style=\"padding-right: 4px\">\n            \n\n<div class=\"kksr-icon\" style=\"width: 20px; height: 20px;\"><\/div>\n        <\/div>\n            <div class=\"kksr-star\" data-star=\"3\" style=\"padding-right: 4px\">\n            \n\n<div class=\"kksr-icon\" style=\"width: 20px; height: 20px;\"><\/div>\n        <\/div>\n            <div class=\"kksr-star\" data-star=\"4\" style=\"padding-right: 4px\">\n            \n\n<div class=\"kksr-icon\" style=\"width: 20px; height: 20px;\"><\/div>\n        <\/div>\n            <div class=\"kksr-star\" data-star=\"5\" style=\"padding-right: 4px\">\n            \n\n<div class=\"kksr-icon\" style=\"width: 20px; height: 20px;\"><\/div>\n        <\/div>\n    <\/div>\n    \n<div class=\"kksr-stars-active\" style=\"width: 0px;\">\n            <div class=\"kksr-star\" style=\"padding-right: 4px\">\n            \n\n<div class=\"kksr-icon\" style=\"width: 20px; height: 20px;\"><\/div>\n        <\/div>\n            <div class=\"kksr-star\" style=\"padding-right: 4px\">\n            \n\n<div class=\"kksr-icon\" style=\"width: 20px; height: 20px;\"><\/div>\n        <\/div>\n            <div class=\"kksr-star\" style=\"padding-right: 4px\">\n            \n\n<div class=\"kksr-icon\" style=\"width: 20px; height: 20px;\"><\/div>\n        <\/div>\n            <div class=\"kksr-star\" style=\"padding-right: 4px\">\n            \n\n<div class=\"kksr-icon\" style=\"width: 20px; height: 20px;\"><\/div>\n        <\/div>\n            <div class=\"kksr-star\" style=\"padding-right: 4px\">\n            \n\n<div class=\"kksr-icon\" style=\"width: 20px; height: 20px;\"><\/div>\n        <\/div>\n    <\/div>\n<\/div>\n                \n\n<div class=\"kksr-legend\" style=\"font-size: 16px;\">\n            <span class=\"kksr-muted\">Rate this post<\/span>\n    <\/div>\n    <\/div>\n\n<h2 class=\"has-text-color wp-block-heading\" style=\"color:#666666\"><strong>Arquitectura, interiorismo y dise\u00f1o de productos de decoraci\u00f3n han evolucionado en tiempos de pandemias. En Kaniel Agency creemos que tambi\u00e9n habr\u00e1 cambios importantes con la Covid-19. Ver que pas\u00f3 en pandemias anteriores es una manera de saber c\u00f3mo reaccionar ante la situaci\u00f3n de crisis sanitaria global en la que nos encontramos.<\/strong><\/h2>\n\n\n\n<p class=\"wp-block-paragraph\">La arquitectura y el urbanismo, el dise\u00f1o de interiores y de productos de decoraci\u00f3n han evolucionado a lo largo de la historia, especialmente en tiempos de pandemias durante los siglos XIX y XX.<\/p>\n\n\n\n<p class=\"wp-block-paragraph\">En Kaniel Agency hemos recopilado los principales art\u00edculos que hablan sobre este desarrollo. Creemos que observar lo que pas\u00f3 en estos \u00e1mbitos en situaciones anteriores puede proporcionar una idea de c\u00f3mo va a seguir evolucionando. Especialmente, c\u00f3mo nuestro entorno, decoraci\u00f3n y espacios volver\u00e1n a adaptarse, transformarse ante la nueva realidad que se impone con la Covid-19.<\/p>\n\n\n\n<h3 class=\"wp-block-heading\"><strong>Arquitectura, interiorismo y sanidad<\/strong><\/h3>\n\n\n\n<p class=\"wp-block-paragraph\">El&nbsp;reportaje sobre&nbsp;<a href=\"https:\/\/youtu.be\/qsaZPRbh3cs\" target=\"_blank\" rel=\"noreferrer noopener\">la historia de la arquitectura y las enfermedades infecciosas<\/a>&nbsp;explica esta relaci\u00f3n. La propuesta es de Beatriz Colomina, arquitecta que ha teorizado sobre la relaci\u00f3n entre arquitectura y sanidad. Colomina explica que las ciudades siempre han respondido a las enfermedades. Viviendas, barrios y ciudades estar\u00edan hechas a base de capas que dan respuestas a epidemias y a amenazas de todo tipo.<\/p>\n\n\n\n<p class=\"wp-block-paragraph\">Otro reportaje de Euronews tambi\u00e9n hace una interesante&nbsp;<a href=\"https:\/\/es.euronews.com\/2020\/05\/01\/las-ciudades-post-coronavirus-asi-va-ha-transformar-la-pandemia-el-diseno-urbano\">aproximaci\u00f3n a las ciudades post-coronavirus<\/a>&nbsp;y como va a transformar la pandemia de la Covid-19 el dise\u00f1o urbano, los espacios de servicios y las viviendas.<\/p>\n\n\n\n<h3 class=\"wp-block-heading\"><strong>Transformaci\u00f3n del espacio m\u00e1s \u00edntimo<\/strong><\/h3>\n\n\n\n<p class=\"wp-block-paragraph\">De hecho, el coronavirus, como las pandemias anteriores, ya est\u00e1 provocando&nbsp;<a href=\"https:\/\/www.bbc.com\/mundo\/noticias-52314537\">cambios en la arquitectura y las ciudades<\/a>, tal como explica el reportaje de la BBC. Entre otros temas interesantes, el concepto de cuarentena ha transformado los hogares en un espacio m\u00e1s \u00edntimo, aunque tambi\u00e9n mejor conectado.<\/p>\n\n\n\n<p class=\"wp-block-paragraph\">En este sentido, seg\u00fan los expertos, la Covid-19 ha cambiado la idea que ten\u00edamos sobre la privacidad. A pesar de que no hab\u00eda sido dise\u00f1ado para absorber todo lo que supone un estado de alarma por crisis sanitaria, el espacio dom\u00e9stico ha tomado un nuevo protagonismo. Dicho de otra manera, la distinci\u00f3n entre el espacio p\u00fablico y el privado fue borrada por la cuarentena.<\/p>\n\n\n\n<h3 class=\"wp-block-heading\"><strong>Las oficinas en el punto de mira<\/strong><\/h3>\n\n\n\n<p class=\"wp-block-paragraph\">Sin duda, una de las repercusiones de esta pandemia es la experiencia obligada del teletrabajo. El trabajo en remoto est\u00e1 redefiniendo no solamente las oficinas, sino tambi\u00e9n los espacios para trabajar y conciliar en casa. Tal como explica en un reportaje sobre el&nbsp;dise\u00f1o de las oficinas despu\u00e9s de la Covid-19, de la Revista AD, lo m\u00e1s interesante puede ser una nueva forma de gesti\u00f3n de los espacios.<\/p>\n\n\n\n<p class=\"wp-block-paragraph\">Si bien las oficinas eran espacios que ya estaban cambiando y buscando un mayor confort y salubridad, el coronavirus ha puesto de manifiesto la necesidad de priorizar nuevos aspectos y criterios. Otro de los temas que tambi\u00e9n se est\u00e1n repensando para un futuro post-coronavirus es el uso de los materiales que se utilizan en el mobiliario y revestimientos, priorizando los que sean m\u00e1s f\u00e1ciles de limpiar.<\/p>\n\n\n\n<h3 class=\"wp-block-heading\"><strong>Nuevas ideas y recursos creativos<\/strong><\/h3>\n\n\n\n<p class=\"wp-block-paragraph\">El coronavirus ha llegado para quedarse durante una larga temporada. Y el sector de la arquitectura se ha visto obligado a evolucionar r\u00e1pidamente durante la pandemia. En pocos meses, han cambiado dise\u00f1os de espacios vitales para ajustarlos a las condiciones de seguridad y evitar la propagaci\u00f3n de la Covid-19.<\/p>\n\n\n\n<p class=\"wp-block-paragraph\">Para conseguirlo, se han utilizado ideas y recursos creativos en todo tipo de construcciones y edificaciones, en viviendas y espacios p\u00fablicos, en hospitales, residencias o escuelas. En definitiva, los profesionales de la arquitectura y del dise\u00f1o de interiores est\u00e1n aportando conocimiento y ideas para acondicionar los espacios urbanos y dom\u00e9sticos a la nueva realidad.<\/p>\n\n\n\n<p class=\"wp-block-paragraph\">Existe un\u00a0<a href=\"https:\/\/grupovia.net\/1721-webinar-interiorismo-en-evolucion-07-mayo-2020\" class=\"blc-broken-link\" data-blc-broken=\"1\">debate entre los profesionales del dise\u00f1o de interiores<\/a>\u00a0sobre como est\u00e1 afectando la situaci\u00f3n actual a los estudios de interiorismo y cu\u00e1les son las respuestas para mejorar los espacios tras la pandemia. Se aportan\u00a0nuevas ideas en el sector residencial, hotelero, restauraci\u00f3n y comercial para lograr mejores espacios, m\u00e1s seguros y saludables, sin renunciar a la capacidad de emocionar y vivir experiencias en espacios trascendentes.<\/p>\n","protected":false},"excerpt":{"rendered":"<p>Arquitectura, interiorismo y dise\u00f1o de productos de decoraci\u00f3n han evolucionado en tiempos de pandemias. En Kaniel Agency creemos que tambi\u00e9n habr\u00e1 cambios importantes con la Covid-19. Ver que pas\u00f3 en pandemias anteriores es una manera de saber c\u00f3mo reaccionar ante la situaci\u00f3n de crisis sanitaria global en la que nos encontramos. La arquitectura y el [&hellip;]<\/p>\n","protected":false},"author":5,"featured_media":2508,"comment_status":"open","ping_status":"open","sticky":false,"template":"","format":"standard","meta":{"_acf_changed":false,"_ayudawp_aiss_exclude":false,"_ayudawp_aiss_exclude_summary":false,"_ayudawp_aiss_summary":"","_ayudawp_aiss_summary_provider":"","_ayudawp_aiss_summary_hash":"","footnotes":""},"categories":[23,24],"tags":[],"class_list":["post-3147","post","type-post","status-publish","format-standard","has-post-thumbnail","hentry","category-espana","category-francia"],"acf":[],"yoast_head":"<!-- This site is optimized with the Yoast SEO plugin v28.3 - https:\/\/yoast.com\/product\/yoast-seo-wordpress\/ -->\n<title>La evoluci\u00f3n del interiorismo en tiempo de pandemia &#8226; Kaniel Agency<\/title>\n<meta name=\"description\" content=\"Ver que pas\u00f3 en pandemias anteriores es una manera de saber como reaccionar ante la situaci\u00f3n de crisis sanitaria global en la que nos encontramos.\" \/>\n<meta name=\"robots\" content=\"index, follow, max-snippet:-1, max-image-preview:large, max-video-preview:-1\" \/>\n<link rel=\"canonical\" href=\"https:\/\/kaniel-agency.com\/es\/la-evolucion-del-interiorismo-en-tiempo-de-pandemia\/\" \/>\n<meta property=\"og:locale\" content=\"es_ES\" \/>\n<meta property=\"og:type\" content=\"article\" \/>\n<meta property=\"og:title\" content=\"La evoluci\u00f3n del interiorismo en tiempo de pandemia &#8226; Kaniel Agency\" \/>\n<meta property=\"og:description\" content=\"Ver que pas\u00f3 en pandemias anteriores es una manera de saber como reaccionar ante la situaci\u00f3n de crisis sanitaria global en la que nos encontramos.\" \/>\n<meta property=\"og:url\" content=\"https:\/\/kaniel-agency.com\/es\/la-evolucion-del-interiorismo-en-tiempo-de-pandemia\/\" \/>\n<meta property=\"og:site_name\" content=\"Kaniel Agency\" \/>\n<meta property=\"article:publisher\" content=\"https:\/\/www.facebook.com\/kanielagency\/\" \/>\n<meta property=\"article:published_time\" content=\"2020-08-10T08:02:00+00:00\" \/>\n<meta property=\"article:modified_time\" content=\"2022-05-19T12:40:11+00:00\" \/>\n<meta property=\"og:image\" content=\"https:\/\/kaniel-agency.com\/wp-content\/uploads\/2020\/03\/incitta1.jpg\" \/>\n\t<meta property=\"og:image:width\" content=\"1114\" \/>\n\t<meta property=\"og:image:height\" content=\"713\" \/>\n\t<meta property=\"og:image:type\" content=\"image\/jpeg\" \/>\n<meta name=\"author\" content=\"Francesc\" \/>\n<meta name=\"twitter:card\" content=\"summary_large_image\" \/>\n<meta name=\"twitter:creator\" content=\"@kanielagency\" \/>\n<meta name=\"twitter:site\" content=\"@kanielagency\" \/>\n<meta name=\"twitter:label1\" content=\"Escrito por\" \/>\n\t<meta name=\"twitter:data1\" content=\"Francesc\" \/>\n\t<meta name=\"twitter:label2\" content=\"Tiempo de lectura\" \/>\n\t<meta name=\"twitter:data2\" content=\"4 minutos\" \/>\n<script type=\"application\/ld+json\" class=\"yoast-schema-graph\">{\"@context\":\"https:\\\/\\\/schema.org\",\"@graph\":[{\"@type\":\"Article\",\"@id\":\"https:\\\/\\\/kaniel-agency.com\\\/es\\\/la-evolucion-del-interiorismo-en-tiempo-de-pandemia\\\/#article\",\"isPartOf\":{\"@id\":\"https:\\\/\\\/kaniel-agency.com\\\/es\\\/la-evolucion-del-interiorismo-en-tiempo-de-pandemia\\\/\"},\"author\":{\"name\":\"Francesc\",\"@id\":\"https:\\\/\\\/kaniel-agency.com\\\/es\\\/#\\\/schema\\\/person\\\/0a31774d83dc1fdd1d22b0ceee16a70d\"},\"headline\":\"La evoluci\u00f3n del interiorismo en tiempo de pandemia\",\"datePublished\":\"2020-08-10T08:02:00+00:00\",\"dateModified\":\"2022-05-19T12:40:11+00:00\",\"mainEntityOfPage\":{\"@id\":\"https:\\\/\\\/kaniel-agency.com\\\/es\\\/la-evolucion-del-interiorismo-en-tiempo-de-pandemia\\\/\"},\"wordCount\":739,\"commentCount\":0,\"publisher\":{\"@id\":\"https:\\\/\\\/kaniel-agency.com\\\/es\\\/#organization\"},\"image\":{\"@id\":\"https:\\\/\\\/kaniel-agency.com\\\/es\\\/la-evolucion-del-interiorismo-en-tiempo-de-pandemia\\\/#primaryimage\"},\"thumbnailUrl\":\"https:\\\/\\\/kaniel-agency.com\\\/wp-content\\\/uploads\\\/2020\\\/03\\\/incitta1.jpg\",\"articleSection\":[\"Espa\u00f1a\",\"Francia\"],\"inLanguage\":\"es\",\"potentialAction\":[{\"@type\":\"CommentAction\",\"name\":\"Comment\",\"target\":[\"https:\\\/\\\/kaniel-agency.com\\\/es\\\/la-evolucion-del-interiorismo-en-tiempo-de-pandemia\\\/#respond\"]}]},{\"@type\":\"WebPage\",\"@id\":\"https:\\\/\\\/kaniel-agency.com\\\/es\\\/la-evolucion-del-interiorismo-en-tiempo-de-pandemia\\\/\",\"url\":\"https:\\\/\\\/kaniel-agency.com\\\/es\\\/la-evolucion-del-interiorismo-en-tiempo-de-pandemia\\\/\",\"name\":\"La evoluci\u00f3n del interiorismo en tiempo de pandemia &#8226; Kaniel Agency\",\"isPartOf\":{\"@id\":\"https:\\\/\\\/kaniel-agency.com\\\/es\\\/#website\"},\"primaryImageOfPage\":{\"@id\":\"https:\\\/\\\/kaniel-agency.com\\\/es\\\/la-evolucion-del-interiorismo-en-tiempo-de-pandemia\\\/#primaryimage\"},\"image\":{\"@id\":\"https:\\\/\\\/kaniel-agency.com\\\/es\\\/la-evolucion-del-interiorismo-en-tiempo-de-pandemia\\\/#primaryimage\"},\"thumbnailUrl\":\"https:\\\/\\\/kaniel-agency.com\\\/wp-content\\\/uploads\\\/2020\\\/03\\\/incitta1.jpg\",\"datePublished\":\"2020-08-10T08:02:00+00:00\",\"dateModified\":\"2022-05-19T12:40:11+00:00\",\"description\":\"Ver que pas\u00f3 en pandemias anteriores es una manera de saber como reaccionar ante la situaci\u00f3n de crisis sanitaria global en la que nos encontramos.\",\"breadcrumb\":{\"@id\":\"https:\\\/\\\/kaniel-agency.com\\\/es\\\/la-evolucion-del-interiorismo-en-tiempo-de-pandemia\\\/#breadcrumb\"},\"inLanguage\":\"es\",\"potentialAction\":[{\"@type\":\"ReadAction\",\"target\":[\"https:\\\/\\\/kaniel-agency.com\\\/es\\\/la-evolucion-del-interiorismo-en-tiempo-de-pandemia\\\/\"]}]},{\"@type\":\"ImageObject\",\"inLanguage\":\"es\",\"@id\":\"https:\\\/\\\/kaniel-agency.com\\\/es\\\/la-evolucion-del-interiorismo-en-tiempo-de-pandemia\\\/#primaryimage\",\"url\":\"https:\\\/\\\/kaniel-agency.com\\\/wp-content\\\/uploads\\\/2020\\\/03\\\/incitta1.jpg\",\"contentUrl\":\"https:\\\/\\\/kaniel-agency.com\\\/wp-content\\\/uploads\\\/2020\\\/03\\\/incitta1.jpg\",\"width\":1114,\"height\":713},{\"@type\":\"BreadcrumbList\",\"@id\":\"https:\\\/\\\/kaniel-agency.com\\\/es\\\/la-evolucion-del-interiorismo-en-tiempo-de-pandemia\\\/#breadcrumb\",\"itemListElement\":[{\"@type\":\"ListItem\",\"position\":1,\"name\":\"Inicio\",\"item\":\"https:\\\/\\\/kaniel-agency.com\\\/es\\\/\"},{\"@type\":\"ListItem\",\"position\":2,\"name\":\"Espa\u00f1a\",\"item\":\"https:\\\/\\\/kaniel-agency.com\\\/es\\\/category\\\/espana\\\/\"},{\"@type\":\"ListItem\",\"position\":3,\"name\":\"La evoluci\u00f3n del interiorismo en tiempo de pandemia\"}]},{\"@type\":\"WebSite\",\"@id\":\"https:\\\/\\\/kaniel-agency.com\\\/es\\\/#website\",\"url\":\"https:\\\/\\\/kaniel-agency.com\\\/es\\\/\",\"name\":\"Kaniel Agency\",\"description\":\"Interiorism &amp; life style agency\",\"publisher\":{\"@id\":\"https:\\\/\\\/kaniel-agency.com\\\/es\\\/#organization\"},\"potentialAction\":[{\"@type\":\"SearchAction\",\"target\":{\"@type\":\"EntryPoint\",\"urlTemplate\":\"https:\\\/\\\/kaniel-agency.com\\\/es\\\/?s={search_term_string}\"},\"query-input\":{\"@type\":\"PropertyValueSpecification\",\"valueRequired\":true,\"valueName\":\"search_term_string\"}}],\"inLanguage\":\"es\"},{\"@type\":\"Organization\",\"@id\":\"https:\\\/\\\/kaniel-agency.com\\\/es\\\/#organization\",\"name\":\"Kaniel Comercial, SL\",\"url\":\"https:\\\/\\\/kaniel-agency.com\\\/es\\\/\",\"logo\":{\"@type\":\"ImageObject\",\"inLanguage\":\"es\",\"@id\":\"https:\\\/\\\/kaniel-agency.com\\\/es\\\/#\\\/schema\\\/logo\\\/image\\\/\",\"url\":\"https:\\\/\\\/kaniel-agency.com\\\/wp-content\\\/uploads\\\/2020\\\/01\\\/logo-negro.svg\",\"contentUrl\":\"https:\\\/\\\/kaniel-agency.com\\\/wp-content\\\/uploads\\\/2020\\\/01\\\/logo-negro.svg\",\"width\":1,\"height\":1,\"caption\":\"Kaniel Comercial, SL\"},\"image\":{\"@id\":\"https:\\\/\\\/kaniel-agency.com\\\/es\\\/#\\\/schema\\\/logo\\\/image\\\/\"},\"sameAs\":[\"https:\\\/\\\/www.facebook.com\\\/kanielagency\\\/\",\"https:\\\/\\\/x.com\\\/kanielagency\",\"https:\\\/\\\/www.linkedin.com\\\/company\\\/kanielagency\\\/\",\"https:\\\/\\\/www.instagram.com\\\/kanielagency\\\/\"]},{\"@type\":\"Person\",\"@id\":\"https:\\\/\\\/kaniel-agency.com\\\/es\\\/#\\\/schema\\\/person\\\/0a31774d83dc1fdd1d22b0ceee16a70d\",\"name\":\"Francesc\",\"image\":{\"@type\":\"ImageObject\",\"inLanguage\":\"es\",\"@id\":\"https:\\\/\\\/secure.gravatar.com\\\/avatar\\\/e99a0042ea65a7db44e5e2265153eafe1699ac4182ff08ca6a440b051edd8e94?s=96&d=https%3A%2F%2Fkaniel-agency.com%2Fwp-content%2Fuploads%2F2022%2F11%2Felie-halioui-kaniel-agency-scaled.jpg&r=g\",\"url\":\"https:\\\/\\\/secure.gravatar.com\\\/avatar\\\/e99a0042ea65a7db44e5e2265153eafe1699ac4182ff08ca6a440b051edd8e94?s=96&d=https%3A%2F%2Fkaniel-agency.com%2Fwp-content%2Fuploads%2F2022%2F11%2Felie-halioui-kaniel-agency-scaled.jpg&r=g\",\"contentUrl\":\"https:\\\/\\\/secure.gravatar.com\\\/avatar\\\/e99a0042ea65a7db44e5e2265153eafe1699ac4182ff08ca6a440b051edd8e94?s=96&d=https%3A%2F%2Fkaniel-agency.com%2Fwp-content%2Fuploads%2F2022%2F11%2Felie-halioui-kaniel-agency-scaled.jpg&r=g\",\"caption\":\"Francesc\"},\"url\":\"https:\\\/\\\/kaniel-agency.com\\\/es\\\/author\\\/francesc\\\/\"}]}<\/script>\n<!-- \/ Yoast SEO plugin. -->","yoast_head_json":{"title":"La evoluci\u00f3n del interiorismo en tiempo de pandemia &#8226; Kaniel Agency","description":"Ver que pas\u00f3 en pandemias anteriores es una manera de saber como reaccionar ante la situaci\u00f3n de crisis sanitaria global en la que nos encontramos.","robots":{"index":"index","follow":"follow","max-snippet":"max-snippet:-1","max-image-preview":"max-image-preview:large","max-video-preview":"max-video-preview:-1"},"canonical":"https:\/\/kaniel-agency.com\/es\/la-evolucion-del-interiorismo-en-tiempo-de-pandemia\/","og_locale":"es_ES","og_type":"article","og_title":"La evoluci\u00f3n del interiorismo en tiempo de pandemia &#8226; Kaniel Agency","og_description":"Ver que pas\u00f3 en pandemias anteriores es una manera de saber como reaccionar ante la situaci\u00f3n de crisis sanitaria global en la que nos encontramos.","og_url":"https:\/\/kaniel-agency.com\/es\/la-evolucion-del-interiorismo-en-tiempo-de-pandemia\/","og_site_name":"Kaniel Agency","article_publisher":"https:\/\/www.facebook.com\/kanielagency\/","article_published_time":"2020-08-10T08:02:00+00:00","article_modified_time":"2022-05-19T12:40:11+00:00","og_image":[{"width":1114,"height":713,"url":"https:\/\/kaniel-agency.com\/wp-content\/uploads\/2020\/03\/incitta1.jpg","type":"image\/jpeg"}],"author":"Francesc","twitter_card":"summary_large_image","twitter_creator":"@kanielagency","twitter_site":"@kanielagency","twitter_misc":{"Escrito por":"Francesc","Tiempo de lectura":"4 minutos"},"schema":{"@context":"https:\/\/schema.org","@graph":[{"@type":"Article","@id":"https:\/\/kaniel-agency.com\/es\/la-evolucion-del-interiorismo-en-tiempo-de-pandemia\/#article","isPartOf":{"@id":"https:\/\/kaniel-agency.com\/es\/la-evolucion-del-interiorismo-en-tiempo-de-pandemia\/"},"author":{"name":"Francesc","@id":"https:\/\/kaniel-agency.com\/es\/#\/schema\/person\/0a31774d83dc1fdd1d22b0ceee16a70d"},"headline":"La evoluci\u00f3n del interiorismo en tiempo de pandemia","datePublished":"2020-08-10T08:02:00+00:00","dateModified":"2022-05-19T12:40:11+00:00","mainEntityOfPage":{"@id":"https:\/\/kaniel-agency.com\/es\/la-evolucion-del-interiorismo-en-tiempo-de-pandemia\/"},"wordCount":739,"commentCount":0,"publisher":{"@id":"https:\/\/kaniel-agency.com\/es\/#organization"},"image":{"@id":"https:\/\/kaniel-agency.com\/es\/la-evolucion-del-interiorismo-en-tiempo-de-pandemia\/#primaryimage"},"thumbnailUrl":"https:\/\/kaniel-agency.com\/wp-content\/uploads\/2020\/03\/incitta1.jpg","articleSection":["Espa\u00f1a","Francia"],"inLanguage":"es","potentialAction":[{"@type":"CommentAction","name":"Comment","target":["https:\/\/kaniel-agency.com\/es\/la-evolucion-del-interiorismo-en-tiempo-de-pandemia\/#respond"]}]},{"@type":"WebPage","@id":"https:\/\/kaniel-agency.com\/es\/la-evolucion-del-interiorismo-en-tiempo-de-pandemia\/","url":"https:\/\/kaniel-agency.com\/es\/la-evolucion-del-interiorismo-en-tiempo-de-pandemia\/","name":"La evoluci\u00f3n del interiorismo en tiempo de pandemia &#8226; Kaniel Agency","isPartOf":{"@id":"https:\/\/kaniel-agency.com\/es\/#website"},"primaryImageOfPage":{"@id":"https:\/\/kaniel-agency.com\/es\/la-evolucion-del-interiorismo-en-tiempo-de-pandemia\/#primaryimage"},"image":{"@id":"https:\/\/kaniel-agency.com\/es\/la-evolucion-del-interiorismo-en-tiempo-de-pandemia\/#primaryimage"},"thumbnailUrl":"https:\/\/kaniel-agency.com\/wp-content\/uploads\/2020\/03\/incitta1.jpg","datePublished":"2020-08-10T08:02:00+00:00","dateModified":"2022-05-19T12:40:11+00:00","description":"Ver que pas\u00f3 en pandemias anteriores es una manera de saber como reaccionar ante la situaci\u00f3n de crisis sanitaria global en la que nos encontramos.","breadcrumb":{"@id":"https:\/\/kaniel-agency.com\/es\/la-evolucion-del-interiorismo-en-tiempo-de-pandemia\/#breadcrumb"},"inLanguage":"es","potentialAction":[{"@type":"ReadAction","target":["https:\/\/kaniel-agency.com\/es\/la-evolucion-del-interiorismo-en-tiempo-de-pandemia\/"]}]},{"@type":"ImageObject","inLanguage":"es","@id":"https:\/\/kaniel-agency.com\/es\/la-evolucion-del-interiorismo-en-tiempo-de-pandemia\/#primaryimage","url":"https:\/\/kaniel-agency.com\/wp-content\/uploads\/2020\/03\/incitta1.jpg","contentUrl":"https:\/\/kaniel-agency.com\/wp-content\/uploads\/2020\/03\/incitta1.jpg","width":1114,"height":713},{"@type":"BreadcrumbList","@id":"https:\/\/kaniel-agency.com\/es\/la-evolucion-del-interiorismo-en-tiempo-de-pandemia\/#breadcrumb","itemListElement":[{"@type":"ListItem","position":1,"name":"Inicio","item":"https:\/\/kaniel-agency.com\/es\/"},{"@type":"ListItem","position":2,"name":"Espa\u00f1a","item":"https:\/\/kaniel-agency.com\/es\/category\/espana\/"},{"@type":"ListItem","position":3,"name":"La evoluci\u00f3n del interiorismo en tiempo de pandemia"}]},{"@type":"WebSite","@id":"https:\/\/kaniel-agency.com\/es\/#website","url":"https:\/\/kaniel-agency.com\/es\/","name":"Kaniel Agency","description":"Interiorism &amp; life style agency","publisher":{"@id":"https:\/\/kaniel-agency.com\/es\/#organization"},"potentialAction":[{"@type":"SearchAction","target":{"@type":"EntryPoint","urlTemplate":"https:\/\/kaniel-agency.com\/es\/?s={search_term_string}"},"query-input":{"@type":"PropertyValueSpecification","valueRequired":true,"valueName":"search_term_string"}}],"inLanguage":"es"},{"@type":"Organization","@id":"https:\/\/kaniel-agency.com\/es\/#organization","name":"Kaniel Comercial, SL","url":"https:\/\/kaniel-agency.com\/es\/","logo":{"@type":"ImageObject","inLanguage":"es","@id":"https:\/\/kaniel-agency.com\/es\/#\/schema\/logo\/image\/","url":"https:\/\/kaniel-agency.com\/wp-content\/uploads\/2020\/01\/logo-negro.svg","contentUrl":"https:\/\/kaniel-agency.com\/wp-content\/uploads\/2020\/01\/logo-negro.svg","width":1,"height":1,"caption":"Kaniel Comercial, SL"},"image":{"@id":"https:\/\/kaniel-agency.com\/es\/#\/schema\/logo\/image\/"},"sameAs":["https:\/\/www.facebook.com\/kanielagency\/","https:\/\/x.com\/kanielagency","https:\/\/www.linkedin.com\/company\/kanielagency\/","https:\/\/www.instagram.com\/kanielagency\/"]},{"@type":"Person","@id":"https:\/\/kaniel-agency.com\/es\/#\/schema\/person\/0a31774d83dc1fdd1d22b0ceee16a70d","name":"Francesc","image":{"@type":"ImageObject","inLanguage":"es","@id":"https:\/\/secure.gravatar.com\/avatar\/e99a0042ea65a7db44e5e2265153eafe1699ac4182ff08ca6a440b051edd8e94?s=96&d=https%3A%2F%2Fkaniel-agency.com%2Fwp-content%2Fuploads%2F2022%2F11%2Felie-halioui-kaniel-agency-scaled.jpg&r=g","url":"https:\/\/secure.gravatar.com\/avatar\/e99a0042ea65a7db44e5e2265153eafe1699ac4182ff08ca6a440b051edd8e94?s=96&d=https%3A%2F%2Fkaniel-agency.com%2Fwp-content%2Fuploads%2F2022%2F11%2Felie-halioui-kaniel-agency-scaled.jpg&r=g","contentUrl":"https:\/\/secure.gravatar.com\/avatar\/e99a0042ea65a7db44e5e2265153eafe1699ac4182ff08ca6a440b051edd8e94?s=96&d=https%3A%2F%2Fkaniel-agency.com%2Fwp-content%2Fuploads%2F2022%2F11%2Felie-halioui-kaniel-agency-scaled.jpg&r=g","caption":"Francesc"},"url":"https:\/\/kaniel-agency.com\/es\/author\/francesc\/"}]}},"_links":{"self":[{"href":"https:\/\/kaniel-agency.com\/es\/wp-json\/wp\/v2\/posts\/3147","targetHints":{"allow":["GET"]}}],"collection":[{"href":"https:\/\/kaniel-agency.com\/es\/wp-json\/wp\/v2\/posts"}],"about":[{"href":"https:\/\/kaniel-agency.com\/es\/wp-json\/wp\/v2\/types\/post"}],"author":[{"embeddable":true,"href":"https:\/\/kaniel-agency.com\/es\/wp-json\/wp\/v2\/users\/5"}],"replies":[{"embeddable":true,"href":"https:\/\/kaniel-agency.com\/es\/wp-json\/wp\/v2\/comments?post=3147"}],"version-history":[{"count":0,"href":"https:\/\/kaniel-agency.com\/es\/wp-json\/wp\/v2\/posts\/3147\/revisions"}],"wp:featuredmedia":[{"embeddable":true,"href":"https:\/\/kaniel-agency.com\/es\/wp-json\/wp\/v2\/media\/2508"}],"wp:attachment":[{"href":"https:\/\/kaniel-agency.com\/es\/wp-json\/wp\/v2\/media?parent=3147"}],"wp:term":[{"taxonomy":"category","embeddable":true,"href":"https:\/\/kaniel-agency.com\/es\/wp-json\/wp\/v2\/categories?post=3147"},{"taxonomy":"post_tag","embeddable":true,"href":"https:\/\/kaniel-agency.com\/es\/wp-json\/wp\/v2\/tags?post=3147"}],"curies":[{"name":"wp","href":"https:\/\/api.w.org\/{rel}","templated":true}]}}