{"id":12858,"date":"2025-09-29T12:00:00","date_gmt":"2025-09-29T10:00:00","guid":{"rendered":"https:\/\/kaniel-agency.com\/?p=12858"},"modified":"2025-09-27T03:06:52","modified_gmt":"2025-09-27T01:06:52","slug":"que-es-mobiliario-contract","status":"publish","type":"post","link":"https:\/\/kaniel-agency.com\/es\/que-es-mobiliario-contract\/","title":{"rendered":"Qu\u00e9 es el mobiliario contract y por qu\u00e9 es clave en proyectos de interiorismo profesional"},"content":{"rendered":"\n\n<div class=\"kk-star-ratings kksr-auto kksr-align-left kksr-valign-top\"\n    data-payload='{&quot;align&quot;:&quot;left&quot;,&quot;id&quot;:&quot;12858&quot;,&quot;slug&quot;:&quot;default&quot;,&quot;valign&quot;:&quot;top&quot;,&quot;ignore&quot;:&quot;&quot;,&quot;reference&quot;:&quot;auto&quot;,&quot;class&quot;:&quot;&quot;,&quot;count&quot;:&quot;0&quot;,&quot;legendonly&quot;:&quot;&quot;,&quot;readonly&quot;:&quot;&quot;,&quot;score&quot;:&quot;0&quot;,&quot;starsonly&quot;:&quot;&quot;,&quot;best&quot;:&quot;5&quot;,&quot;gap&quot;:&quot;4&quot;,&quot;greet&quot;:&quot;Rate this post&quot;,&quot;legend&quot;:&quot;0\\\/5 - (0 votos)&quot;,&quot;size&quot;:&quot;20&quot;,&quot;title&quot;:&quot;Qu\u00e9 es el mobiliario contract y por qu\u00e9 es clave en proyectos de interiorismo profesional&quot;,&quot;width&quot;:&quot;0&quot;,&quot;_legend&quot;:&quot;{score}\\\/{best} - ({count} {votes})&quot;,&quot;font_factor&quot;:&quot;1.25&quot;}'>\n            \n<div class=\"kksr-stars\">\n    \n<div class=\"kksr-stars-inactive\">\n            <div class=\"kksr-star\" data-star=\"1\" style=\"padding-right: 4px\">\n            \n\n<div class=\"kksr-icon\" style=\"width: 20px; height: 20px;\"><\/div>\n        <\/div>\n            <div class=\"kksr-star\" data-star=\"2\" style=\"padding-right: 4px\">\n            \n\n<div class=\"kksr-icon\" style=\"width: 20px; height: 20px;\"><\/div>\n        <\/div>\n            <div class=\"kksr-star\" data-star=\"3\" style=\"padding-right: 4px\">\n            \n\n<div class=\"kksr-icon\" style=\"width: 20px; height: 20px;\"><\/div>\n        <\/div>\n            <div class=\"kksr-star\" data-star=\"4\" style=\"padding-right: 4px\">\n            \n\n<div class=\"kksr-icon\" style=\"width: 20px; height: 20px;\"><\/div>\n        <\/div>\n            <div class=\"kksr-star\" data-star=\"5\" style=\"padding-right: 4px\">\n            \n\n<div class=\"kksr-icon\" style=\"width: 20px; height: 20px;\"><\/div>\n        <\/div>\n    <\/div>\n    \n<div class=\"kksr-stars-active\" style=\"width: 0px;\">\n            <div class=\"kksr-star\" style=\"padding-right: 4px\">\n            \n\n<div class=\"kksr-icon\" style=\"width: 20px; height: 20px;\"><\/div>\n        <\/div>\n            <div class=\"kksr-star\" style=\"padding-right: 4px\">\n            \n\n<div class=\"kksr-icon\" style=\"width: 20px; height: 20px;\"><\/div>\n        <\/div>\n            <div class=\"kksr-star\" style=\"padding-right: 4px\">\n            \n\n<div class=\"kksr-icon\" style=\"width: 20px; height: 20px;\"><\/div>\n        <\/div>\n            <div class=\"kksr-star\" style=\"padding-right: 4px\">\n            \n\n<div class=\"kksr-icon\" style=\"width: 20px; height: 20px;\"><\/div>\n        <\/div>\n            <div class=\"kksr-star\" style=\"padding-right: 4px\">\n            \n\n<div class=\"kksr-icon\" style=\"width: 20px; height: 20px;\"><\/div>\n        <\/div>\n    <\/div>\n<\/div>\n                \n\n<div class=\"kksr-legend\" style=\"font-size: 16px;\">\n            <span class=\"kksr-muted\">Rate this post<\/span>\n    <\/div>\n    <\/div>\n\n<p class=\"wp-block-paragraph\">En el universo del dise\u00f1o de interiores, <strong>el <\/strong><a href=\"https:\/\/kaniel-agency.commobiliario-contract\/\"><strong>mobiliario contract<\/strong><\/a><strong> se ha convertido en una pieza esencial para proyectos que requieren no solo belleza, sino tambi\u00e9n funcionalidad, resistencia y adaptabilidad<\/strong>. Este tipo de mobiliario es el preferido por arquitectos, interioristas y promotores cuando se trata de equipar espacios de uso intensivo como hoteles, restaurantes, oficinas, residencias tur\u00edsticas o espacios p\u00fablicos.<\/p>\n\n\n\n<p class=\"wp-block-paragraph\">A diferencia del mobiliario convencional, <strong>el mobiliario contract no solo debe cumplir con criterios est\u00e9ticos, sino tambi\u00e9n con exigencias t\u00e9cnicas muy espec\u00edficas<\/strong>: durabilidad, facilidad de mantenimiento, cumplimiento de normativas de seguridad e incluso resistencia al fuego o a la humedad, seg\u00fan el entorno.<\/p>\n\n\n\n<h2 class=\"wp-block-heading\"><strong>\u00bfQu\u00e9 es el mobiliario contract?<\/strong><\/h2>\n\n\n\n<p class=\"wp-block-paragraph\">El mobiliario contract es <strong>aquel dise\u00f1ado y fabricado espec\u00edficamente para su uso en espacios colectivos o profesionales de alto tr\u00e1nsito<\/strong>. Est\u00e1 pensado para ofrecer un rendimiento duradero, adaptarse a distintos estilos decorativos y cumplir normativas estrictas de seguridad, ergonom\u00eda y sostenibilidad.<\/p>\n\n\n\n<p class=\"wp-block-paragraph\">Se utiliza en hoteles, restaurantes, cafeter\u00edas, oficinas, hospitales, centros comerciales, aeropuertos y todo tipo de espacios donde el uso continuo exige muebles resistentes, funcionales y, al mismo tiempo, con un alto valor est\u00e9tico.<\/p>\n\n\n\n<h2 class=\"wp-block-heading\"><strong>Ventajas del mobiliario contract frente al mobiliario residencial<\/strong><\/h2>\n\n\n\n<p class=\"wp-block-paragraph\">Una de las principales ventajas del mobiliario contract es su <strong>larga vida \u00fatil<\/strong>. Fabricado con materiales reforzados y estructuras t\u00e9cnicas, soporta el desgaste diario sin perder su aspecto original. Adem\u00e1s, es <strong>personalizable<\/strong>, lo que permite adaptar los acabados, colores o dimensiones a las necesidades espec\u00edficas del proyecto.<\/p>\n\n\n\n<p class=\"wp-block-paragraph\">Otra diferencia esencial es la <strong>certificaci\u00f3n<\/strong>: el mobiliario contract suele cumplir normas internacionales como EN 16139 (resistencia y durabilidad de asientos) o ISO 14001 (gesti\u00f3n ambiental), entre otras.<\/p>\n\n\n\n<h2 class=\"wp-block-heading\"><strong>Sectores donde el mobiliario contract es imprescindible<\/strong><\/h2>\n\n\n\n<p class=\"wp-block-paragraph\">El uso del mobiliario contract es clave en sectores como:<\/p>\n\n\n\n<ul class=\"wp-block-list\">\n<li><strong>Hospitality<\/strong> (hoteles, resorts, apartamentos tur\u00edsticos)<\/li>\n\n\n\n<li><strong>Restauraci\u00f3n<\/strong> (bares, cafeter\u00edas, restaurantes)<\/li>\n\n\n\n<li><strong>Retail y espacios comerciales<\/strong><\/li>\n\n\n\n<li><strong>Oficinas y entornos corporativos<\/strong><\/li>\n\n\n\n<li><strong>Sanidad y residencias<\/strong><\/li>\n\n\n\n<li><strong>Educaci\u00f3n y espacios institucionales<\/strong><\/li>\n<\/ul>\n\n\n\n<p class=\"wp-block-paragraph\">Cada uno de estos entornos tiene necesidades espec\u00edficas, y el mobiliario debe responder a ellas con soluciones funcionales, c\u00f3modas y est\u00e9ticamente coherentes.<\/p>\n\n\n\n<h2 class=\"wp-block-heading\"><strong>Tendencias actuales en dise\u00f1o de mobiliario contract<\/strong><\/h2>\n\n\n\n<p class=\"wp-block-paragraph\">Actualmente, el dise\u00f1o contract no solo se enfoca en la resistencia, sino tambi\u00e9n en el <strong>impacto emocional<\/strong> que puede generar en el usuario. Las l\u00edneas curvas, los tejidos sostenibles, los colores neutros con acentos vibrantes y la multifuncionalidad son algunas de las tendencias m\u00e1s demandadas.<\/p>\n\n\n\n<p class=\"wp-block-paragraph\">El dise\u00f1o <strong>biof\u00edlico<\/strong>, que busca conectar los espacios interiores con la naturaleza, tambi\u00e9n est\u00e1 influyendo en el desarrollo de colecciones contract, especialmente en sectores como el hospitality o el corporativo.<\/p>\n\n\n\n<h2 class=\"wp-block-heading\"><strong>Marcas destacadas en mobiliario contract representadas por Kaniel Agency<\/strong><\/h2>\n\n\n\n<p class=\"wp-block-paragraph\">En Kaniel Agency representamos marcas que son aut\u00e9nticas referencias en el \u00e1mbito del mobiliario contract, tanto en Espa\u00f1a como en Francia. Estas firmas combinan resistencia t\u00e9cnica, innovaci\u00f3n y un dise\u00f1o sobresaliente:<\/p>\n\n\n\n<p class=\"wp-block-paragraph\"><strong>En Espa\u00f1a:<\/strong><\/p>\n\n\n\n<ul class=\"wp-block-list\">\n<li><strong><a href=\"\/es\/marcas\/les-jardins\/\" target=\"_blank\" rel=\"noreferrer noopener\">Les Jardins<\/a><\/strong>: Mobiliario e iluminaci\u00f3n solar de exterior, perfecto para terrazas, jardines, espacios hospitality y contract outdoor.<\/li>\n\n\n\n<li><strong><a href=\"\/es\/marcas\/sits\/\" target=\"_blank\" rel=\"noreferrer noopener\">Sits<\/a><\/strong>: Sof\u00e1s y butacas tapizadas, modulares y personalizables, ideales para zonas lounge, recepciones o habitaciones de hotel.<br><\/li>\n<\/ul>\n\n\n\n<p class=\"wp-block-paragraph\"><strong>En Francia:<\/strong><\/p>\n\n\n\n<ul class=\"wp-block-list\">\n<li><strong><a href=\"\/es\/marcas\/dareels\/\" target=\"_blank\" rel=\"noreferrer noopener\">Dareels<\/a><\/strong>: Mobiliario de madera reciclada y estilo raw chic, con fuerte presencia en proyectos de hosteler\u00eda y restauraci\u00f3n.<\/li>\n\n\n\n<li><strong><a href=\"\/es\/marcas\/vical-home\/\" target=\"_blank\" rel=\"noreferrer noopener\">Vical Home<\/a><\/strong>: Muebles de car\u00e1cter con un alto valor est\u00e9tico, perfectos para crear espacios singulares en hoteles o restaurantes de dise\u00f1o.<\/li>\n\n\n\n<li><strong><a href=\"\/es\/marcas\/vp-interiorismo\/\" target=\"_blank\" rel=\"noreferrer noopener\">VP Interiorismo<\/a><\/strong>: Piezas decorativas y muebles con un enfoque art\u00edstico, ideales para lobbies, suites o espacios con personalidad.<\/li>\n\n\n\n<li><strong><a href=\"\/es\/marcas\/tapidisseny\/\" target=\"_blank\" rel=\"noreferrer noopener\">TapiDisseny<\/a><\/strong>: Sof\u00e1s, chaise longues y sof\u00e1s cama con tapicer\u00edas de alta resistencia, especialmente pensados para proyectos contract.<br><\/li>\n<\/ul>\n\n\n\n<p class=\"wp-block-paragraph\">Estas marcas ofrecen soluciones completas para dise\u00f1adores, arquitectos e inversores que buscan calidad, dise\u00f1o y durabilidad en sus proyectos.<\/p>\n\n\n\n<h2 class=\"wp-block-heading\"><strong>Preguntas frecuentes sobre el mobiliario contract<\/strong><\/h2>\n\n\n\n<h3 class=\"wp-block-heading\"><strong>\u00bfQu\u00e9 es un mueble contract?<\/strong><\/h3>\n\n\n\n<p class=\"wp-block-paragraph\">Es un mueble dise\u00f1ado espec\u00edficamente para soportar el uso intensivo en entornos profesionales como hoteles, restaurantes o espacios p\u00fablicos. Destaca por su durabilidad, est\u00e9tica y cumplimiento de normativas t\u00e9cnicas.<\/p>\n\n\n\n<h3 class=\"wp-block-heading\"><strong>\u00bfQu\u00e9 es un contrato mobiliario?<\/strong><\/h3>\n\n\n\n<p class=\"wp-block-paragraph\">Aunque puede prestarse a confusi\u00f3n, no se refiere a un documento legal, sino al t\u00e9rmino \u201ccontract\u201d como categor\u00eda de productos destinados a espacios colectivos. Es decir, mobiliario profesional para proyectos de dise\u00f1o.<\/p>\n\n\n\n<h3 class=\"wp-block-heading\"><strong>\u00bfQu\u00e9 significa calidad contract?<\/strong><\/h3>\n\n\n\n<p class=\"wp-block-paragraph\">Implica que el producto ha sido dise\u00f1ado y fabricado para cumplir con altos est\u00e1ndares de resistencia, seguridad, ergonom\u00eda y mantenimiento. Es una calidad superior, pensada para durar en condiciones exigentes.<\/p>\n\n\n\n<h3 class=\"wp-block-heading\"><strong>\u00bfVale la pena adquirir muebles de calidad contractual?<\/strong><\/h3>\n\n\n\n<p class=\"wp-block-paragraph\">S\u00ed, especialmente en entornos de uso continuo. Aunque su coste inicial es superior al mobiliario residencial, su durabilidad, bajo mantenimiento y adaptaci\u00f3n est\u00e9tica lo convierten en una inversi\u00f3n eficiente.<\/p>\n\n\n\n<h3 class=\"wp-block-heading\"><strong>\u00bfQu\u00e9 diferencia hay entre mobiliario residencial y contract?<\/strong><\/h3>\n\n\n\n<p class=\"wp-block-paragraph\">El mobiliario contract est\u00e1 fabricado para soportar un uso intensivo y prolongado, mientras que el residencial est\u00e1 pensado para un uso m\u00e1s limitado. Adem\u00e1s, el contract suele tener certificaciones que garantizan su rendimiento t\u00e9cnico.<\/p>\n\n\n\n<h2 class=\"wp-block-heading\"><strong>El dise\u00f1o contract: donde la funcionalidad se encuentra con la identidad del espacio<\/strong><\/h2>\n\n\n\n<p class=\"wp-block-paragraph\">En el mobiliario contract no solo se juega la resistencia o la durabilidad; se define la identidad misma del espacio. Cada silla, cada l\u00e1mpara, cada sof\u00e1 elegido transmite un mensaje sobre c\u00f3mo se quiere que el usuario viva, se mueva o recuerde ese lugar. Por eso, trabajar con marcas especializadas en contract no es solo una cuesti\u00f3n de calidad t\u00e9cnica, sino una declaraci\u00f3n de intenci\u00f3n est\u00e9tica y profesional.<\/p>\n\n\n\n<p class=\"wp-block-paragraph\">Invertir en mobiliario contract es invertir en dise\u00f1o estrat\u00e9gico: aquel que no solo viste un espacio, sino que lo transforma, lo define y lo hace inolvidable. Porque al final, en el interiorismo profesional, los detalles no son solo importantes\u2026 lo son todo.<\/p>\n\n\n\n<p class=\"wp-block-paragraph\"><\/p>\n","protected":false},"excerpt":{"rendered":"<p>En el universo del dise\u00f1o de interiores, el mobiliario contract se ha convertido en una pieza esencial para proyectos que requieren no solo belleza, sino tambi\u00e9n funcionalidad, resistencia y adaptabilidad. Este tipo de mobiliario es el preferido por arquitectos, interioristas y promotores cuando se trata de equipar espacios de uso intensivo como hoteles, restaurantes, oficinas, [&hellip;]<\/p>\n","protected":false},"author":4,"featured_media":12629,"comment_status":"open","ping_status":"open","sticky":false,"template":"","format":"standard","meta":{"_acf_changed":false,"_ayudawp_aiss_exclude":false,"_ayudawp_aiss_exclude_summary":false,"_ayudawp_aiss_summary":"","_ayudawp_aiss_summary_provider":"","_ayudawp_aiss_summary_hash":"","footnotes":""},"categories":[195],"tags":[70,64,48,63,197],"class_list":["post-12858","post","type-post","status-publish","format-standard","has-post-thumbnail","hentry","category-profesionales","tag-consejos-decoracion","tag-decoracion-hogar","tag-diseno-interior","tag-marcas","tag-profesionales"],"acf":[],"yoast_head":"<!-- This site is optimized with the Yoast SEO plugin v28.3 - https:\/\/yoast.com\/product\/yoast-seo-wordpress\/ -->\n<title>Mobiliario contract clave en proyectos de interiorismo profesional<\/title>\n<meta name=\"robots\" content=\"index, follow, max-snippet:-1, max-image-preview:large, max-video-preview:-1\" \/>\n<link rel=\"canonical\" href=\"https:\/\/kaniel-agency.com\/es\/que-es-mobiliario-contract\/\" \/>\n<meta property=\"og:locale\" content=\"es_ES\" \/>\n<meta property=\"og:type\" content=\"article\" \/>\n<meta property=\"og:title\" content=\"Mobiliario contract clave en proyectos de interiorismo profesional\" \/>\n<meta property=\"og:description\" content=\"En el universo del dise\u00f1o de interiores, el mobiliario contract se ha convertido en una pieza esencial para proyectos que requieren no solo belleza, sino tambi\u00e9n funcionalidad, resistencia y adaptabilidad. Este tipo de mobiliario es el preferido por arquitectos, interioristas y promotores cuando se trata de equipar espacios de uso intensivo como hoteles, restaurantes, oficinas, [&hellip;]\" \/>\n<meta property=\"og:url\" content=\"https:\/\/kaniel-agency.com\/es\/que-es-mobiliario-contract\/\" \/>\n<meta property=\"og:site_name\" content=\"Kaniel Agency\" \/>\n<meta property=\"article:publisher\" content=\"https:\/\/www.facebook.com\/kanielagency\/\" \/>\n<meta property=\"article:published_time\" content=\"2025-09-29T10:00:00+00:00\" \/>\n<meta property=\"og:image\" content=\"https:\/\/kaniel-agency.com\/wp-content\/uploads\/2025\/04\/vical-home-mobilier-outdoor-pour-hotels.webp\" \/>\n\t<meta property=\"og:image:width\" content=\"1609\" \/>\n\t<meta property=\"og:image:height\" content=\"1851\" \/>\n\t<meta property=\"og:image:type\" content=\"image\/webp\" \/>\n<meta name=\"author\" content=\"Elie\" \/>\n<meta name=\"twitter:card\" content=\"summary_large_image\" \/>\n<meta name=\"twitter:creator\" content=\"@kanielagency\" \/>\n<meta name=\"twitter:site\" content=\"@kanielagency\" \/>\n<meta name=\"twitter:label1\" content=\"Escrito por\" \/>\n\t<meta name=\"twitter:data1\" content=\"Elie\" \/>\n\t<meta name=\"twitter:label2\" content=\"Tiempo de lectura\" \/>\n\t<meta name=\"twitter:data2\" content=\"5 minutos\" \/>\n<script type=\"application\/ld+json\" class=\"yoast-schema-graph\">{\"@context\":\"https:\\\/\\\/schema.org\",\"@graph\":[{\"@type\":\"Article\",\"@id\":\"https:\\\/\\\/kaniel-agency.com\\\/es\\\/que-es-mobiliario-contract\\\/#article\",\"isPartOf\":{\"@id\":\"https:\\\/\\\/kaniel-agency.com\\\/es\\\/que-es-mobiliario-contract\\\/\"},\"author\":{\"name\":\"Elie\",\"@id\":\"https:\\\/\\\/kaniel-agency.com\\\/es\\\/#\\\/schema\\\/person\\\/5b7e56f899cf198ff9c70ae5a232e083\"},\"headline\":\"Qu\u00e9 es el mobiliario contract y por qu\u00e9 es clave en proyectos de interiorismo profesional\",\"datePublished\":\"2025-09-29T10:00:00+00:00\",\"mainEntityOfPage\":{\"@id\":\"https:\\\/\\\/kaniel-agency.com\\\/es\\\/que-es-mobiliario-contract\\\/\"},\"wordCount\":989,\"commentCount\":0,\"publisher\":{\"@id\":\"https:\\\/\\\/kaniel-agency.com\\\/es\\\/#organization\"},\"image\":{\"@id\":\"https:\\\/\\\/kaniel-agency.com\\\/es\\\/que-es-mobiliario-contract\\\/#primaryimage\"},\"thumbnailUrl\":\"https:\\\/\\\/kaniel-agency.com\\\/wp-content\\\/uploads\\\/2025\\\/04\\\/vical-home-mobilier-outdoor-pour-hotels.webp\",\"keywords\":[\"consejos decoraci\u00f3n\",\"decoraci\u00f3n hogar\",\"dise\u00f1o interior\",\"marcas\",\"Profesionales\"],\"articleSection\":[\"Profesionales\"],\"inLanguage\":\"es\",\"potentialAction\":[{\"@type\":\"CommentAction\",\"name\":\"Comment\",\"target\":[\"https:\\\/\\\/kaniel-agency.com\\\/es\\\/que-es-mobiliario-contract\\\/#respond\"]}]},{\"@type\":\"WebPage\",\"@id\":\"https:\\\/\\\/kaniel-agency.com\\\/es\\\/que-es-mobiliario-contract\\\/\",\"url\":\"https:\\\/\\\/kaniel-agency.com\\\/es\\\/que-es-mobiliario-contract\\\/\",\"name\":\"Mobiliario contract clave en proyectos de interiorismo profesional\",\"isPartOf\":{\"@id\":\"https:\\\/\\\/kaniel-agency.com\\\/es\\\/#website\"},\"primaryImageOfPage\":{\"@id\":\"https:\\\/\\\/kaniel-agency.com\\\/es\\\/que-es-mobiliario-contract\\\/#primaryimage\"},\"image\":{\"@id\":\"https:\\\/\\\/kaniel-agency.com\\\/es\\\/que-es-mobiliario-contract\\\/#primaryimage\"},\"thumbnailUrl\":\"https:\\\/\\\/kaniel-agency.com\\\/wp-content\\\/uploads\\\/2025\\\/04\\\/vical-home-mobilier-outdoor-pour-hotels.webp\",\"datePublished\":\"2025-09-29T10:00:00+00:00\",\"breadcrumb\":{\"@id\":\"https:\\\/\\\/kaniel-agency.com\\\/es\\\/que-es-mobiliario-contract\\\/#breadcrumb\"},\"inLanguage\":\"es\",\"potentialAction\":[{\"@type\":\"ReadAction\",\"target\":[\"https:\\\/\\\/kaniel-agency.com\\\/es\\\/que-es-mobiliario-contract\\\/\"]}]},{\"@type\":\"ImageObject\",\"inLanguage\":\"es\",\"@id\":\"https:\\\/\\\/kaniel-agency.com\\\/es\\\/que-es-mobiliario-contract\\\/#primaryimage\",\"url\":\"https:\\\/\\\/kaniel-agency.com\\\/wp-content\\\/uploads\\\/2025\\\/04\\\/vical-home-mobilier-outdoor-pour-hotels.webp\",\"contentUrl\":\"https:\\\/\\\/kaniel-agency.com\\\/wp-content\\\/uploads\\\/2025\\\/04\\\/vical-home-mobilier-outdoor-pour-hotels.webp\",\"width\":1609,\"height\":1851,\"caption\":\"Mobilier outdoor pour h\u00f4tels: \u00e9l\u00e9gance, caract\u00e8re et design responsable avec Sunnyval, Dareels et Vical Home\"},{\"@type\":\"BreadcrumbList\",\"@id\":\"https:\\\/\\\/kaniel-agency.com\\\/es\\\/que-es-mobiliario-contract\\\/#breadcrumb\",\"itemListElement\":[{\"@type\":\"ListItem\",\"position\":1,\"name\":\"Inicio\",\"item\":\"https:\\\/\\\/kaniel-agency.com\\\/es\\\/\"},{\"@type\":\"ListItem\",\"position\":2,\"name\":\"Profesionales\",\"item\":\"https:\\\/\\\/kaniel-agency.com\\\/es\\\/category\\\/profesionales\\\/\"},{\"@type\":\"ListItem\",\"position\":3,\"name\":\"Qu\u00e9 es el mobiliario contract y por qu\u00e9 es clave en proyectos de interiorismo profesional\"}]},{\"@type\":\"WebSite\",\"@id\":\"https:\\\/\\\/kaniel-agency.com\\\/es\\\/#website\",\"url\":\"https:\\\/\\\/kaniel-agency.com\\\/es\\\/\",\"name\":\"Kaniel Agency\",\"description\":\"Interiorism &amp; life style agency\",\"publisher\":{\"@id\":\"https:\\\/\\\/kaniel-agency.com\\\/es\\\/#organization\"},\"potentialAction\":[{\"@type\":\"SearchAction\",\"target\":{\"@type\":\"EntryPoint\",\"urlTemplate\":\"https:\\\/\\\/kaniel-agency.com\\\/es\\\/?s={search_term_string}\"},\"query-input\":{\"@type\":\"PropertyValueSpecification\",\"valueRequired\":true,\"valueName\":\"search_term_string\"}}],\"inLanguage\":\"es\"},{\"@type\":\"Organization\",\"@id\":\"https:\\\/\\\/kaniel-agency.com\\\/es\\\/#organization\",\"name\":\"Kaniel Comercial, SL\",\"url\":\"https:\\\/\\\/kaniel-agency.com\\\/es\\\/\",\"logo\":{\"@type\":\"ImageObject\",\"inLanguage\":\"es\",\"@id\":\"https:\\\/\\\/kaniel-agency.com\\\/es\\\/#\\\/schema\\\/logo\\\/image\\\/\",\"url\":\"https:\\\/\\\/kaniel-agency.com\\\/wp-content\\\/uploads\\\/2020\\\/01\\\/logo-negro.svg\",\"contentUrl\":\"https:\\\/\\\/kaniel-agency.com\\\/wp-content\\\/uploads\\\/2020\\\/01\\\/logo-negro.svg\",\"width\":1,\"height\":1,\"caption\":\"Kaniel Comercial, SL\"},\"image\":{\"@id\":\"https:\\\/\\\/kaniel-agency.com\\\/es\\\/#\\\/schema\\\/logo\\\/image\\\/\"},\"sameAs\":[\"https:\\\/\\\/www.facebook.com\\\/kanielagency\\\/\",\"https:\\\/\\\/x.com\\\/kanielagency\",\"https:\\\/\\\/www.linkedin.com\\\/company\\\/kanielagency\\\/\",\"https:\\\/\\\/www.instagram.com\\\/kanielagency\\\/\"]},{\"@type\":\"Person\",\"@id\":\"https:\\\/\\\/kaniel-agency.com\\\/es\\\/#\\\/schema\\\/person\\\/5b7e56f899cf198ff9c70ae5a232e083\",\"name\":\"Elie\",\"image\":{\"@type\":\"ImageObject\",\"inLanguage\":\"es\",\"@id\":\"https:\\\/\\\/secure.gravatar.com\\\/avatar\\\/f19539a3cf8e4322d7139f805a32a8d23be64fb0d51386b972bce4e52c50dd83?s=96&d=https%3A%2F%2Fkaniel-agency.com%2Fwp-content%2Fuploads%2F2022%2F11%2Felie-halioui-kaniel-agency-scaled.jpg&r=g\",\"url\":\"https:\\\/\\\/secure.gravatar.com\\\/avatar\\\/f19539a3cf8e4322d7139f805a32a8d23be64fb0d51386b972bce4e52c50dd83?s=96&d=https%3A%2F%2Fkaniel-agency.com%2Fwp-content%2Fuploads%2F2022%2F11%2Felie-halioui-kaniel-agency-scaled.jpg&r=g\",\"contentUrl\":\"https:\\\/\\\/secure.gravatar.com\\\/avatar\\\/f19539a3cf8e4322d7139f805a32a8d23be64fb0d51386b972bce4e52c50dd83?s=96&d=https%3A%2F%2Fkaniel-agency.com%2Fwp-content%2Fuploads%2F2022%2F11%2Felie-halioui-kaniel-agency-scaled.jpg&r=g\",\"caption\":\"Elie\"},\"description\":\"CEO de Kaniel Agency. Formado en gesti\u00f3n empresarial y marketing de la mano de ESIC y con gran experiencia comercial en el \u00e1mbito de las relaciones p\u00fablicas, viajes corporativos y organizaci\u00f3n de eventos. Apasionado de la decoraci\u00f3n y el interiorismo as\u00ed como del deporte, la cocina y los viajes. Su experiencia en el sector de la decoraci\u00f3n empieza hace m\u00e1s de 20 a\u00f1os como Director en Espa\u00f1a de la filial Silea, France Gift. Kaniel Agency opera desde 2015 donde disfruta cada d\u00eda desarrollando su profesi\u00f3n: \\\"Estar al mando de Kaniel Agency me permite ser independiente en mis decisiones profesionales, desarrollar las marcas y productos que me gustan, y ayudar a clientes, representantes y marcas a desarrollar sus objetivos. Al tratarse para mi de una de mis aficiones, disfruto cada d\u00eda haciendo lo que m\u00e1s me gusta.\\\"\",\"sameAs\":[\"https:\\\/\\\/instagram.com\\\/eliehaliouaatt\",\"https:\\\/\\\/www.linkedin.com\\\/in\\\/kanielagency\\\/\"],\"url\":\"https:\\\/\\\/kaniel-agency.com\\\/es\\\/author\\\/elie\\\/\"}]}<\/script>\n<!-- \/ Yoast SEO plugin. -->","yoast_head_json":{"title":"Mobiliario contract clave en proyectos de interiorismo profesional","robots":{"index":"index","follow":"follow","max-snippet":"max-snippet:-1","max-image-preview":"max-image-preview:large","max-video-preview":"max-video-preview:-1"},"canonical":"https:\/\/kaniel-agency.com\/es\/que-es-mobiliario-contract\/","og_locale":"es_ES","og_type":"article","og_title":"Mobiliario contract clave en proyectos de interiorismo profesional","og_description":"En el universo del dise\u00f1o de interiores, el mobiliario contract se ha convertido en una pieza esencial para proyectos que requieren no solo belleza, sino tambi\u00e9n funcionalidad, resistencia y adaptabilidad. Este tipo de mobiliario es el preferido por arquitectos, interioristas y promotores cuando se trata de equipar espacios de uso intensivo como hoteles, restaurantes, oficinas, [&hellip;]","og_url":"https:\/\/kaniel-agency.com\/es\/que-es-mobiliario-contract\/","og_site_name":"Kaniel Agency","article_publisher":"https:\/\/www.facebook.com\/kanielagency\/","article_published_time":"2025-09-29T10:00:00+00:00","og_image":[{"width":1609,"height":1851,"url":"https:\/\/kaniel-agency.com\/wp-content\/uploads\/2025\/04\/vical-home-mobilier-outdoor-pour-hotels.webp","type":"image\/webp"}],"author":"Elie","twitter_card":"summary_large_image","twitter_creator":"@kanielagency","twitter_site":"@kanielagency","twitter_misc":{"Escrito por":"Elie","Tiempo de lectura":"5 minutos"},"schema":{"@context":"https:\/\/schema.org","@graph":[{"@type":"Article","@id":"https:\/\/kaniel-agency.com\/es\/que-es-mobiliario-contract\/#article","isPartOf":{"@id":"https:\/\/kaniel-agency.com\/es\/que-es-mobiliario-contract\/"},"author":{"name":"Elie","@id":"https:\/\/kaniel-agency.com\/es\/#\/schema\/person\/5b7e56f899cf198ff9c70ae5a232e083"},"headline":"Qu\u00e9 es el mobiliario contract y por qu\u00e9 es clave en proyectos de interiorismo profesional","datePublished":"2025-09-29T10:00:00+00:00","mainEntityOfPage":{"@id":"https:\/\/kaniel-agency.com\/es\/que-es-mobiliario-contract\/"},"wordCount":989,"commentCount":0,"publisher":{"@id":"https:\/\/kaniel-agency.com\/es\/#organization"},"image":{"@id":"https:\/\/kaniel-agency.com\/es\/que-es-mobiliario-contract\/#primaryimage"},"thumbnailUrl":"https:\/\/kaniel-agency.com\/wp-content\/uploads\/2025\/04\/vical-home-mobilier-outdoor-pour-hotels.webp","keywords":["consejos decoraci\u00f3n","decoraci\u00f3n hogar","dise\u00f1o interior","marcas","Profesionales"],"articleSection":["Profesionales"],"inLanguage":"es","potentialAction":[{"@type":"CommentAction","name":"Comment","target":["https:\/\/kaniel-agency.com\/es\/que-es-mobiliario-contract\/#respond"]}]},{"@type":"WebPage","@id":"https:\/\/kaniel-agency.com\/es\/que-es-mobiliario-contract\/","url":"https:\/\/kaniel-agency.com\/es\/que-es-mobiliario-contract\/","name":"Mobiliario contract clave en proyectos de interiorismo profesional","isPartOf":{"@id":"https:\/\/kaniel-agency.com\/es\/#website"},"primaryImageOfPage":{"@id":"https:\/\/kaniel-agency.com\/es\/que-es-mobiliario-contract\/#primaryimage"},"image":{"@id":"https:\/\/kaniel-agency.com\/es\/que-es-mobiliario-contract\/#primaryimage"},"thumbnailUrl":"https:\/\/kaniel-agency.com\/wp-content\/uploads\/2025\/04\/vical-home-mobilier-outdoor-pour-hotels.webp","datePublished":"2025-09-29T10:00:00+00:00","breadcrumb":{"@id":"https:\/\/kaniel-agency.com\/es\/que-es-mobiliario-contract\/#breadcrumb"},"inLanguage":"es","potentialAction":[{"@type":"ReadAction","target":["https:\/\/kaniel-agency.com\/es\/que-es-mobiliario-contract\/"]}]},{"@type":"ImageObject","inLanguage":"es","@id":"https:\/\/kaniel-agency.com\/es\/que-es-mobiliario-contract\/#primaryimage","url":"https:\/\/kaniel-agency.com\/wp-content\/uploads\/2025\/04\/vical-home-mobilier-outdoor-pour-hotels.webp","contentUrl":"https:\/\/kaniel-agency.com\/wp-content\/uploads\/2025\/04\/vical-home-mobilier-outdoor-pour-hotels.webp","width":1609,"height":1851,"caption":"Mobilier outdoor pour h\u00f4tels: \u00e9l\u00e9gance, caract\u00e8re et design responsable avec Sunnyval, Dareels et Vical Home"},{"@type":"BreadcrumbList","@id":"https:\/\/kaniel-agency.com\/es\/que-es-mobiliario-contract\/#breadcrumb","itemListElement":[{"@type":"ListItem","position":1,"name":"Inicio","item":"https:\/\/kaniel-agency.com\/es\/"},{"@type":"ListItem","position":2,"name":"Profesionales","item":"https:\/\/kaniel-agency.com\/es\/category\/profesionales\/"},{"@type":"ListItem","position":3,"name":"Qu\u00e9 es el mobiliario contract y por qu\u00e9 es clave en proyectos de interiorismo profesional"}]},{"@type":"WebSite","@id":"https:\/\/kaniel-agency.com\/es\/#website","url":"https:\/\/kaniel-agency.com\/es\/","name":"Kaniel Agency","description":"Interiorism &amp; life style agency","publisher":{"@id":"https:\/\/kaniel-agency.com\/es\/#organization"},"potentialAction":[{"@type":"SearchAction","target":{"@type":"EntryPoint","urlTemplate":"https:\/\/kaniel-agency.com\/es\/?s={search_term_string}"},"query-input":{"@type":"PropertyValueSpecification","valueRequired":true,"valueName":"search_term_string"}}],"inLanguage":"es"},{"@type":"Organization","@id":"https:\/\/kaniel-agency.com\/es\/#organization","name":"Kaniel Comercial, SL","url":"https:\/\/kaniel-agency.com\/es\/","logo":{"@type":"ImageObject","inLanguage":"es","@id":"https:\/\/kaniel-agency.com\/es\/#\/schema\/logo\/image\/","url":"https:\/\/kaniel-agency.com\/wp-content\/uploads\/2020\/01\/logo-negro.svg","contentUrl":"https:\/\/kaniel-agency.com\/wp-content\/uploads\/2020\/01\/logo-negro.svg","width":1,"height":1,"caption":"Kaniel Comercial, SL"},"image":{"@id":"https:\/\/kaniel-agency.com\/es\/#\/schema\/logo\/image\/"},"sameAs":["https:\/\/www.facebook.com\/kanielagency\/","https:\/\/x.com\/kanielagency","https:\/\/www.linkedin.com\/company\/kanielagency\/","https:\/\/www.instagram.com\/kanielagency\/"]},{"@type":"Person","@id":"https:\/\/kaniel-agency.com\/es\/#\/schema\/person\/5b7e56f899cf198ff9c70ae5a232e083","name":"Elie","image":{"@type":"ImageObject","inLanguage":"es","@id":"https:\/\/secure.gravatar.com\/avatar\/f19539a3cf8e4322d7139f805a32a8d23be64fb0d51386b972bce4e52c50dd83?s=96&d=https%3A%2F%2Fkaniel-agency.com%2Fwp-content%2Fuploads%2F2022%2F11%2Felie-halioui-kaniel-agency-scaled.jpg&r=g","url":"https:\/\/secure.gravatar.com\/avatar\/f19539a3cf8e4322d7139f805a32a8d23be64fb0d51386b972bce4e52c50dd83?s=96&d=https%3A%2F%2Fkaniel-agency.com%2Fwp-content%2Fuploads%2F2022%2F11%2Felie-halioui-kaniel-agency-scaled.jpg&r=g","contentUrl":"https:\/\/secure.gravatar.com\/avatar\/f19539a3cf8e4322d7139f805a32a8d23be64fb0d51386b972bce4e52c50dd83?s=96&d=https%3A%2F%2Fkaniel-agency.com%2Fwp-content%2Fuploads%2F2022%2F11%2Felie-halioui-kaniel-agency-scaled.jpg&r=g","caption":"Elie"},"description":"CEO de Kaniel Agency. Formado en gesti\u00f3n empresarial y marketing de la mano de ESIC y con gran experiencia comercial en el \u00e1mbito de las relaciones p\u00fablicas, viajes corporativos y organizaci\u00f3n de eventos. Apasionado de la decoraci\u00f3n y el interiorismo as\u00ed como del deporte, la cocina y los viajes. Su experiencia en el sector de la decoraci\u00f3n empieza hace m\u00e1s de 20 a\u00f1os como Director en Espa\u00f1a de la filial Silea, France Gift. Kaniel Agency opera desde 2015 donde disfruta cada d\u00eda desarrollando su profesi\u00f3n: \"Estar al mando de Kaniel Agency me permite ser independiente en mis decisiones profesionales, desarrollar las marcas y productos que me gustan, y ayudar a clientes, representantes y marcas a desarrollar sus objetivos. Al tratarse para mi de una de mis aficiones, disfruto cada d\u00eda haciendo lo que m\u00e1s me gusta.\"","sameAs":["https:\/\/instagram.com\/eliehaliouaatt","https:\/\/www.linkedin.com\/in\/kanielagency\/"],"url":"https:\/\/kaniel-agency.com\/es\/author\/elie\/"}]}},"_links":{"self":[{"href":"https:\/\/kaniel-agency.com\/es\/wp-json\/wp\/v2\/posts\/12858","targetHints":{"allow":["GET"]}}],"collection":[{"href":"https:\/\/kaniel-agency.com\/es\/wp-json\/wp\/v2\/posts"}],"about":[{"href":"https:\/\/kaniel-agency.com\/es\/wp-json\/wp\/v2\/types\/post"}],"author":[{"embeddable":true,"href":"https:\/\/kaniel-agency.com\/es\/wp-json\/wp\/v2\/users\/4"}],"replies":[{"embeddable":true,"href":"https:\/\/kaniel-agency.com\/es\/wp-json\/wp\/v2\/comments?post=12858"}],"version-history":[{"count":1,"href":"https:\/\/kaniel-agency.com\/es\/wp-json\/wp\/v2\/posts\/12858\/revisions"}],"predecessor-version":[{"id":12859,"href":"https:\/\/kaniel-agency.com\/es\/wp-json\/wp\/v2\/posts\/12858\/revisions\/12859"}],"wp:featuredmedia":[{"embeddable":true,"href":"https:\/\/kaniel-agency.com\/es\/wp-json\/wp\/v2\/media\/12629"}],"wp:attachment":[{"href":"https:\/\/kaniel-agency.com\/es\/wp-json\/wp\/v2\/media?parent=12858"}],"wp:term":[{"taxonomy":"category","embeddable":true,"href":"https:\/\/kaniel-agency.com\/es\/wp-json\/wp\/v2\/categories?post=12858"},{"taxonomy":"post_tag","embeddable":true,"href":"https:\/\/kaniel-agency.com\/es\/wp-json\/wp\/v2\/tags?post=12858"}],"curies":[{"name":"wp","href":"https:\/\/api.w.org\/{rel}","templated":true}]}}