{"id":11608,"date":"2024-06-26T17:53:17","date_gmt":"2024-06-26T15:53:17","guid":{"rendered":"https:\/\/kaniel-agency.com\/?p=11608"},"modified":"2024-06-26T17:53:17","modified_gmt":"2024-06-26T15:53:17","slug":"tendencias-decoracion-cafeteria-2024","status":"publish","type":"post","link":"https:\/\/kaniel-agency.com\/es\/tendencias-decoracion-cafeteria-2024\/","title":{"rendered":"Tendencias de decoraci\u00f3n para una cafeter\u00eda en 2024"},"content":{"rendered":"\n\n<div class=\"kk-star-ratings kksr-auto kksr-align-left kksr-valign-top\"\n    data-payload='{&quot;align&quot;:&quot;left&quot;,&quot;id&quot;:&quot;11608&quot;,&quot;slug&quot;:&quot;default&quot;,&quot;valign&quot;:&quot;top&quot;,&quot;ignore&quot;:&quot;&quot;,&quot;reference&quot;:&quot;auto&quot;,&quot;class&quot;:&quot;&quot;,&quot;count&quot;:&quot;0&quot;,&quot;legendonly&quot;:&quot;&quot;,&quot;readonly&quot;:&quot;&quot;,&quot;score&quot;:&quot;0&quot;,&quot;starsonly&quot;:&quot;&quot;,&quot;best&quot;:&quot;5&quot;,&quot;gap&quot;:&quot;4&quot;,&quot;greet&quot;:&quot;Rate this post&quot;,&quot;legend&quot;:&quot;0\\\/5 - (0 votos)&quot;,&quot;size&quot;:&quot;20&quot;,&quot;title&quot;:&quot;Tendencias de decoraci\u00f3n para una cafeter\u00eda en 2024&quot;,&quot;width&quot;:&quot;0&quot;,&quot;_legend&quot;:&quot;{score}\\\/{best} - ({count} {votes})&quot;,&quot;font_factor&quot;:&quot;1.25&quot;}'>\n            \n<div class=\"kksr-stars\">\n    \n<div class=\"kksr-stars-inactive\">\n            <div class=\"kksr-star\" data-star=\"1\" style=\"padding-right: 4px\">\n            \n\n<div class=\"kksr-icon\" style=\"width: 20px; height: 20px;\"><\/div>\n        <\/div>\n            <div class=\"kksr-star\" data-star=\"2\" style=\"padding-right: 4px\">\n            \n\n<div class=\"kksr-icon\" style=\"width: 20px; height: 20px;\"><\/div>\n        <\/div>\n            <div class=\"kksr-star\" data-star=\"3\" style=\"padding-right: 4px\">\n            \n\n<div class=\"kksr-icon\" style=\"width: 20px; height: 20px;\"><\/div>\n        <\/div>\n            <div class=\"kksr-star\" data-star=\"4\" style=\"padding-right: 4px\">\n            \n\n<div class=\"kksr-icon\" style=\"width: 20px; height: 20px;\"><\/div>\n        <\/div>\n            <div class=\"kksr-star\" data-star=\"5\" style=\"padding-right: 4px\">\n            \n\n<div class=\"kksr-icon\" style=\"width: 20px; height: 20px;\"><\/div>\n        <\/div>\n    <\/div>\n    \n<div class=\"kksr-stars-active\" style=\"width: 0px;\">\n            <div class=\"kksr-star\" style=\"padding-right: 4px\">\n            \n\n<div class=\"kksr-icon\" style=\"width: 20px; height: 20px;\"><\/div>\n        <\/div>\n            <div class=\"kksr-star\" style=\"padding-right: 4px\">\n            \n\n<div class=\"kksr-icon\" style=\"width: 20px; height: 20px;\"><\/div>\n        <\/div>\n            <div class=\"kksr-star\" style=\"padding-right: 4px\">\n            \n\n<div class=\"kksr-icon\" style=\"width: 20px; height: 20px;\"><\/div>\n        <\/div>\n            <div class=\"kksr-star\" style=\"padding-right: 4px\">\n            \n\n<div class=\"kksr-icon\" style=\"width: 20px; height: 20px;\"><\/div>\n        <\/div>\n            <div class=\"kksr-star\" style=\"padding-right: 4px\">\n            \n\n<div class=\"kksr-icon\" style=\"width: 20px; height: 20px;\"><\/div>\n        <\/div>\n    <\/div>\n<\/div>\n                \n\n<div class=\"kksr-legend\" style=\"font-size: 16px;\">\n            <span class=\"kksr-muted\">Rate this post<\/span>\n    <\/div>\n    <\/div>\n\n<p>El \u00e9xito de los locales de hosteler\u00eda y restauraci\u00f3n cada vez est\u00e1 m\u00e1s estrechamente relacionado con un aspecto original y llamativo, que incorpore las \u00faltimas<a href=\"\/es\/tendencias\/\" target=\"_blank\" rel=\"noreferrer noopener\"> tendencias en decoraci\u00f3n e interiorismo<\/a>.<\/p>\n\n\n\n<p>Esto se debe a que una decoraci\u00f3n cuidada conseguir\u00e1 que<strong> la clientela comparta su experiencia en redes sociales<\/strong>, con im\u00e1genes del establecimiento y sus productos, haciendo una promoci\u00f3n que puede ser muy valiosa.<\/p>\n\n\n\n<h2 class=\"wp-block-heading\">Tendencias de decoraci\u00f3n para cafeter\u00edas en 2024<\/h2>\n\n\n\n<p>\u00bfCu\u00e1les son las tendencias m\u00e1s destacadas en decoraci\u00f3n para cafeter\u00edas en 2024? En Kaniel Agency hemos analizado las <strong>caracter\u00edsticas de los locales que triunfan<\/strong> para que puedas aplicarlas.<\/p>\n\n\n\n<h2 class=\"wp-block-heading\">Colores y paletas populares en los mejores locales internacionales<\/h2>\n\n\n\n<p>La elecci\u00f3n de una paleta de colores adecuada es el primer paso para comenzar con el <strong>dise\u00f1o interior de la cafeter\u00eda<\/strong>. Ten en cuenta que la decoraci\u00f3n debe ser coherente con la imagen de marca y sus valores, por lo que tanto el logotipo como el concepto de marca y local deben estar alineados.<\/p>\n\n\n\n<h3 class=\"wp-block-heading\">Colores neutros y naturales<\/h3>\n\n\n\n<p>Los colores neutros y naturales, especialmente<strong> las paletas terrosas y los tonos verdes<\/strong>, est\u00e1n muy de moda. Este tipo de colores transmiten calidez y sostenibilidad, algo que se puede aportar con madera en suelos, revestimientos y mobiliario, o mediante objetos decorativos, como jarrones, maceteros o plantas.<\/p>\n\n\n\n<p>Los <strong>blancos, grises y negros <\/strong>siguen siendo colores neutros muy empleados. Aunque pueden resultar faltos de personalidad, su combinaci\u00f3n con los colores de marca y una buena iluminaci\u00f3n pueden crear un ambiente moderno y aut\u00e9ntico.<\/p>\n\n\n\n<h3 class=\"wp-block-heading\">Tonos vibrantes y acentos<\/h3>\n\n\n\n<p>La <strong>combinaci\u00f3n de colores atrevidos <\/strong>ha vuelto como tendencia, aplicados en la pintura de paredes, papel pintado, azulejos u objetos decorativos. Tonos como el verde esmeralda, el azul profundo y el terracota pueden toques de color y personalidad a la cafeter\u00eda, tanto en paredes de acento como empleados para separar y definir distintos espacios.&nbsp;<\/p>\n\n\n\n<p>Dependiendo de la amplitud de la cafeter\u00eda, puede que el uso de los colores atrevidos en paredes resulte demasiado abrumador, por lo que los <strong>acentos de color<\/strong> en cojines, arte o accesorios puede ser una buena alternativa.&nbsp;<\/p>\n\n\n\n<figure class=\"wp-block-image size-large\"><img fetchpriority=\"high\" decoding=\"async\" width=\"716\" height=\"1024\" src=\"https:\/\/kaniel-agency.com\/wp-content\/uploads\/2024\/06\/decoracion-cafeteria-kaniel-716x1024.png\" alt=\"\" class=\"wp-image-11609\" srcset=\"https:\/\/kaniel-agency.com\/wp-content\/uploads\/2024\/06\/decoracion-cafeteria-kaniel-716x1024.png 716w, https:\/\/kaniel-agency.com\/wp-content\/uploads\/2024\/06\/decoracion-cafeteria-kaniel-210x300.png 210w, https:\/\/kaniel-agency.com\/wp-content\/uploads\/2024\/06\/decoracion-cafeteria-kaniel.png 724w\" sizes=\"(max-width: 716px) 100vw, 716px\" \/><\/figure>\n\n\n\n<h2 class=\"wp-block-heading\">Materiales sostenibles y eco-amigables para decorar tu cafeter\u00eda<\/h2>\n\n\n\n<p>Como avanz\u00e1bamos m\u00e1s arriba, <strong>la sostenibilidad forma parte de las tendencias decorativas<\/strong>. Un estilo con gui\u00f1os a la naturaleza y empleando materiales sostenibles crear\u00e1 un espacio atractivo y acogedor.<\/p>\n\n\n\n<h3 class=\"wp-block-heading\">Madera reciclada y reutilizada<\/h3>\n\n\n\n<p>Elige muebles de calidad, fabricados en madera reciclada o madera maciza con un aspecto r\u00fastico, para una m\u00e1xima durabilidad y para crear un entorno eco-amigable.&nbsp;<\/p>\n\n\n\n<p>Las<strong> marcas de muebles con certificaciones de sostenibilidad <\/strong>son garant\u00eda de que la materia prima proviene de fuentes respetuosas con el medio ambiente.<\/p>\n\n\n\n<h3 class=\"wp-block-heading\">Uso de textiles org\u00e1nicos<\/h3>\n\n\n\n<p>Los textiles te ayudar\u00e1n a reforzar el aspecto ecol\u00f3gico de tu cafeter\u00eda, ya sea en<strong> fundas de coj\u00edn, cortinas, tapicer\u00eda o manteler\u00eda<\/strong>, especialmente en colores neutros o te\u00f1idos con colorantes naturales.<\/p>\n\n\n\n<p>Prioriza tejidos como el <strong>algod\u00f3n org\u00e1nico o el lino en textiles<\/strong>, en combinaci\u00f3n con otros materiales como mimbre, barro o rat\u00e1n en la decoraci\u00f3n.<\/p>\n\n\n\n<h2 class=\"wp-block-heading\">Mobiliario funcional y est\u00e9tico que usan las franquicias m\u00e1s populares<\/h2>\n\n\n\n<p>\u00bfQu\u00e9 marcas de muebles son las m\u00e1s adecuadas para una cafeter\u00eda? <strong>Amueblar un establecimiento es una inversi\u00f3n importante<\/strong>, por lo que tomar las decisiones correctas en este sentido puede marcar la diferencia a medio plazo.&nbsp;<\/p>\n\n\n\n<p>Apuesta por <strong>muebles funcionales y de calidad<\/strong>, que resulten f\u00e1ciles de mantener y limpiar.<\/p>\n\n\n\n<h3 class=\"wp-block-heading\">Muebles multifuncionales<\/h3>\n\n\n\n<p>Dependiendo del espacio del que dispongas, puede que el mobiliario te ayude a sacarle todo el partido.&nbsp;<\/p>\n\n\n\n<p>Apuesta por <strong>muebles de dise\u00f1o vers\u00e1til y funcional,<\/strong> como las sillas apilables, que resultan muy pr\u00e1cticas sin renunciar a una est\u00e9tica aut\u00e9ntica.<\/p>\n\n\n\n<p>La idea es que puedas<strong> reconfigurar c\u00f3modamente el espacio<\/strong>, ya sea para alargar mesas para adaptarte a distintas necesidades o para despejar y limpiar un \u00e1rea.<\/p>\n\n\n\n<figure class=\"wp-block-image size-large\"><img decoding=\"async\" width=\"708\" height=\"1024\" src=\"https:\/\/kaniel-agency.com\/wp-content\/uploads\/2024\/06\/tendencias-decoracion-cafeteria-kaniel-708x1024.png\" alt=\"\" class=\"wp-image-11613\" srcset=\"https:\/\/kaniel-agency.com\/wp-content\/uploads\/2024\/06\/tendencias-decoracion-cafeteria-kaniel-708x1024.png 708w, https:\/\/kaniel-agency.com\/wp-content\/uploads\/2024\/06\/tendencias-decoracion-cafeteria-kaniel-208x300.png 208w, https:\/\/kaniel-agency.com\/wp-content\/uploads\/2024\/06\/tendencias-decoracion-cafeteria-kaniel.png 732w\" sizes=\"(max-width: 708px) 100vw, 708px\" \/><\/figure>\n\n\n\n<h2 class=\"wp-block-heading\">Dise\u00f1o ergon\u00f3mico<\/h2>\n\n\n\n<p>La comodidad es clave para convencer a la clientela de que vuelva a tu cafeter\u00eda, por lo que los <strong>muebles ergon\u00f3micos<\/strong> son un b\u00e1sico imprescindible.<\/p>\n\n\n\n<p>Aseg\u00farate de que sillones, sof\u00e1s y sillas son c\u00f3modos, y de que su altura es la adecuada con respecto a las mesas.<\/p>\n\n\n\n<h2 class=\"wp-block-heading\">Iluminaci\u00f3n adecuada y acogedora para el bienestar de tus clientes<\/h2>\n\n\n\n<p>La iluminaci\u00f3n puede cambiar radicalmente la forma en la que se percibe la decoraci\u00f3n de interiores de un espacio y las sensaciones que transmite, por lo que no se debe descuidar.<\/p>\n\n\n\n<h3 class=\"wp-block-heading\">Iluminaci\u00f3n natural<\/h3>\n\n\n\n<p>Esto depende de las caracter\u00edsticas espec\u00edficas del local de tu cafeter\u00eda pero, si es posible,&nbsp;<\/p>\n\n\n\n<p>emplea grandes ventanas para <strong>maximizar la entrada de luz natural<\/strong>, mucho m\u00e1s agradable y acogedora durante el d\u00eda.&nbsp;&nbsp;<\/p>\n\n\n\n<h3 class=\"wp-block-heading\">L\u00e1mparas decorativas y funcionales<\/h3>\n\n\n\n<p>Las l\u00e1mparas son tanto decorativas como funcionales. Combina las <strong>l\u00e1mparas de pie o colgantes<\/strong> con tiras led para crear una iluminaci\u00f3n ambiental c\u00e1lida y con estilo.<\/p>\n\n\n\n<p>A partir de estas tendencias, crea tu propio estilo incorporando elementos que representen a tu marca para crear una cafeter\u00eda \u00fanica con la que seguro que triunfas.<\/p>\n","protected":false},"excerpt":{"rendered":"<p>El \u00e9xito de los locales de hosteler\u00eda y restauraci\u00f3n cada vez est\u00e1 m\u00e1s estrechamente relacionado con un aspecto original y llamativo, que incorpore las \u00faltimas tendencias en decoraci\u00f3n e interiorismo. Esto se debe a que una decoraci\u00f3n cuidada conseguir\u00e1 que la clientela comparta su experiencia en redes sociales, con im\u00e1genes del establecimiento y sus productos, [&hellip;]<\/p>\n","protected":false},"author":4,"featured_media":11611,"comment_status":"open","ping_status":"open","sticky":false,"template":"","format":"standard","meta":{"_acf_changed":false,"_ayudawp_aiss_exclude":false,"footnotes":""},"categories":[140],"tags":[45,190,48,95,43,35],"class_list":["post-11608","post","type-post","status-publish","format-standard","has-post-thumbnail","hentry","category-consejos","tag-decoracion","tag-decoracion-negocios","tag-diseno-interior","tag-ideas-de-decoracion-2","tag-muebles","tag-tendencias"],"acf":[],"yoast_head":"<!-- This site is optimized with the Yoast SEO plugin v27.4 - https:\/\/yoast.com\/product\/yoast-seo-wordpress\/ -->\n<title>Tendencias de decoraci\u00f3n para una cafeter\u00eda en 2024 &#8226; Kaniel Agency<\/title>\n<meta name=\"description\" content=\"Descubre las tendencias de decoraci\u00f3n para una cafeter\u00eda que marcar\u00e1n la diferencia en el ambiente y el estilo de tu negocio.\" \/>\n<meta name=\"robots\" content=\"index, follow, max-snippet:-1, max-image-preview:large, max-video-preview:-1\" \/>\n<link rel=\"canonical\" href=\"https:\/\/kaniel-agency.com\/es\/tendencias-decoracion-cafeteria-2024\/\" \/>\n<meta property=\"og:locale\" content=\"es_ES\" \/>\n<meta property=\"og:type\" content=\"article\" \/>\n<meta property=\"og:title\" content=\"Tendencias de decoraci\u00f3n para una cafeter\u00eda en 2024 &#8226; Kaniel Agency\" \/>\n<meta property=\"og:description\" content=\"Descubre las tendencias de decoraci\u00f3n para una cafeter\u00eda que marcar\u00e1n la diferencia en el ambiente y el estilo de tu negocio.\" \/>\n<meta property=\"og:url\" content=\"https:\/\/kaniel-agency.com\/es\/tendencias-decoracion-cafeteria-2024\/\" \/>\n<meta property=\"og:site_name\" content=\"Kaniel Agency\" \/>\n<meta property=\"article:publisher\" content=\"https:\/\/www.facebook.com\/kanielagency\/\" \/>\n<meta property=\"article:published_time\" content=\"2024-06-26T15:53:17+00:00\" \/>\n<meta property=\"og:image\" content=\"https:\/\/kaniel-agency.com\/wp-content\/uploads\/2024\/06\/muebles-cafeteria-kaniel.png\" \/>\n\t<meta property=\"og:image:width\" content=\"1260\" \/>\n\t<meta property=\"og:image:height\" content=\"884\" \/>\n\t<meta property=\"og:image:type\" content=\"image\/png\" \/>\n<meta name=\"author\" content=\"Elie\" \/>\n<meta name=\"twitter:card\" content=\"summary_large_image\" \/>\n<meta name=\"twitter:creator\" content=\"@kanielagency\" \/>\n<meta name=\"twitter:site\" content=\"@kanielagency\" \/>\n<meta name=\"twitter:label1\" content=\"Escrito por\" \/>\n\t<meta name=\"twitter:data1\" content=\"Elie\" \/>\n\t<meta name=\"twitter:label2\" content=\"Tiempo de lectura\" \/>\n\t<meta name=\"twitter:data2\" content=\"5 minutos\" \/>\n<script type=\"application\/ld+json\" class=\"yoast-schema-graph\">{\"@context\":\"https:\\\/\\\/schema.org\",\"@graph\":[{\"@type\":\"Article\",\"@id\":\"https:\\\/\\\/kaniel-agency.com\\\/es\\\/tendencias-decoracion-cafeteria-2024\\\/#article\",\"isPartOf\":{\"@id\":\"https:\\\/\\\/kaniel-agency.com\\\/es\\\/tendencias-decoracion-cafeteria-2024\\\/\"},\"author\":{\"name\":\"Elie\",\"@id\":\"https:\\\/\\\/kaniel-agency.com\\\/es\\\/#\\\/schema\\\/person\\\/5b7e56f899cf198ff9c70ae5a232e083\"},\"headline\":\"Tendencias de decoraci\u00f3n para una cafeter\u00eda en 2024\",\"datePublished\":\"2024-06-26T15:53:17+00:00\",\"mainEntityOfPage\":{\"@id\":\"https:\\\/\\\/kaniel-agency.com\\\/es\\\/tendencias-decoracion-cafeteria-2024\\\/\"},\"wordCount\":892,\"commentCount\":0,\"publisher\":{\"@id\":\"https:\\\/\\\/kaniel-agency.com\\\/es\\\/#organization\"},\"image\":{\"@id\":\"https:\\\/\\\/kaniel-agency.com\\\/es\\\/tendencias-decoracion-cafeteria-2024\\\/#primaryimage\"},\"thumbnailUrl\":\"https:\\\/\\\/kaniel-agency.com\\\/wp-content\\\/uploads\\\/2024\\\/06\\\/muebles-cafeteria-kaniel.png\",\"keywords\":[\"decoraci\u00f3n\",\"decoraci\u00f3n negocios\",\"dise\u00f1o interior\",\"ideas de decoraci\u00f3n\",\"muebles\",\"tendencias\"],\"articleSection\":[\"Consejos\"],\"inLanguage\":\"es\",\"potentialAction\":[{\"@type\":\"CommentAction\",\"name\":\"Comment\",\"target\":[\"https:\\\/\\\/kaniel-agency.com\\\/es\\\/tendencias-decoracion-cafeteria-2024\\\/#respond\"]}]},{\"@type\":\"WebPage\",\"@id\":\"https:\\\/\\\/kaniel-agency.com\\\/es\\\/tendencias-decoracion-cafeteria-2024\\\/\",\"url\":\"https:\\\/\\\/kaniel-agency.com\\\/es\\\/tendencias-decoracion-cafeteria-2024\\\/\",\"name\":\"Tendencias de decoraci\u00f3n para una cafeter\u00eda en 2024 &#8226; Kaniel Agency\",\"isPartOf\":{\"@id\":\"https:\\\/\\\/kaniel-agency.com\\\/es\\\/#website\"},\"primaryImageOfPage\":{\"@id\":\"https:\\\/\\\/kaniel-agency.com\\\/es\\\/tendencias-decoracion-cafeteria-2024\\\/#primaryimage\"},\"image\":{\"@id\":\"https:\\\/\\\/kaniel-agency.com\\\/es\\\/tendencias-decoracion-cafeteria-2024\\\/#primaryimage\"},\"thumbnailUrl\":\"https:\\\/\\\/kaniel-agency.com\\\/wp-content\\\/uploads\\\/2024\\\/06\\\/muebles-cafeteria-kaniel.png\",\"datePublished\":\"2024-06-26T15:53:17+00:00\",\"description\":\"Descubre las tendencias de decoraci\u00f3n para una cafeter\u00eda que marcar\u00e1n la diferencia en el ambiente y el estilo de tu negocio.\",\"breadcrumb\":{\"@id\":\"https:\\\/\\\/kaniel-agency.com\\\/es\\\/tendencias-decoracion-cafeteria-2024\\\/#breadcrumb\"},\"inLanguage\":\"es\",\"potentialAction\":[{\"@type\":\"ReadAction\",\"target\":[\"https:\\\/\\\/kaniel-agency.com\\\/es\\\/tendencias-decoracion-cafeteria-2024\\\/\"]}]},{\"@type\":\"ImageObject\",\"inLanguage\":\"es\",\"@id\":\"https:\\\/\\\/kaniel-agency.com\\\/es\\\/tendencias-decoracion-cafeteria-2024\\\/#primaryimage\",\"url\":\"https:\\\/\\\/kaniel-agency.com\\\/wp-content\\\/uploads\\\/2024\\\/06\\\/muebles-cafeteria-kaniel.png\",\"contentUrl\":\"https:\\\/\\\/kaniel-agency.com\\\/wp-content\\\/uploads\\\/2024\\\/06\\\/muebles-cafeteria-kaniel.png\",\"width\":1260,\"height\":884},{\"@type\":\"BreadcrumbList\",\"@id\":\"https:\\\/\\\/kaniel-agency.com\\\/es\\\/tendencias-decoracion-cafeteria-2024\\\/#breadcrumb\",\"itemListElement\":[{\"@type\":\"ListItem\",\"position\":1,\"name\":\"Inicio\",\"item\":\"https:\\\/\\\/kaniel-agency.com\\\/es\\\/\"},{\"@type\":\"ListItem\",\"position\":2,\"name\":\"Consejos\",\"item\":\"https:\\\/\\\/kaniel-agency.com\\\/es\\\/category\\\/consejos\\\/\"},{\"@type\":\"ListItem\",\"position\":3,\"name\":\"Tendencias de decoraci\u00f3n para una cafeter\u00eda en 2024\"}]},{\"@type\":\"WebSite\",\"@id\":\"https:\\\/\\\/kaniel-agency.com\\\/es\\\/#website\",\"url\":\"https:\\\/\\\/kaniel-agency.com\\\/es\\\/\",\"name\":\"Kaniel Agency\",\"description\":\"Interiorism &amp; life style agency\",\"publisher\":{\"@id\":\"https:\\\/\\\/kaniel-agency.com\\\/es\\\/#organization\"},\"potentialAction\":[{\"@type\":\"SearchAction\",\"target\":{\"@type\":\"EntryPoint\",\"urlTemplate\":\"https:\\\/\\\/kaniel-agency.com\\\/es\\\/?s={search_term_string}\"},\"query-input\":{\"@type\":\"PropertyValueSpecification\",\"valueRequired\":true,\"valueName\":\"search_term_string\"}}],\"inLanguage\":\"es\"},{\"@type\":\"Organization\",\"@id\":\"https:\\\/\\\/kaniel-agency.com\\\/es\\\/#organization\",\"name\":\"Kaniel Comercial, SL\",\"url\":\"https:\\\/\\\/kaniel-agency.com\\\/es\\\/\",\"logo\":{\"@type\":\"ImageObject\",\"inLanguage\":\"es\",\"@id\":\"https:\\\/\\\/kaniel-agency.com\\\/es\\\/#\\\/schema\\\/logo\\\/image\\\/\",\"url\":\"https:\\\/\\\/kaniel-agency.com\\\/wp-content\\\/uploads\\\/2020\\\/01\\\/logo-negro.svg\",\"contentUrl\":\"https:\\\/\\\/kaniel-agency.com\\\/wp-content\\\/uploads\\\/2020\\\/01\\\/logo-negro.svg\",\"width\":1,\"height\":1,\"caption\":\"Kaniel Comercial, SL\"},\"image\":{\"@id\":\"https:\\\/\\\/kaniel-agency.com\\\/es\\\/#\\\/schema\\\/logo\\\/image\\\/\"},\"sameAs\":[\"https:\\\/\\\/www.facebook.com\\\/kanielagency\\\/\",\"https:\\\/\\\/x.com\\\/kanielagency\",\"https:\\\/\\\/www.linkedin.com\\\/company\\\/kanielagency\\\/\",\"https:\\\/\\\/www.instagram.com\\\/kanielagency\\\/\"]},{\"@type\":\"Person\",\"@id\":\"https:\\\/\\\/kaniel-agency.com\\\/es\\\/#\\\/schema\\\/person\\\/5b7e56f899cf198ff9c70ae5a232e083\",\"name\":\"Elie\",\"image\":{\"@type\":\"ImageObject\",\"inLanguage\":\"es\",\"@id\":\"https:\\\/\\\/secure.gravatar.com\\\/avatar\\\/f19539a3cf8e4322d7139f805a32a8d23be64fb0d51386b972bce4e52c50dd83?s=96&d=https%3A%2F%2Fkaniel-agency.com%2Fwp-content%2Fuploads%2F2022%2F11%2Felie-halioui-kaniel-agency-scaled.jpg&r=g\",\"url\":\"https:\\\/\\\/secure.gravatar.com\\\/avatar\\\/f19539a3cf8e4322d7139f805a32a8d23be64fb0d51386b972bce4e52c50dd83?s=96&d=https%3A%2F%2Fkaniel-agency.com%2Fwp-content%2Fuploads%2F2022%2F11%2Felie-halioui-kaniel-agency-scaled.jpg&r=g\",\"contentUrl\":\"https:\\\/\\\/secure.gravatar.com\\\/avatar\\\/f19539a3cf8e4322d7139f805a32a8d23be64fb0d51386b972bce4e52c50dd83?s=96&d=https%3A%2F%2Fkaniel-agency.com%2Fwp-content%2Fuploads%2F2022%2F11%2Felie-halioui-kaniel-agency-scaled.jpg&r=g\",\"caption\":\"Elie\"},\"description\":\"CEO de Kaniel Agency. Formado en gesti\u00f3n empresarial y marketing de la mano de ESIC y con gran experiencia comercial en el \u00e1mbito de las relaciones p\u00fablicas, viajes corporativos y organizaci\u00f3n de eventos. Apasionado de la decoraci\u00f3n y el interiorismo as\u00ed como del deporte, la cocina y los viajes. Su experiencia en el sector de la decoraci\u00f3n empieza hace m\u00e1s de 20 a\u00f1os como Director en Espa\u00f1a de la filial Silea, France Gift. Kaniel Agency opera desde 2015 donde disfruta cada d\u00eda desarrollando su profesi\u00f3n: \\\"Estar al mando de Kaniel Agency me permite ser independiente en mis decisiones profesionales, desarrollar las marcas y productos que me gustan, y ayudar a clientes, representantes y marcas a desarrollar sus objetivos. Al tratarse para mi de una de mis aficiones, disfruto cada d\u00eda haciendo lo que m\u00e1s me gusta.\\\"\",\"sameAs\":[\"https:\\\/\\\/instagram.com\\\/eliehaliouaatt\",\"https:\\\/\\\/www.linkedin.com\\\/in\\\/kanielagency\\\/\"],\"url\":\"https:\\\/\\\/kaniel-agency.com\\\/es\\\/author\\\/elie\\\/\"}]}<\/script>\n<!-- \/ Yoast SEO plugin. -->","yoast_head_json":{"title":"Tendencias de decoraci\u00f3n para una cafeter\u00eda en 2024 &#8226; Kaniel Agency","description":"Descubre las tendencias de decoraci\u00f3n para una cafeter\u00eda que marcar\u00e1n la diferencia en el ambiente y el estilo de tu negocio.","robots":{"index":"index","follow":"follow","max-snippet":"max-snippet:-1","max-image-preview":"max-image-preview:large","max-video-preview":"max-video-preview:-1"},"canonical":"https:\/\/kaniel-agency.com\/es\/tendencias-decoracion-cafeteria-2024\/","og_locale":"es_ES","og_type":"article","og_title":"Tendencias de decoraci\u00f3n para una cafeter\u00eda en 2024 &#8226; Kaniel Agency","og_description":"Descubre las tendencias de decoraci\u00f3n para una cafeter\u00eda que marcar\u00e1n la diferencia en el ambiente y el estilo de tu negocio.","og_url":"https:\/\/kaniel-agency.com\/es\/tendencias-decoracion-cafeteria-2024\/","og_site_name":"Kaniel Agency","article_publisher":"https:\/\/www.facebook.com\/kanielagency\/","article_published_time":"2024-06-26T15:53:17+00:00","og_image":[{"width":1260,"height":884,"url":"https:\/\/kaniel-agency.com\/wp-content\/uploads\/2024\/06\/muebles-cafeteria-kaniel.png","type":"image\/png"}],"author":"Elie","twitter_card":"summary_large_image","twitter_creator":"@kanielagency","twitter_site":"@kanielagency","twitter_misc":{"Escrito por":"Elie","Tiempo de lectura":"5 minutos"},"schema":{"@context":"https:\/\/schema.org","@graph":[{"@type":"Article","@id":"https:\/\/kaniel-agency.com\/es\/tendencias-decoracion-cafeteria-2024\/#article","isPartOf":{"@id":"https:\/\/kaniel-agency.com\/es\/tendencias-decoracion-cafeteria-2024\/"},"author":{"name":"Elie","@id":"https:\/\/kaniel-agency.com\/es\/#\/schema\/person\/5b7e56f899cf198ff9c70ae5a232e083"},"headline":"Tendencias de decoraci\u00f3n para una cafeter\u00eda en 2024","datePublished":"2024-06-26T15:53:17+00:00","mainEntityOfPage":{"@id":"https:\/\/kaniel-agency.com\/es\/tendencias-decoracion-cafeteria-2024\/"},"wordCount":892,"commentCount":0,"publisher":{"@id":"https:\/\/kaniel-agency.com\/es\/#organization"},"image":{"@id":"https:\/\/kaniel-agency.com\/es\/tendencias-decoracion-cafeteria-2024\/#primaryimage"},"thumbnailUrl":"https:\/\/kaniel-agency.com\/wp-content\/uploads\/2024\/06\/muebles-cafeteria-kaniel.png","keywords":["decoraci\u00f3n","decoraci\u00f3n negocios","dise\u00f1o interior","ideas de decoraci\u00f3n","muebles","tendencias"],"articleSection":["Consejos"],"inLanguage":"es","potentialAction":[{"@type":"CommentAction","name":"Comment","target":["https:\/\/kaniel-agency.com\/es\/tendencias-decoracion-cafeteria-2024\/#respond"]}]},{"@type":"WebPage","@id":"https:\/\/kaniel-agency.com\/es\/tendencias-decoracion-cafeteria-2024\/","url":"https:\/\/kaniel-agency.com\/es\/tendencias-decoracion-cafeteria-2024\/","name":"Tendencias de decoraci\u00f3n para una cafeter\u00eda en 2024 &#8226; Kaniel Agency","isPartOf":{"@id":"https:\/\/kaniel-agency.com\/es\/#website"},"primaryImageOfPage":{"@id":"https:\/\/kaniel-agency.com\/es\/tendencias-decoracion-cafeteria-2024\/#primaryimage"},"image":{"@id":"https:\/\/kaniel-agency.com\/es\/tendencias-decoracion-cafeteria-2024\/#primaryimage"},"thumbnailUrl":"https:\/\/kaniel-agency.com\/wp-content\/uploads\/2024\/06\/muebles-cafeteria-kaniel.png","datePublished":"2024-06-26T15:53:17+00:00","description":"Descubre las tendencias de decoraci\u00f3n para una cafeter\u00eda que marcar\u00e1n la diferencia en el ambiente y el estilo de tu negocio.","breadcrumb":{"@id":"https:\/\/kaniel-agency.com\/es\/tendencias-decoracion-cafeteria-2024\/#breadcrumb"},"inLanguage":"es","potentialAction":[{"@type":"ReadAction","target":["https:\/\/kaniel-agency.com\/es\/tendencias-decoracion-cafeteria-2024\/"]}]},{"@type":"ImageObject","inLanguage":"es","@id":"https:\/\/kaniel-agency.com\/es\/tendencias-decoracion-cafeteria-2024\/#primaryimage","url":"https:\/\/kaniel-agency.com\/wp-content\/uploads\/2024\/06\/muebles-cafeteria-kaniel.png","contentUrl":"https:\/\/kaniel-agency.com\/wp-content\/uploads\/2024\/06\/muebles-cafeteria-kaniel.png","width":1260,"height":884},{"@type":"BreadcrumbList","@id":"https:\/\/kaniel-agency.com\/es\/tendencias-decoracion-cafeteria-2024\/#breadcrumb","itemListElement":[{"@type":"ListItem","position":1,"name":"Inicio","item":"https:\/\/kaniel-agency.com\/es\/"},{"@type":"ListItem","position":2,"name":"Consejos","item":"https:\/\/kaniel-agency.com\/es\/category\/consejos\/"},{"@type":"ListItem","position":3,"name":"Tendencias de decoraci\u00f3n para una cafeter\u00eda en 2024"}]},{"@type":"WebSite","@id":"https:\/\/kaniel-agency.com\/es\/#website","url":"https:\/\/kaniel-agency.com\/es\/","name":"Kaniel Agency","description":"Interiorism &amp; life style agency","publisher":{"@id":"https:\/\/kaniel-agency.com\/es\/#organization"},"potentialAction":[{"@type":"SearchAction","target":{"@type":"EntryPoint","urlTemplate":"https:\/\/kaniel-agency.com\/es\/?s={search_term_string}"},"query-input":{"@type":"PropertyValueSpecification","valueRequired":true,"valueName":"search_term_string"}}],"inLanguage":"es"},{"@type":"Organization","@id":"https:\/\/kaniel-agency.com\/es\/#organization","name":"Kaniel Comercial, SL","url":"https:\/\/kaniel-agency.com\/es\/","logo":{"@type":"ImageObject","inLanguage":"es","@id":"https:\/\/kaniel-agency.com\/es\/#\/schema\/logo\/image\/","url":"https:\/\/kaniel-agency.com\/wp-content\/uploads\/2020\/01\/logo-negro.svg","contentUrl":"https:\/\/kaniel-agency.com\/wp-content\/uploads\/2020\/01\/logo-negro.svg","width":1,"height":1,"caption":"Kaniel Comercial, SL"},"image":{"@id":"https:\/\/kaniel-agency.com\/es\/#\/schema\/logo\/image\/"},"sameAs":["https:\/\/www.facebook.com\/kanielagency\/","https:\/\/x.com\/kanielagency","https:\/\/www.linkedin.com\/company\/kanielagency\/","https:\/\/www.instagram.com\/kanielagency\/"]},{"@type":"Person","@id":"https:\/\/kaniel-agency.com\/es\/#\/schema\/person\/5b7e56f899cf198ff9c70ae5a232e083","name":"Elie","image":{"@type":"ImageObject","inLanguage":"es","@id":"https:\/\/secure.gravatar.com\/avatar\/f19539a3cf8e4322d7139f805a32a8d23be64fb0d51386b972bce4e52c50dd83?s=96&d=https%3A%2F%2Fkaniel-agency.com%2Fwp-content%2Fuploads%2F2022%2F11%2Felie-halioui-kaniel-agency-scaled.jpg&r=g","url":"https:\/\/secure.gravatar.com\/avatar\/f19539a3cf8e4322d7139f805a32a8d23be64fb0d51386b972bce4e52c50dd83?s=96&d=https%3A%2F%2Fkaniel-agency.com%2Fwp-content%2Fuploads%2F2022%2F11%2Felie-halioui-kaniel-agency-scaled.jpg&r=g","contentUrl":"https:\/\/secure.gravatar.com\/avatar\/f19539a3cf8e4322d7139f805a32a8d23be64fb0d51386b972bce4e52c50dd83?s=96&d=https%3A%2F%2Fkaniel-agency.com%2Fwp-content%2Fuploads%2F2022%2F11%2Felie-halioui-kaniel-agency-scaled.jpg&r=g","caption":"Elie"},"description":"CEO de Kaniel Agency. Formado en gesti\u00f3n empresarial y marketing de la mano de ESIC y con gran experiencia comercial en el \u00e1mbito de las relaciones p\u00fablicas, viajes corporativos y organizaci\u00f3n de eventos. Apasionado de la decoraci\u00f3n y el interiorismo as\u00ed como del deporte, la cocina y los viajes. Su experiencia en el sector de la decoraci\u00f3n empieza hace m\u00e1s de 20 a\u00f1os como Director en Espa\u00f1a de la filial Silea, France Gift. Kaniel Agency opera desde 2015 donde disfruta cada d\u00eda desarrollando su profesi\u00f3n: \"Estar al mando de Kaniel Agency me permite ser independiente en mis decisiones profesionales, desarrollar las marcas y productos que me gustan, y ayudar a clientes, representantes y marcas a desarrollar sus objetivos. Al tratarse para mi de una de mis aficiones, disfruto cada d\u00eda haciendo lo que m\u00e1s me gusta.\"","sameAs":["https:\/\/instagram.com\/eliehaliouaatt","https:\/\/www.linkedin.com\/in\/kanielagency\/"],"url":"https:\/\/kaniel-agency.com\/es\/author\/elie\/"}]}},"_links":{"self":[{"href":"https:\/\/kaniel-agency.com\/es\/wp-json\/wp\/v2\/posts\/11608","targetHints":{"allow":["GET"]}}],"collection":[{"href":"https:\/\/kaniel-agency.com\/es\/wp-json\/wp\/v2\/posts"}],"about":[{"href":"https:\/\/kaniel-agency.com\/es\/wp-json\/wp\/v2\/types\/post"}],"author":[{"embeddable":true,"href":"https:\/\/kaniel-agency.com\/es\/wp-json\/wp\/v2\/users\/4"}],"replies":[{"embeddable":true,"href":"https:\/\/kaniel-agency.com\/es\/wp-json\/wp\/v2\/comments?post=11608"}],"version-history":[{"count":1,"href":"https:\/\/kaniel-agency.com\/es\/wp-json\/wp\/v2\/posts\/11608\/revisions"}],"predecessor-version":[{"id":11615,"href":"https:\/\/kaniel-agency.com\/es\/wp-json\/wp\/v2\/posts\/11608\/revisions\/11615"}],"wp:featuredmedia":[{"embeddable":true,"href":"https:\/\/kaniel-agency.com\/es\/wp-json\/wp\/v2\/media\/11611"}],"wp:attachment":[{"href":"https:\/\/kaniel-agency.com\/es\/wp-json\/wp\/v2\/media?parent=11608"}],"wp:term":[{"taxonomy":"category","embeddable":true,"href":"https:\/\/kaniel-agency.com\/es\/wp-json\/wp\/v2\/categories?post=11608"},{"taxonomy":"post_tag","embeddable":true,"href":"https:\/\/kaniel-agency.com\/es\/wp-json\/wp\/v2\/tags?post=11608"}],"curies":[{"name":"wp","href":"https:\/\/api.w.org\/{rel}","templated":true}]}}